{"id":104794,"date":"2016-11-24T16:08:05","date_gmt":"2016-11-24T19:08:05","guid":{"rendered":"http:\/\/www.r2cpress.com.br\/v1\/?p=104794"},"modified":"2016-11-24T16:08:05","modified_gmt":"2016-11-24T19:08:05","slug":"na-arena-esportiva-jovens-conhecem-e-vivenciam-oito-modalidades-olimpicas","status":"publish","type":"post","link":"https:\/\/www.r2cpress.com.br\/v1\/2016\/11\/24\/na-arena-esportiva-jovens-conhecem-e-vivenciam-oito-modalidades-olimpicas\/","title":{"rendered":"Na Arena Esportiva, jovens conhecem e vivenciam oito modalidades ol\u00edmpicas"},"content":{"rendered":"<p><em>Aberta nesta quinta (24) pela Setre e Sudesb, a pra\u00e7a esportiva est\u00e1 instalada no Parque Costa Azul e \u00e9 parte do projeto Bahia Territ\u00f3rio Esportivo, que ter\u00e1 a\u00e7\u00e3o em Salvador e em mais quatro munic\u00edpios baianos<\/em><\/p>\n<div id=\"attachment_104795\" style=\"width: 610px\" class=\"wp-caption aligncenter\"><a href=\"http:\/\/www.r2cpress.com.br\/v1\/wp-content\/uploads\/2016\/11\/30408723423_499010e3c6_k.jpg\"><img aria-describedby=\"caption-attachment-104795\" loading=\"lazy\" class=\"size-full wp-image-104795\" src=\"http:\/\/www.r2cpress.com.br\/v1\/wp-content\/uploads\/2016\/11\/30408723423_499010e3c6_k.jpg\" alt=\"SUDESB\" width=\"600\" height=\"400\" srcset=\"https:\/\/www.r2cpress.com.br\/v1\/wp-content\/uploads\/2016\/11\/30408723423_499010e3c6_k.jpg 600w, https:\/\/www.r2cpress.com.br\/v1\/wp-content\/uploads\/2016\/11\/30408723423_499010e3c6_k-300x200.jpg 300w\" sizes=\"(max-width: 600px) 100vw, 600px\" \/><\/a><p id=\"caption-attachment-104795\" class=\"wp-caption-text\">SUDESB<\/p><\/div>\n<p>Uma aula diferente, com direito a conhecer e a experimentar novas modalidades esportivas at\u00e9 ent\u00e3o vistas somente atrav\u00e9s da TV. Isso \u00e9 o que se prop\u00f5e a Arena Bahia Territ\u00f3rio Esportivo montada at\u00e9 s\u00e1bado, 26, no estacionamento do Parque Costa Azul, em Salvador, e que na manh\u00e3 desta quinta-feira, 24, esteve movimentada com a presen\u00e7a dos alunos do Col\u00e9gio Estadual M\u00e1rio Augusto Teixeira de Freitas e das escolas municipais Joir Brasileiro e Ant\u00f4nio Carlos Magalh\u00e3es.<\/p>\n<p>Muitos dos garotos e garotas presentes estavam tendo contato com algumas das oito modalidades esportivas oferecidas no espa\u00e7o pela primeira vez, como \u00e9 o caso do aluno \u00cdcaro Gabriel Barbosa dos Santos, 15 anos. Ele conta que at\u00e9 ent\u00e3o nunca havia segurado uma raquete e jogado t\u00eanis de mesa, primeira categoria experimentada pelo jovem na pra\u00e7a esportiva que oferece, ainda, a pr\u00e1tica de badminton, basquete, atletismo, handebol, luta ol\u00edmpica, jud\u00f4 e paradesporto.<\/p>\n<p><!--more--><\/p>\n<p>\u00cdcaro Gabriel destacou como importante do Projeto Bahia Territ\u00f3rio Esportivo &#8220;a oportunidade dada de conhecer regras e s\u00edmbolos do esporte, al\u00e9m de possibilitar o reconhecimento de algum novo talento. \u00c9 uma experi\u00eancia nova para muitos que aqui est\u00e3o&#8221;, destacou o jovem, que deu nota 10 para a iniciativa da Superintend\u00eancia dos Desportos do Estado da Bahia, Sudesb, autarquia da Secretaria do Trabalho, Emprego, Renda e Esporte, com o apoio do Minist\u00e9rio do Esporte.<\/p>\n<p>As colegas Nayla B\u00e1rbara Santos e Aiana Silva de Andrade, ambas de 10 anos e alunas do 4\u00ba ano da escola municipal ACM, tiveram a sua primeira experi\u00eancia em sentar e se locomover numa cadeira de rodas adaptada para o basquete. Mesmo a bola passando longe da cesta, o importante naquele momento foi experimentar a sensa\u00e7\u00e3o de estar no &#8220;lugar&#8221; de um paratleta.&#8221;Muito legal, e n\u00e3o achei dif\u00edcil&#8221;, arriscou a dizer Nayla, tendo ao seu lado a pequena Aiana, que deu nota &#8220;100 mil&#8221; para a a\u00e7\u00e3o.<\/p>\n<p>Respons\u00e1vel por um grupo de 17 alunos do Teixeira de Freitas com idade entre 15 e 17 anos, o professor de educa\u00e7\u00e3o f\u00edsica Pedro Macedo tamb\u00e9m elogiou a atividade recreativa-educativa. &#8220;Muito importante tirarmos esses jovens que hoje vivem somente no mundo digital para uma atividade como essa, onde t\u00eam a oportunidade de experimentar e conhecer novos esportes. Aqui temos alunos basicamente de escolas p\u00fablicas, que n\u00e3o vivem experi\u00eancia como essa no seu cotidiano, por isso est\u00e1 sendo muito gratificante estar participando desse momento com eles&#8221;, disse o professor.<\/p>\n<p><strong>Olimp\u00edada<\/strong> \u2013 Convidado para a cerim\u00f4nia que marcou oficialmente a abertura da Arena Esportiva na manh\u00e3 desta quinta-feira, 24, o atleta ol\u00edmpico de maratonas aqu\u00e1ticas Allan do Carmo elogiou o projeto, dizendo ter achado interessante a a\u00e7\u00e3o por estar incentivando a garotada com aulas te\u00f3ricas e pr\u00e1ticas sobre diferentes modalidades esportivas. &#8220;Fui informado de que nas cl\u00ednicas que est\u00e3o acontecendo nas escolas, os alunos conhecem um pouco mais sobre a historia da Olimp\u00edada e a sua simbologia. \u00c9 interessante que eles percebam que o esporte n\u00e3o \u00e9 apenas uma atividade f\u00edsica, compreendendo que a olimp\u00edada tamb\u00e9m representa a paz, pois no per\u00edodo em que \u00e9 realizada, a cada quatro anos, todo o mundo se une em prol de uma a\u00e7\u00e3o&#8221;, lembrou Allan, que representou o Brasil nos Jogos Rio 2016.<\/p>\n<p>Al\u00e9m do atleta de maratona aqu\u00e1tica, visitaram tamb\u00e9m a Arena Esportiva o paratleta de triathlon Leonardo Curvello; \u00a0Bruno Jacob, vice-campe\u00e3o mundial de jet ski; Alison Bonfim, campe\u00e3o brasileiro de taekwondo \u2013 todos eles apoiados pelo governo do estado, por meio do programa de incentivo FazAtleta. Al\u00e9m dos atletas, estiveram tamb\u00e9m presentes o secret\u00e1rio do Trabalho e Esporte, \u00c1lvaro Gomes; o diretor geral da Sudesb, Elias Dourado; os deputados estaduais Raimundo Nonato Tavares Bob\u00f4 e Z\u00f3; o vereador de Salvador Everaldo Augusto, o presidente da Federa\u00e7\u00e3o Baiana de Basquete, Roberto Jos\u00e9 Fernandes, dentre outros.<\/p>\n<p>A Arena Bahia Territ\u00f3rio Esportivo segue com atividades em Salvador at\u00e9 as 13h de s\u00e1bado, 26. Na semana que vem, inicia o roteiro que ir\u00e1 cumprir nas cidades de Vit\u00f3ria da Conquista (27\/11 a 03\/12), Itabuna (05 a 10\/12), Cama\u00e7ari (11 a 17\/12) e finalmente Juazeiro (18 a 24\/12), totalizando 35 dias de atividades realizadas por uma equipe de 100 pessoas entre colaboradores e instrutores especializados na pr\u00e1tica dos esportes ol\u00edmpicos e paral\u00edmpicos.<\/p>\n","protected":false},"excerpt":{"rendered":"<p>Aberta nesta quinta (24) pela Setre e Sudesb, a pra\u00e7a esportiva est\u00e1 instalada no Parque Costa Azul e \u00e9 parte do projeto Bahia Territ\u00f3rio Esportivo, que ter\u00e1 a\u00e7\u00e3o em Salvador e em mais quatro munic\u00edpios baianos Uma aula diferente, com direito a conhecer e a experimentar novas modalidades esportivas at\u00e9 ent\u00e3o vistas somente atrav\u00e9s da [&hellip;]<\/p>\n","protected":false},"author":2,"featured_media":0,"comment_status":"open","ping_status":"open","sticky":false,"template":"","format":"standard","meta":{"_links_to":"","_links_to_target":""},"categories":[11,29],"tags":[],"_links":{"self":[{"href":"https:\/\/www.r2cpress.com.br\/v1\/wp-json\/wp\/v2\/posts\/104794"}],"collection":[{"href":"https:\/\/www.r2cpress.com.br\/v1\/wp-json\/wp\/v2\/posts"}],"about":[{"href":"https:\/\/www.r2cpress.com.br\/v1\/wp-json\/wp\/v2\/types\/post"}],"author":[{"embeddable":true,"href":"https:\/\/www.r2cpress.com.br\/v1\/wp-json\/wp\/v2\/users\/2"}],"replies":[{"embeddable":true,"href":"https:\/\/www.r2cpress.com.br\/v1\/wp-json\/wp\/v2\/comments?post=104794"}],"version-history":[{"count":2,"href":"https:\/\/www.r2cpress.com.br\/v1\/wp-json\/wp\/v2\/posts\/104794\/revisions"}],"predecessor-version":[{"id":104797,"href":"https:\/\/www.r2cpress.com.br\/v1\/wp-json\/wp\/v2\/posts\/104794\/revisions\/104797"}],"wp:attachment":[{"href":"https:\/\/www.r2cpress.com.br\/v1\/wp-json\/wp\/v2\/media?parent=104794"}],"wp:term":[{"taxonomy":"category","embeddable":true,"href":"https:\/\/www.r2cpress.com.br\/v1\/wp-json\/wp\/v2\/categories?post=104794"},{"taxonomy":"post_tag","embeddable":true,"href":"https:\/\/www.r2cpress.com.br\/v1\/wp-json\/wp\/v2\/tags?post=104794"}],"curies":[{"name":"wp","href":"https:\/\/api.w.org\/{rel}","templated":true}]}}