{"id":104816,"date":"2016-11-25T10:09:06","date_gmt":"2016-11-25T13:09:06","guid":{"rendered":"http:\/\/www.r2cpress.com.br\/v1\/?p=104816"},"modified":"2016-11-25T10:09:06","modified_gmt":"2016-11-25T13:09:06","slug":"no-gotas-de-paz-785","status":"publish","type":"post","link":"https:\/\/www.r2cpress.com.br\/v1\/2016\/11\/25\/no-gotas-de-paz-785\/","title":{"rendered":"No GOTAS DE PAZ"},"content":{"rendered":"<h1 class=\"entry-title post-title\" style=\"text-align: center;\"><span style=\"color: #0000ff;\"><strong>Arrependimento<\/strong><\/span><\/h1>\n<div class=\"fb-quote fb_iframe_widget\"><\/div>\n<div class=\"fb-quote fb_iframe_widget\">Se voc\u00ea est\u00e1 arrependido, lembre-se de que s\u00f3 \u00e9 v\u00e1lido sob todos os aspectos,\u00a0o arrependimento que leva \u00e0 repara\u00e7\u00e3o da falta cometida:<\/div>\n<div class=\"fb-quote fb_iframe_widget\">Se por palavras ofendeu, busque o perd\u00e3o do ofendido.<\/div>\n<article>\n<div id=\"article\">\n<p>Se por atos causou danos ou destruiu, indenize o prejudicado, reconstrua o destru\u00eddo.<br \/>\nSe por pensamentos desejou o mal ou prevaricou,\u00a0conscientize-se disso fundamente, reeduque-se,\u00a0conhe\u00e7a-se a si mesmo e moralmente se transforme para viver em paz com a pr\u00f3pria consci\u00eancia.<br \/>\nSentir-se pesaroso, bater no peito e entregar-se a penit\u00eancias pode ter,\u00a0de fato tem um valor simplesmente pessoal:<br \/>\nAmeniza a ang\u00fastia daquele que errou. Mas, o que realmente se espera,\u00a0\u00e9 que ele repare o erro de modo claro e preciso.<\/p>\n<p><span style=\"color: #0000ff;\"><em><strong>www.gotasdepaz.com.br<\/strong><\/em><\/span><\/p>\n<div class=\"clear\"><\/div>\n<\/div>\n<\/article>\n","protected":false},"excerpt":{"rendered":"<p>Arrependimento Se voc\u00ea est\u00e1 arrependido, lembre-se de que s\u00f3 \u00e9 v\u00e1lido sob todos os aspectos,\u00a0o arrependimento que leva \u00e0 repara\u00e7\u00e3o da falta cometida: Se por palavras ofendeu, busque o perd\u00e3o do ofendido. Se por atos causou danos ou destruiu, indenize o prejudicado, reconstrua o destru\u00eddo. Se por pensamentos desejou o mal ou prevaricou,\u00a0conscientize-se disso fundamente, [&hellip;]<\/p>\n","protected":false},"author":2,"featured_media":0,"comment_status":"open","ping_status":"open","sticky":false,"template":"","format":"standard","meta":{"_links_to":"","_links_to_target":""},"categories":[17],"tags":[],"_links":{"self":[{"href":"https:\/\/www.r2cpress.com.br\/v1\/wp-json\/wp\/v2\/posts\/104816"}],"collection":[{"href":"https:\/\/www.r2cpress.com.br\/v1\/wp-json\/wp\/v2\/posts"}],"about":[{"href":"https:\/\/www.r2cpress.com.br\/v1\/wp-json\/wp\/v2\/types\/post"}],"author":[{"embeddable":true,"href":"https:\/\/www.r2cpress.com.br\/v1\/wp-json\/wp\/v2\/users\/2"}],"replies":[{"embeddable":true,"href":"https:\/\/www.r2cpress.com.br\/v1\/wp-json\/wp\/v2\/comments?post=104816"}],"version-history":[{"count":1,"href":"https:\/\/www.r2cpress.com.br\/v1\/wp-json\/wp\/v2\/posts\/104816\/revisions"}],"predecessor-version":[{"id":104817,"href":"https:\/\/www.r2cpress.com.br\/v1\/wp-json\/wp\/v2\/posts\/104816\/revisions\/104817"}],"wp:attachment":[{"href":"https:\/\/www.r2cpress.com.br\/v1\/wp-json\/wp\/v2\/media?parent=104816"}],"wp:term":[{"taxonomy":"category","embeddable":true,"href":"https:\/\/www.r2cpress.com.br\/v1\/wp-json\/wp\/v2\/categories?post=104816"},{"taxonomy":"post_tag","embeddable":true,"href":"https:\/\/www.r2cpress.com.br\/v1\/wp-json\/wp\/v2\/tags?post=104816"}],"curies":[{"name":"wp","href":"https:\/\/api.w.org\/{rel}","templated":true}]}}