{"id":104826,"date":"2016-11-25T18:17:50","date_gmt":"2016-11-25T21:17:50","guid":{"rendered":"http:\/\/www.r2cpress.com.br\/v1\/?p=104826"},"modified":"2016-11-25T18:17:50","modified_gmt":"2016-11-25T21:17:50","slug":"sudesb-apoia-eventos-esportivos-em-salvador","status":"publish","type":"post","link":"https:\/\/www.r2cpress.com.br\/v1\/2016\/11\/25\/sudesb-apoia-eventos-esportivos-em-salvador\/","title":{"rendered":"Sudesb apoia eventos esportivos em Salvador"},"content":{"rendered":"<p>Dois eventos esportivos com apoio do Governo do Estado, por meio da Superintend\u00eancia dos Desportos do Estado da Bahia (Sudesb), prometem agitar este s\u00e1bado na capital. O Gin\u00e1sio Poliesportivo de Cajazeiras vai receber no s\u00e1bado (26), o Festival Esportivo Zumbi dos Palmares. Tamb\u00e9m no s\u00e1bado, no Parque Costa Azul, em Salvador, acontece a Arena Bahia Territ\u00f3rio Esportivo. Outro evento \u00e9 a Copa Norte Nordeste de Remo, em Aracaju, onde a Sudesb disponibilizou um \u00f4nibus para o transporte dos atletas e t\u00e9cnicos baianos.<\/p>\n<p><strong>Festival Esportivo Zumbi dos Palmares \u2013<\/strong> A partir das 09h do s\u00e1bado (26), cerca de 150 crian\u00e7as e adolescentes dos bairros da Ribeira, Parque S\u00e3o Bartolomeu, Rio Sena e Piraj\u00e1, v\u00e3o se apresentar nas modalidades de boxe, karat\u00ea e capoeira, no Gin\u00e1sio Poliesportivo de Cajazeiras. O festival faz parte da programa\u00e7\u00e3o do Novembro Negro.<\/p>\n<p><strong>Arena Bahia Territ\u00f3rio Esportivo \u2013 <\/strong>No Parque Costa Azul, at\u00e9 as 13h de s\u00e1bado, 26, a arena estar\u00e1 aberta para quem se interessar em conhecer e experimentar um pouco do esporte ol\u00edmpico, como atletismo, jud\u00f4, luta ol\u00edmpica, t\u00eanis de mesa, basquete, badminton, handebol e paradesporto.\u00a0Ap\u00f3s Salvador, o projeto segue para as cidades de Vit\u00f3ria da Conquista (27\/11 a 03\/12), Itabuna (05 a 10\/12), Cama\u00e7ari (11 a 17\/12) e finalmente Juazeiro (18 a 24\/12).<\/p>\n<p><strong>Copa Norte Nordeste de Remo \u2013 <\/strong>Cerca de 40 atletas e t\u00e9cnicos viajaram na \u00faltima quinta-feira (24) para Aracaju com apoio da Sudesb. As finais da competi\u00e7\u00e3o acontecem neste final de semana (26 e 27 de novembro), a partir das 09h. Ao todo, est\u00e3o na disputa 19 clubes de sete estados: Bahia, Distrito Federal, Esp\u00edrito Santo, Par\u00e1, Pernambuco, Rio Grande do Norte e Sergipe.<\/p>\n","protected":false},"excerpt":{"rendered":"<p>Dois eventos esportivos com apoio do Governo do Estado, por meio da Superintend\u00eancia dos Desportos do Estado da Bahia (Sudesb), prometem agitar este s\u00e1bado na capital. O Gin\u00e1sio Poliesportivo de Cajazeiras vai receber no s\u00e1bado (26), o Festival Esportivo Zumbi dos Palmares. Tamb\u00e9m no s\u00e1bado, no Parque Costa Azul, em Salvador, acontece a Arena Bahia [&hellip;]<\/p>\n","protected":false},"author":2,"featured_media":0,"comment_status":"open","ping_status":"open","sticky":false,"template":"","format":"standard","meta":{"_links_to":"","_links_to_target":""},"categories":[11,29],"tags":[],"_links":{"self":[{"href":"https:\/\/www.r2cpress.com.br\/v1\/wp-json\/wp\/v2\/posts\/104826"}],"collection":[{"href":"https:\/\/www.r2cpress.com.br\/v1\/wp-json\/wp\/v2\/posts"}],"about":[{"href":"https:\/\/www.r2cpress.com.br\/v1\/wp-json\/wp\/v2\/types\/post"}],"author":[{"embeddable":true,"href":"https:\/\/www.r2cpress.com.br\/v1\/wp-json\/wp\/v2\/users\/2"}],"replies":[{"embeddable":true,"href":"https:\/\/www.r2cpress.com.br\/v1\/wp-json\/wp\/v2\/comments?post=104826"}],"version-history":[{"count":1,"href":"https:\/\/www.r2cpress.com.br\/v1\/wp-json\/wp\/v2\/posts\/104826\/revisions"}],"predecessor-version":[{"id":104827,"href":"https:\/\/www.r2cpress.com.br\/v1\/wp-json\/wp\/v2\/posts\/104826\/revisions\/104827"}],"wp:attachment":[{"href":"https:\/\/www.r2cpress.com.br\/v1\/wp-json\/wp\/v2\/media?parent=104826"}],"wp:term":[{"taxonomy":"category","embeddable":true,"href":"https:\/\/www.r2cpress.com.br\/v1\/wp-json\/wp\/v2\/categories?post=104826"},{"taxonomy":"post_tag","embeddable":true,"href":"https:\/\/www.r2cpress.com.br\/v1\/wp-json\/wp\/v2\/tags?post=104826"}],"curies":[{"name":"wp","href":"https:\/\/api.w.org\/{rel}","templated":true}]}}