{"id":104870,"date":"2016-11-28T15:33:37","date_gmt":"2016-11-28T18:33:37","guid":{"rendered":"http:\/\/www.r2cpress.com.br\/v1\/?p=104870"},"modified":"2016-11-28T15:33:37","modified_gmt":"2016-11-28T18:33:37","slug":"bahia-territorio-esportivo-chega-a-vitoria-da-conquista","status":"publish","type":"post","link":"https:\/\/www.r2cpress.com.br\/v1\/2016\/11\/28\/bahia-territorio-esportivo-chega-a-vitoria-da-conquista\/","title":{"rendered":"Bahia Territ\u00f3rio Esportivo chega a Vit\u00f3ria da Conquista"},"content":{"rendered":"<p><em>Durante uma semana, crian\u00e7as e adultos poder\u00e3o vivenciar o clima ol\u00edmpico que tomou conta do Brasil neste ano de 2016<\/em><\/p>\n<p><div id=\"attachment_104871\" style=\"width: 320px\" class=\"wp-caption alignright\"><a href=\"http:\/\/www.r2cpress.com.br\/v1\/wp-content\/uploads\/2016\/11\/VITORIA-DA-CONQUISTA-.jpg\"><img aria-describedby=\"caption-attachment-104871\" loading=\"lazy\" src=\"http:\/\/www.r2cpress.com.br\/v1\/wp-content\/uploads\/2016\/11\/VITORIA-DA-CONQUISTA-.jpg\" alt=\"VIT\u00d3RIA DA CONQUISTA\" width=\"310\" height=\"233\" class=\"size-full wp-image-104871\" srcset=\"https:\/\/www.r2cpress.com.br\/v1\/wp-content\/uploads\/2016\/11\/VITORIA-DA-CONQUISTA-.jpg 310w, https:\/\/www.r2cpress.com.br\/v1\/wp-content\/uploads\/2016\/11\/VITORIA-DA-CONQUISTA--300x225.jpg 300w\" sizes=\"(max-width: 310px) 100vw, 310px\" \/><\/a><p id=\"caption-attachment-104871\" class=\"wp-caption-text\">VIT\u00d3RIA DA CONQUISTA<\/p><\/div>Depois da temporada em Salvador, chegou a vez de Vit\u00f3ria da Conquista sediar as a\u00e7\u00f5es do projeto Bahia Territ\u00f3rio Esportivo, que estar\u00e1 na cidade desta segunda-feira (28) a s\u00e1bado (3 de dezembro) com atividades educativas e recreativas para crian\u00e7as e adultos.<\/p>\n<p>A partir de hoje (segunda-feira), escolas p\u00fablicas do munic\u00edpio e do estado come\u00e7am a receber as cl\u00ednicas de inicia\u00e7\u00e3o esportiva, momento em que os alunos aprendem um pouco mais sobre a hist\u00f3ria e curiosidades da olimp\u00edada, conhecendo sua origem e significado dos seus s\u00edmbolos. Nas escolas tamb\u00e9m s\u00e3o feitas demonstra\u00e7\u00f5es de lutas como jud\u00f4 e luta ol\u00edmpica, assim como a mobiliza\u00e7\u00e3o para que as crian\u00e7as participem das a\u00e7\u00f5es na Arena Esportiva. Em Conquista, o espa\u00e7o come\u00e7a a funcionar a partir das 9h de quarta-feira, dia 30, na Pra\u00e7a Nossa Senhora dos Verdes (bairro Brasil).<\/p>\n<p>Na pra\u00e7a esportiva, o p\u00fablico presente poder\u00e1 praticar modalidades como badminton, t\u00eanis de mesa, handebol, boxe, basquete 3\u00d73, atletismo e o paradesporto. A arena \u00e9 aberta ao p\u00fablico e funcionar\u00e1 at\u00e9 o dia 3 de dezembro. <\/p>\n<p>O Bahia Territ\u00f3rio Esportivo \u00e9 desenvolvido pela Superintend\u00eancia dos Desportos do Estado da Bahia (Sudesb), autarquia da Secretaria do Trabalho, Emprego, Renda e Esporte, com apoio do Minist\u00e9rio do Esporte. Na, sexta-feira, o espa\u00e7o recebe a visita oficial de Elias Dourado, diretor geral da Sudesb,  autoridades e atletas do munic\u00edpio.<\/p>\n<p>As atividades do projeto ser\u00e3o ainda desenvolvidas nas cidades de Itabuna (05 a 10\/12), Cama\u00e7ari (11 a 17\/12) e finalmente Juazeiro (18 a 24\/12), totalizando 35 dias de atividades realizadas por uma equipe de 100 pessoas entre colaboradores e instrutores especializados na pr\u00e1tica dos esportes ol\u00edmpicos e paral\u00edmpicos.<\/p>\n","protected":false},"excerpt":{"rendered":"<p>Durante uma semana, crian\u00e7as e adultos poder\u00e3o vivenciar o clima ol\u00edmpico que tomou conta do Brasil neste ano de 2016 Depois da temporada em Salvador, chegou a vez de Vit\u00f3ria da Conquista sediar as a\u00e7\u00f5es do projeto Bahia Territ\u00f3rio Esportivo, que estar\u00e1 na cidade desta segunda-feira (28) a s\u00e1bado (3 de dezembro) com atividades educativas [&hellip;]<\/p>\n","protected":false},"author":2,"featured_media":0,"comment_status":"open","ping_status":"open","sticky":false,"template":"","format":"standard","meta":{"_links_to":"","_links_to_target":""},"categories":[11,29],"tags":[],"_links":{"self":[{"href":"https:\/\/www.r2cpress.com.br\/v1\/wp-json\/wp\/v2\/posts\/104870"}],"collection":[{"href":"https:\/\/www.r2cpress.com.br\/v1\/wp-json\/wp\/v2\/posts"}],"about":[{"href":"https:\/\/www.r2cpress.com.br\/v1\/wp-json\/wp\/v2\/types\/post"}],"author":[{"embeddable":true,"href":"https:\/\/www.r2cpress.com.br\/v1\/wp-json\/wp\/v2\/users\/2"}],"replies":[{"embeddable":true,"href":"https:\/\/www.r2cpress.com.br\/v1\/wp-json\/wp\/v2\/comments?post=104870"}],"version-history":[{"count":1,"href":"https:\/\/www.r2cpress.com.br\/v1\/wp-json\/wp\/v2\/posts\/104870\/revisions"}],"predecessor-version":[{"id":104872,"href":"https:\/\/www.r2cpress.com.br\/v1\/wp-json\/wp\/v2\/posts\/104870\/revisions\/104872"}],"wp:attachment":[{"href":"https:\/\/www.r2cpress.com.br\/v1\/wp-json\/wp\/v2\/media?parent=104870"}],"wp:term":[{"taxonomy":"category","embeddable":true,"href":"https:\/\/www.r2cpress.com.br\/v1\/wp-json\/wp\/v2\/categories?post=104870"},{"taxonomy":"post_tag","embeddable":true,"href":"https:\/\/www.r2cpress.com.br\/v1\/wp-json\/wp\/v2\/tags?post=104870"}],"curies":[{"name":"wp","href":"https:\/\/api.w.org\/{rel}","templated":true}]}}