{"id":104895,"date":"2016-11-28T21:02:26","date_gmt":"2016-11-29T00:02:26","guid":{"rendered":"http:\/\/www.r2cpress.com.br\/v1\/?p=104895"},"modified":"2016-11-28T21:02:26","modified_gmt":"2016-11-29T00:02:26","slug":"algumas-do-dia-6","status":"publish","type":"post","link":"https:\/\/www.r2cpress.com.br\/v1\/2016\/11\/28\/algumas-do-dia-6\/","title":{"rendered":"Algumas do dia"},"content":{"rendered":"<table width=\"702\">\n<tbody>\n<tr>\n<td width=\"694\">\n<h2><span style=\"color: #000000;\"><strong>Temer anuncia veto a qualquer medida de anistia \u00e0 corrup\u00e7\u00e3o<\/strong><\/span><\/h2>\n<p>O presidente da Rep\u00fablica, Michel Temer, anunciou, neste domingo (27), um acordo com o presidente da C\u00e2mara, Rodrigo Maia (DEM-RJ), e do Senado, Renan Calheiros (PMDB-AL), para impedir a tramita\u00e7\u00e3o de qualquer proposta que busque anistiar o crime de caixa dois. Em entrevista coletiva no Pal\u00e1cio do Planalto, Temer disse que seria &#8220;imposs\u00edvel&#8221; sancionar uma proposta desse tipo. &#8220;Temos feito, o Executivo e o Legislativo, ajustamento institucional em vistas a, se for poss\u00edvel, impedir a tramita\u00e7\u00e3o de qualquer proposta que vise a chamada anistia&#8221;, disse o presidente da Rep\u00fablica, ao lado de Renan Calheiros e Rodrigo Maia.<\/p>\n<p style=\"text-align: right;\"><strong><a href=\"http:\/\/www2.planalto.gov.br\/acompanhe-planalto\/noticias\/2016\/11\/temer-anuncia-veto-a-qualquer-medida-de-anistia-a-corrupcao\">LEIA MAIS<\/a><\/strong><\/p>\n<p><strong>\u00a0<\/strong><\/p>\n<h2><span style=\"color: #000000;\"><strong>Contas p\u00fablicas voltam a crescer e fecham outubro no azul<\/strong><\/span><\/h2>\n<p>Depois de cinco meses no negativo, as contas p\u00fablicas voltaram a fechar no azul. Dados do Banco Central mostram que, em outubro, o Pa\u00eds registrou um super\u00e1vit prim\u00e1rio (economia para pagar os juros da d\u00edvida) de R$ 39,6 bilh\u00f5es \u2013 esse \u00e9 o melhor resultado para o m\u00eas desde 2001. O n\u00famero de outubro, no entanto, s\u00f3 foi positivo em decorr\u00eancia da arrecada\u00e7\u00e3o obtida com o programa de repatria\u00e7\u00e3o, que regularizou recursos que estavam no exterior.<\/p>\n<p style=\"text-align: right;\"><strong><a href=\"http:\/\/www.brasil.gov.br\/economia-e-emprego\/2016\/11\/contas-publicas-fecham-outubro-no-azul\">LEIA MAIS<\/a><\/strong><\/p>\n<h2><span style=\"color: #000000;\"><strong>Capital de giro da Caixa ultrapassa R$ 1 bi mensal em contrata\u00e7\u00f5es<\/strong><\/span><\/h2>\n<p>Cerca de 183 mil micro e pequenas empresas contrataram, neste ano, o empr\u00e9stimo Giro Caixa F\u00e1cil, da Caixa Econ\u00f4mica Federal. A linha de cr\u00e9dito \u00e9 destinada aos empreendimentos com faturamento de at\u00e9 R$ 15 milh\u00f5es anuais. Desde setembro, o volume de contrata\u00e7\u00e3o mensal do Giro Caixa F\u00e1cil dobrou para pouco mais de R$ 1 bilh\u00e3o.<\/p>\n<p style=\"text-align: right;\"><strong><a href=\"http:\/\/www.brasil.gov.br\/economia-e-emprego\/2016\/11\/capital-de-giro-da-caixa-ultrapassa-r-1-bi-mensal-em-contratacoes\">LEIA MAIS<\/a><\/strong><\/p>\n<h2><span style=\"color: #000000;\"><strong>\u00a0Mercado melhora expectativas de infla\u00e7\u00e3o para 2016<\/strong><\/span><\/h2>\n<p>Pela terceira semana consecutiva, o mercado financeiro melhorou a previs\u00e3o para a infla\u00e7\u00e3o de 2016. A expectativa, agora, \u00e9 de que o \u00cdndice de Pre\u00e7os ao Consumidor Amplo (IPCA) termine o ano em 6,72%. Uma semana antes a previs\u00e3o estava em 6,80%. Os dados fazem parte do Boletim Focus, uma publica\u00e7\u00e3o semanal na qual o Banco Central re\u00fane as proje\u00e7\u00f5es de cerca de 100 analistas.<\/p>\n<p style=\"text-align: right;\"><strong><a href=\"http:\/\/www.brasil.gov.br\/economia-e-emprego\/2016\/11\/mercado-melhora-expectativas-de-inflacao-para-2016\">LEIA MAIS<\/a><\/strong><\/p>\n<h2><span style=\"color: #000000;\"><strong>\u00a0Cantadas na rua s\u00e3o consideradas ass\u00e9dio sexual<\/strong><\/span><\/h2>\n<p>S\u00e3o assovios, coment\u00e1rios de vi\u00e9s sexual, olhares e at\u00e9 mesmo contato indesejado. Essas s\u00e3o situa\u00e7\u00f5es cotidianas pelas quais as mulheres passam ao caminhar na rua, andar em transporte p\u00fablico e mesmo em ambientes de trabalho. As cantadas e investidas indesejadas tamb\u00e9m s\u00e3o uma forma de ass\u00e9dio sexual praticada pelos homens contra mulheres em espa\u00e7os p\u00fablicos. Essas investidas indesejadas s\u00e3o tipificadas como crime pela Constitui\u00e7\u00e3o. Em geral, enquadram-se como importuna\u00e7\u00e3o ofensiva ao pudor. Esses casos se referem ao ass\u00e9dio verbal, ou seja, cantadas e amea\u00e7as, e os autores s\u00e3o multados em casos de condena\u00e7\u00e3o.<\/p>\n<p style=\"text-align: right;\"><strong><a href=\"http:\/\/www.brasil.gov.br\/cidadania-e-justica\/2016\/11\/cantadas-na-rua-sao-consideradas-assedio-sexual\">LEIA MAIS<\/a><\/strong><\/p>\n<\/td>\n<\/tr>\n<\/tbody>\n<\/table>\n","protected":false},"excerpt":{"rendered":"<p>Temer anuncia veto a qualquer medida de anistia \u00e0 corrup\u00e7\u00e3o O presidente da Rep\u00fablica, Michel Temer, anunciou, neste domingo (27), um acordo com o presidente da C\u00e2mara, Rodrigo Maia (DEM-RJ), e do Senado, Renan Calheiros (PMDB-AL), para impedir a tramita\u00e7\u00e3o de qualquer proposta que busque anistiar o crime de caixa dois. Em entrevista coletiva no [&hellip;]<\/p>\n","protected":false},"author":2,"featured_media":0,"comment_status":"open","ping_status":"open","sticky":false,"template":"","format":"standard","meta":{"_links_to":"","_links_to_target":""},"categories":[18],"tags":[],"_links":{"self":[{"href":"https:\/\/www.r2cpress.com.br\/v1\/wp-json\/wp\/v2\/posts\/104895"}],"collection":[{"href":"https:\/\/www.r2cpress.com.br\/v1\/wp-json\/wp\/v2\/posts"}],"about":[{"href":"https:\/\/www.r2cpress.com.br\/v1\/wp-json\/wp\/v2\/types\/post"}],"author":[{"embeddable":true,"href":"https:\/\/www.r2cpress.com.br\/v1\/wp-json\/wp\/v2\/users\/2"}],"replies":[{"embeddable":true,"href":"https:\/\/www.r2cpress.com.br\/v1\/wp-json\/wp\/v2\/comments?post=104895"}],"version-history":[{"count":2,"href":"https:\/\/www.r2cpress.com.br\/v1\/wp-json\/wp\/v2\/posts\/104895\/revisions"}],"predecessor-version":[{"id":104897,"href":"https:\/\/www.r2cpress.com.br\/v1\/wp-json\/wp\/v2\/posts\/104895\/revisions\/104897"}],"wp:attachment":[{"href":"https:\/\/www.r2cpress.com.br\/v1\/wp-json\/wp\/v2\/media?parent=104895"}],"wp:term":[{"taxonomy":"category","embeddable":true,"href":"https:\/\/www.r2cpress.com.br\/v1\/wp-json\/wp\/v2\/categories?post=104895"},{"taxonomy":"post_tag","embeddable":true,"href":"https:\/\/www.r2cpress.com.br\/v1\/wp-json\/wp\/v2\/tags?post=104895"}],"curies":[{"name":"wp","href":"https:\/\/api.w.org\/{rel}","templated":true}]}}