{"id":104906,"date":"2016-11-30T11:23:09","date_gmt":"2016-11-30T14:23:09","guid":{"rendered":"http:\/\/www.r2cpress.com.br\/v1\/?p=104906"},"modified":"2016-11-30T11:23:09","modified_gmt":"2016-11-30T14:23:09","slug":"rui-lanca-programa-que-oferece-primeiro-emprego-para-nove-mil-jovens","status":"publish","type":"post","link":"https:\/\/www.r2cpress.com.br\/v1\/2016\/11\/30\/rui-lanca-programa-que-oferece-primeiro-emprego-para-nove-mil-jovens\/","title":{"rendered":"Rui lan\u00e7a programa que oferece primeiro emprego para nove mil jovens"},"content":{"rendered":"<div>\n<div id=\"attachment_104907\" style=\"width: 320px\" class=\"wp-caption alignleft\"><a href=\"http:\/\/www.r2cpress.com.br\/v1\/wp-content\/uploads\/2016\/11\/Foto-by-Manu-Dias-GOVBA.jpg\"><img aria-describedby=\"caption-attachment-104907\" loading=\"lazy\" class=\"size-full wp-image-104907\" src=\"http:\/\/www.r2cpress.com.br\/v1\/wp-content\/uploads\/2016\/11\/Foto-by-Manu-Dias-GOVBA.jpg\" alt=\"Fotos: Manu Dias\/GOVBA \" width=\"310\" height=\"236\" srcset=\"https:\/\/www.r2cpress.com.br\/v1\/wp-content\/uploads\/2016\/11\/Foto-by-Manu-Dias-GOVBA.jpg 310w, https:\/\/www.r2cpress.com.br\/v1\/wp-content\/uploads\/2016\/11\/Foto-by-Manu-Dias-GOVBA-300x228.jpg 300w\" sizes=\"(max-width: 310px) 100vw, 310px\" \/><\/a><p id=\"caption-attachment-104907\" class=\"wp-caption-text\">Foto: Manu Dias\/GOVBA<\/p><\/div>\n<p>As portas para o primeiro emprego est\u00e3o abertas, por meio do Programa Primeiro Emprego, para nove mil jovens egressos da Rede Estadual de Educa\u00e7\u00e3o Profissional, formados a partir de 2015. O programa est\u00e1 sendo lan\u00e7ado na manh\u00e3 desta quarta-feira (30) pelo governador Rui Costa, em cerim\u00f4nia no Hotel Deville, em Salvador. A meta \u00e9 preencher, apenas no setor p\u00fablico, 4,5 mil vagas at\u00e9 novembro de 2017, e outras 4,5 mil at\u00e9 novembro de 2018.\u00a0At\u00e9 o momento, mais de 80 empresas privadas tamb\u00e9m j\u00e1 manifestaram interesse em participar do programa.<\/p><\/div>\n<div><\/div>\n<div>No setor p\u00fablico, neste primeiro momento, as vagas ser\u00e3o destinadas \u00e0s \u00e1reas da Sa\u00fade, Educa\u00e7\u00e3o e Seguran\u00e7a P\u00fablica. Rui avalia que &#8220;o programa \u00e9 um est\u00edmulo para melhorar a qualidade das nossas escolas e para a juventude que busca uma oportunidade, para que ela possa se destacar pelo seu talento, pela sua dedica\u00e7\u00e3o, n\u00e3o por favores ou indica\u00e7\u00f5es de pol\u00edticos. Ser\u00e1 pelo esfor\u00e7o pessoal de cada jovem que eles v\u00e3o entrar e permanecer no mercado de trabalho, a partir deste primeiro contato, desta primeira experi\u00eancia&#8221;.<\/div>\n<div><\/div>\n<div>Participam do lan\u00e7amento jovens representantes dos 27 territ\u00f3rios de identidade, inclusive que j\u00e1 est\u00e3o trabalhando no HGE2 e na Bridgestone, pelo programa. Ao conquistar a vaga, intermediada pela Secretaria do Trabalho, Emprego, Renda e Esporte (Setre), os egressos ter\u00e3o carteira de trabalho assinada e todos os direitos garantidos. O contrato tem dura\u00e7\u00e3o de 24 meses no Estado, j\u00e1 as empresas particulares t\u00eam a prerrogativa de definir se haver\u00e1 a continuidade do contrato. A remunera\u00e7\u00e3o nas institui\u00e7\u00f5es privadas \u00e9 a partir de um sal\u00e1rio m\u00ednimo, j\u00e1 nos \u00f3rg\u00e3os estaduais, o contemplado ter\u00e1 sal\u00e1rio m\u00ednimo, plano de sa\u00fade (Planserv) e vale transporte.<\/div>\n<p>&nbsp;<\/p>\n<div id=\"Signature\"><\/div>\n","protected":false},"excerpt":{"rendered":"<p>As portas para o primeiro emprego est\u00e3o abertas, por meio do Programa Primeiro Emprego, para nove mil jovens egressos da Rede Estadual de Educa\u00e7\u00e3o Profissional, formados a partir de 2015. O programa est\u00e1 sendo lan\u00e7ado na manh\u00e3 desta quarta-feira (30) pelo governador Rui Costa, em cerim\u00f4nia no Hotel Deville, em Salvador. A meta \u00e9 preencher, [&hellip;]<\/p>\n","protected":false},"author":2,"featured_media":0,"comment_status":"open","ping_status":"open","sticky":false,"template":"","format":"standard","meta":{"_links_to":"","_links_to_target":""},"categories":[29],"tags":[],"_links":{"self":[{"href":"https:\/\/www.r2cpress.com.br\/v1\/wp-json\/wp\/v2\/posts\/104906"}],"collection":[{"href":"https:\/\/www.r2cpress.com.br\/v1\/wp-json\/wp\/v2\/posts"}],"about":[{"href":"https:\/\/www.r2cpress.com.br\/v1\/wp-json\/wp\/v2\/types\/post"}],"author":[{"embeddable":true,"href":"https:\/\/www.r2cpress.com.br\/v1\/wp-json\/wp\/v2\/users\/2"}],"replies":[{"embeddable":true,"href":"https:\/\/www.r2cpress.com.br\/v1\/wp-json\/wp\/v2\/comments?post=104906"}],"version-history":[{"count":1,"href":"https:\/\/www.r2cpress.com.br\/v1\/wp-json\/wp\/v2\/posts\/104906\/revisions"}],"predecessor-version":[{"id":104908,"href":"https:\/\/www.r2cpress.com.br\/v1\/wp-json\/wp\/v2\/posts\/104906\/revisions\/104908"}],"wp:attachment":[{"href":"https:\/\/www.r2cpress.com.br\/v1\/wp-json\/wp\/v2\/media?parent=104906"}],"wp:term":[{"taxonomy":"category","embeddable":true,"href":"https:\/\/www.r2cpress.com.br\/v1\/wp-json\/wp\/v2\/categories?post=104906"},{"taxonomy":"post_tag","embeddable":true,"href":"https:\/\/www.r2cpress.com.br\/v1\/wp-json\/wp\/v2\/tags?post=104906"}],"curies":[{"name":"wp","href":"https:\/\/api.w.org\/{rel}","templated":true}]}}