{"id":104937,"date":"2016-12-01T11:37:26","date_gmt":"2016-12-01T14:37:26","guid":{"rendered":"http:\/\/www.r2cpress.com.br\/v1\/?p=104937"},"modified":"2016-12-01T11:37:26","modified_gmt":"2016-12-01T14:37:26","slug":"heckel-januario-em-neca-de-pitibiriba","status":"publish","type":"post","link":"https:\/\/www.r2cpress.com.br\/v1\/2016\/12\/01\/heckel-januario-em-neca-de-pitibiriba\/","title":{"rendered":"Heckel Janu\u00e1rio em: NECA DE PITIBIRIBA"},"content":{"rendered":"<p><img loading=\"lazy\" class=\"alignleft\" src=\"http:\/\/www.r2cpress.com.br\/v1\/wp-content\/uploads\/HECKEL-NOVA.jpg\" alt=\"\" width=\"300\" height=\"129\" \/>Se gest\u00e3o p\u00fablica significar na ess\u00eancia administrar em benef\u00edcio de uma coletividade, de uma popula\u00e7\u00e3o, a do atual governo federal e seu \u201cordem e progresso\u201d, control-c do lema da nossa bandeira, at\u00e9 o momento, neca de pitibiriba.<\/p>\n<p>Com seis meses de assun\u00e7\u00e3o ao poder o panorama \u00e9 de um desemprego chegado ao patamar de 12 milh\u00f5es de desempregados, infla\u00e7\u00e3o e, expectativas nada promissoras.<\/p>\n<p>Adotando uma extremada pol\u00edtica de cortes de gastos p\u00fablicos por meio da chamada PEC 241, agora numerada de 55 no Senado, n\u00e3o sobrando da faca nem as contas de Sa\u00fade e Educa\u00e7\u00e3o, economistas apontam para um engessamento completo da economia, resultando em um decl\u00ednio insuport\u00e1vel na vida do brasileiro, sobretudo na da classe mais pobre. Na tentativa de convencimento verbaliza intensamente na m\u00eddia que se a proposta de emenda \u00e0 Constitui\u00e7\u00e3o for aprovada, vir\u00e1 a redu\u00e7\u00e3o dos juros e a consequente retomada do crescimento econ\u00f4mico.<\/p>\n<p><!--more--><\/p>\n<p>Na leiguice deste cidad\u00e3o a \u00e1rea econ\u00f4mica do governo voou sobre uma sociedade imagin\u00e1ria, estanque, fechada, sem problemas e sem nenhuma mulher a parir, jamais sobre uma complexa igual a nossa. P\u00f4, como fazer crescer uma economia se investimentos, e consumo \u2013do Governo e, com o desemprego, das Fam\u00edlias\u2013 estar\u00e3o estagnados? Relembrando: foi teoria semelhante, em doses bem mais brandas adotada pelo governo passado, mas j\u00e1 com podas em conquistas sociais, e n\u00e3o sanando a crise econ\u00f4mica, uma \u201cmuy amiga\u201d coadjuvante na derrubada da pr\u00f3pria presidente.<\/p>\n<p>Al\u00e9m disso, a insist\u00eancia do bl\u00e1bl\u00e1bl\u00e1 da credibilidade vai-se exaurindo ao sabor das contradi\u00e7\u00f5es entre austeridade altamente propagada e a\u00e7\u00f5es do governo quando se sabe por exemplo da cria\u00e7\u00e3o de 14 mil cargos comissionados, do estouro no Cart\u00e3o Corporativo (este \u00e9 o tal que as autoridades usam a torto e a direito sem a obrigatoriedade do ressarcimento de despesas) entre outras variadas incongru\u00eancias. E qual a certeza de o mandat\u00e1rio exigir realmente o corte das remunera\u00e7\u00f5es de brasileiros diferenciados \u2013aqueles cujos ganhos est\u00e3o acima do teto constitucional\u2013 como tem insistentemente solicitado o sacrif\u00edcio dos trabalhadores comuns?\u00a0 E que dizer de dois jantares com parlamentares custando cada mais de 300 mil paus tirados do bolso do povo com o objetivo de coopta-los a votarem a favor dos falsos ajustes? Como de regra, os \u201cilustres\u201d congressistas n\u00e3o marcaram presen\u00e7a somente pelos prazeres da mesa, por mais supimpas as iguarias palacianas!<\/p>\n<p>Se o lado do bem-estar foi chutado pra escanteio, o da \u00e9tica e da moral \u2013marcados por um incessante entra e sai de ministros ditos suspeit\u00edssimos\u2013, nem sequer entraram em campo, como se diz duma equipe que joga mal. \u00a0A sa\u00edda mais recente tem pano de fundo o caso La Vue, em que um, l\u00e1 com seus interesses, queria se privilegiar da bela vista da Baia de Todos os Santos, esculhambando a ambi\u00eancia de um espa\u00e7o de bens tombados. Vale lembrar o do \u201cTem que resolver esta porra&#8230; Tem que mudar o governo, para estancar essa sangria\u201d, trechinho do di\u00e1logo \u201crepublicano\u201d de um peso pesado do staff presidencial com um ex chefe de importante subsidiaria da Petrobras que em resumo trama o impeachment da presidente para barrar a Lava Jato e, que se encontra numa das gavetas da Justi\u00e7a!! Ta\u00ed uma opera\u00e7\u00e3o necessar\u00edssima ao pa\u00eds, mas que n\u00e3o pode cair na de sensacionalismo e, mais do que isso, na de atropelar o Estado Democr\u00e1tico de Direito. Claro, para n\u00e3o acabar caindo no descr\u00e9dito total e raz\u00f5es do tipo \u201c&#8230;resolver esta porra&#8230;\u201d\u00a0 se justifiquem. Tamb\u00e9m na parte lateral da preserva\u00e7\u00e3o das riquezas o governo fez embaixadinha com a camada de Pr\u00e9-Sal, mas como um zagueiro estabanado, entregou o ouro ao bandido.<\/p>\n<p>Como os resultados positivos est\u00e3o longe de acontecerem (ali\u00e1s, de positivo mesmo no governo s\u00f3 o mote positivista do franc\u00eas Auguste Comte) e com o grau de insatisfa\u00e7\u00e3o da popula\u00e7\u00e3o aumentando dia a dia, seria oportuno que o slogan governamental copiado e sem motivos para rever\u00eancias, fosse invertido \u2013e praticado\u2013 para \u201cprogresso e ordem\u201d, e ainda de lambuja acrescentar \u201ce sem corrup\u00e7\u00e3o\u201d. Seria mais interessante do que aludir o do s\u00edmbolo nacional.<\/p>\n<p>Heckel Janu\u00e1rio<\/p>\n","protected":false},"excerpt":{"rendered":"<p>Se gest\u00e3o p\u00fablica significar na ess\u00eancia administrar em benef\u00edcio de uma coletividade, de uma popula\u00e7\u00e3o, a do atual governo federal e seu \u201cordem e progresso\u201d, control-c do lema da nossa bandeira, at\u00e9 o momento, neca de pitibiriba. Com seis meses de assun\u00e7\u00e3o ao poder o panorama \u00e9 de um desemprego chegado ao patamar de 12 [&hellip;]<\/p>\n","protected":false},"author":2,"featured_media":0,"comment_status":"open","ping_status":"open","sticky":false,"template":"","format":"standard","meta":{"_links_to":"","_links_to_target":""},"categories":[10],"tags":[],"_links":{"self":[{"href":"https:\/\/www.r2cpress.com.br\/v1\/wp-json\/wp\/v2\/posts\/104937"}],"collection":[{"href":"https:\/\/www.r2cpress.com.br\/v1\/wp-json\/wp\/v2\/posts"}],"about":[{"href":"https:\/\/www.r2cpress.com.br\/v1\/wp-json\/wp\/v2\/types\/post"}],"author":[{"embeddable":true,"href":"https:\/\/www.r2cpress.com.br\/v1\/wp-json\/wp\/v2\/users\/2"}],"replies":[{"embeddable":true,"href":"https:\/\/www.r2cpress.com.br\/v1\/wp-json\/wp\/v2\/comments?post=104937"}],"version-history":[{"count":2,"href":"https:\/\/www.r2cpress.com.br\/v1\/wp-json\/wp\/v2\/posts\/104937\/revisions"}],"predecessor-version":[{"id":104939,"href":"https:\/\/www.r2cpress.com.br\/v1\/wp-json\/wp\/v2\/posts\/104937\/revisions\/104939"}],"wp:attachment":[{"href":"https:\/\/www.r2cpress.com.br\/v1\/wp-json\/wp\/v2\/media?parent=104937"}],"wp:term":[{"taxonomy":"category","embeddable":true,"href":"https:\/\/www.r2cpress.com.br\/v1\/wp-json\/wp\/v2\/categories?post=104937"},{"taxonomy":"post_tag","embeddable":true,"href":"https:\/\/www.r2cpress.com.br\/v1\/wp-json\/wp\/v2\/tags?post=104937"}],"curies":[{"name":"wp","href":"https:\/\/api.w.org\/{rel}","templated":true}]}}