{"id":104943,"date":"2016-12-01T16:59:28","date_gmt":"2016-12-01T19:59:28","guid":{"rendered":"http:\/\/www.r2cpress.com.br\/v1\/?p=104943"},"modified":"2016-12-01T16:59:28","modified_gmt":"2016-12-01T19:59:28","slug":"campea-mundial-de-karate-e-recebida-pelo-governador-rui-costa","status":"publish","type":"post","link":"https:\/\/www.r2cpress.com.br\/v1\/2016\/12\/01\/campea-mundial-de-karate-e-recebida-pelo-governador-rui-costa\/","title":{"rendered":"Campe\u00e3 mundial de karat\u00ea \u00e9 recebida pelo governador Rui Costa"},"content":{"rendered":"<p><div id=\"attachment_104944\" style=\"width: 320px\" class=\"wp-caption alignright\"><a href=\"http:\/\/www.r2cpress.com.br\/v1\/wp-content\/uploads\/2016\/12\/Fotos-Alberto-Coutinho-GOVBA.jpg\"><img aria-describedby=\"caption-attachment-104944\" loading=\"lazy\" src=\"http:\/\/www.r2cpress.com.br\/v1\/wp-content\/uploads\/2016\/12\/Fotos-Alberto-Coutinho-GOVBA.jpg\" alt=\"Fotos Alberto Coutinho GOVBA\" width=\"310\" height=\"207\" class=\"size-full wp-image-104944\" srcset=\"https:\/\/www.r2cpress.com.br\/v1\/wp-content\/uploads\/2016\/12\/Fotos-Alberto-Coutinho-GOVBA.jpg 310w, https:\/\/www.r2cpress.com.br\/v1\/wp-content\/uploads\/2016\/12\/Fotos-Alberto-Coutinho-GOVBA-300x200.jpg 300w\" sizes=\"(max-width: 310px) 100vw, 310px\" \/><\/a><p id=\"caption-attachment-104944\" class=\"wp-caption-text\">Fotos Alberto Coutinho GOVBA<\/p><\/div>Com apenas 13 anos, a karateca Leonarda Alves j\u00e1 possui um impressionante curr\u00edculo. Ela \u00e9 bicampe\u00e3 mundial, bicampe\u00e3 pan-americana, tetracampe\u00e3 brasileira em kumit\u00ea e tricampe\u00e3 na modalidade catar, al\u00e9m acumular vit\u00f3rias em diversas competi\u00e7\u00f5es estaduais. O governador Rui Costa recebeu a atleta e a parabenizou pelas conquistas nesta quinta-feira (1\u00ba), na Governadoria, em Salvador.<\/p>\n<p>A jovem de olhar compenetrado faz grandes planos e j\u00e1 vive a expectativa por novas conquistas. &#8220;\u00c9 uma sensa\u00e7\u00e3o muito boa vencer um mundial, ainda mais sendo t\u00e3o jovem. Eu sei que estou estimulando outras pessoas a praticarem o esporte. Pessoalmente, eu quero melhorar cada vez mais. Espero conseguir participar das pr\u00f3ximas Olimp\u00edadas, mas, se a oportunidade n\u00e3o vier agora, eu vou seguir estudando e treinando para continuar fazendo o que eu amo&#8221;, afirma.<br \/>\n<div id=\"attachment_104946\" style=\"width: 610px\" class=\"wp-caption aligncenter\"><a href=\"http:\/\/www.r2cpress.com.br\/v1\/wp-content\/uploads\/2016\/12\/Fotos-Alberto-Coutinho-GOV-BA.jpg\"><img aria-describedby=\"caption-attachment-104946\" loading=\"lazy\" src=\"http:\/\/www.r2cpress.com.br\/v1\/wp-content\/uploads\/2016\/12\/Fotos-Alberto-Coutinho-GOV-BA.jpg\" alt=\"Fotos Alberto Coutinho GOVBA\" width=\"600\" height=\"400\" class=\"size-full wp-image-104946\" srcset=\"https:\/\/www.r2cpress.com.br\/v1\/wp-content\/uploads\/2016\/12\/Fotos-Alberto-Coutinho-GOV-BA.jpg 600w, https:\/\/www.r2cpress.com.br\/v1\/wp-content\/uploads\/2016\/12\/Fotos-Alberto-Coutinho-GOV-BA-300x200.jpg 300w\" sizes=\"(max-width: 600px) 100vw, 600px\" \/><\/a><p id=\"caption-attachment-104946\" class=\"wp-caption-text\">Fotos Alberto Coutinho GOVBA<\/p><\/div>Aluna do 8\u00ba ano do Col\u00e9gio da Pol\u00edcia Militar, Leonarda se destaca tamb\u00e9m com boas notas. A m\u00e3e da karateca, Daniele Bispo, acredita que a concentra\u00e7\u00e3o adquirida com o esporte tem ajudado nos estudos. &#8220;O esporte traz mais disciplina e mais foco. Ela sempre foi uma aluna muito boa e est\u00e1 ainda melhor. Toda m\u00e3e quer o melhor para os filhos e \u00e9 um conforto saber que al\u00e9m do talento para o esporte, ela mant\u00e9m a seriedade na escola&#8221;.<\/p>\n<p>Presente no encontro na Governadoria, o secret\u00e1rio do Trabalho, Emprego, Renda e Esporte, \u00c1lvaro Gomes, destaca a import\u00e2ncia do esporte como ferramenta de transforma\u00e7\u00e3o social. &#8220;O esporte tem uma import\u00e2ncia extraordin\u00e1ria. O governador Rui Costa acredita que o esporte \u00e9 um fator de inclus\u00e3o e desenvolvimento humano e tem feito um esfor\u00e7o muito grande para que essa pol\u00edtica de esporte se consolide cada vez mais. Um dos fatores para o excelente desempenho que o nosso estado teve nas \u00faltimas Olimp\u00edadas \u00e9 o incentivo que o Governo da Bahia tem dado ao esporte&#8221;.<\/p>\n<p>De acordo com o treinador de Leonarda, Wangnecy Dias, que tamb\u00e9m j\u00e1 trabalhou com outros jovens atletas no projeto &#8216;Karat\u00ea do Saber: Guerreiros do Rio Sena&#8217;, da Policia Militar, as li\u00e7\u00f5es aprendidas com o karat\u00ea s\u00e3o mantidas por toda a vida. &#8220;Basta um estimulo para que esses jovens possam ir longe. Respeito e perseveran\u00e7a s\u00e3o ensinamentos que eles carregam para sempre. Ainda que n\u00e3o sigam uma carreira profissional no esporte, eles evoluem e se tornam pessoas de melhores&#8221;.<\/p>\n","protected":false},"excerpt":{"rendered":"<p>Com apenas 13 anos, a karateca Leonarda Alves j\u00e1 possui um impressionante curr\u00edculo. Ela \u00e9 bicampe\u00e3 mundial, bicampe\u00e3 pan-americana, tetracampe\u00e3 brasileira em kumit\u00ea e tricampe\u00e3 na modalidade catar, al\u00e9m acumular vit\u00f3rias em diversas competi\u00e7\u00f5es estaduais. O governador Rui Costa recebeu a atleta e a parabenizou pelas conquistas nesta quinta-feira (1\u00ba), na Governadoria, em Salvador. A [&hellip;]<\/p>\n","protected":false},"author":2,"featured_media":0,"comment_status":"open","ping_status":"open","sticky":false,"template":"","format":"standard","meta":{"_links_to":"","_links_to_target":""},"categories":[11,29],"tags":[],"_links":{"self":[{"href":"https:\/\/www.r2cpress.com.br\/v1\/wp-json\/wp\/v2\/posts\/104943"}],"collection":[{"href":"https:\/\/www.r2cpress.com.br\/v1\/wp-json\/wp\/v2\/posts"}],"about":[{"href":"https:\/\/www.r2cpress.com.br\/v1\/wp-json\/wp\/v2\/types\/post"}],"author":[{"embeddable":true,"href":"https:\/\/www.r2cpress.com.br\/v1\/wp-json\/wp\/v2\/users\/2"}],"replies":[{"embeddable":true,"href":"https:\/\/www.r2cpress.com.br\/v1\/wp-json\/wp\/v2\/comments?post=104943"}],"version-history":[{"count":2,"href":"https:\/\/www.r2cpress.com.br\/v1\/wp-json\/wp\/v2\/posts\/104943\/revisions"}],"predecessor-version":[{"id":104947,"href":"https:\/\/www.r2cpress.com.br\/v1\/wp-json\/wp\/v2\/posts\/104943\/revisions\/104947"}],"wp:attachment":[{"href":"https:\/\/www.r2cpress.com.br\/v1\/wp-json\/wp\/v2\/media?parent=104943"}],"wp:term":[{"taxonomy":"category","embeddable":true,"href":"https:\/\/www.r2cpress.com.br\/v1\/wp-json\/wp\/v2\/categories?post=104943"},{"taxonomy":"post_tag","embeddable":true,"href":"https:\/\/www.r2cpress.com.br\/v1\/wp-json\/wp\/v2\/tags?post=104943"}],"curies":[{"name":"wp","href":"https:\/\/api.w.org\/{rel}","templated":true}]}}