{"id":104986,"date":"2016-12-02T11:22:49","date_gmt":"2016-12-02T14:22:49","guid":{"rendered":"http:\/\/www.r2cpress.com.br\/v1\/?p=104986"},"modified":"2016-12-02T11:22:49","modified_gmt":"2016-12-02T14:22:49","slug":"santa-barbara-abre-o-calendario-das-festas-populares-da-bahia","status":"publish","type":"post","link":"https:\/\/www.r2cpress.com.br\/v1\/2016\/12\/02\/santa-barbara-abre-o-calendario-das-festas-populares-da-bahia\/","title":{"rendered":"Santa B\u00e1rbara abre o calend\u00e1rio das Festas Populares da Bahia"},"content":{"rendered":"<p style=\"text-align: center;\"><strong><em>365 anos de tradi\u00e7\u00e3o<\/em><em> e f\u00e9. No dia 04 de dezembro vai ter missa, prociss\u00e3o, samba e caruru<\/em><\/strong><\/p>\n<div id=\"attachment_104987\" style=\"width: 610px\" class=\"wp-caption aligncenter\"><a href=\"http:\/\/www.r2cpress.com.br\/v1\/wp-content\/uploads\/2016\/12\/SANTA-B\u00c1RBARA-.jpg\"><img aria-describedby=\"caption-attachment-104987\" loading=\"lazy\" class=\"size-full wp-image-104987\" src=\"http:\/\/www.r2cpress.com.br\/v1\/wp-content\/uploads\/2016\/12\/SANTA-B\u00c1RBARA-.jpg\" alt=\"GOV BA\" width=\"600\" height=\"67\" srcset=\"https:\/\/www.r2cpress.com.br\/v1\/wp-content\/uploads\/2016\/12\/SANTA-B\u00c1RBARA-.jpg 600w, https:\/\/www.r2cpress.com.br\/v1\/wp-content\/uploads\/2016\/12\/SANTA-B\u00c1RBARA--300x33.jpg 300w\" sizes=\"(max-width: 600px) 100vw, 600px\" \/><\/a><p id=\"caption-attachment-104987\" class=\"wp-caption-text\"><strong>GOV \/ BA<\/strong><\/p><\/div>\n<p style=\"text-align: justify;\">&#8220;No dia 4 de dezembro vou no mercado levar, na Baixa do Sapateiro, flores pra santa de l\u00e1, B\u00e1rbara santa guerreira quero a voc\u00ea exaltar, \u00e9 Ians\u00e3 verdadeira a padroeira de l\u00e1&#8221;. Os versos do sambista Ti\u00e3o Motorista que ganharam for\u00e7a na voz de Maria Beth\u00e2nia anunciam o que est\u00e1 para acontecer. O Dia de Santa B\u00e1rbara abre o Calend\u00e1rio de Festas Populares da Bahia, com a responsabilidade de vestir o Centro Hist\u00f3rico de Salvador de vermelho e branco. Cat\u00f3licos e Candomblecistas, lado a lado, santa e orix\u00e1, s\u00edmbolo de f\u00e9 do povo baiano h\u00e1 365 anos.<\/p>\n<div id=\"attachment_104988\" style=\"width: 610px\" class=\"wp-caption aligncenter\"><a href=\"http:\/\/www.r2cpress.com.br\/v1\/wp-content\/uploads\/2016\/12\/Santa-Barbara-ft-CarolGarcia-GOVBA.jpg\"><img aria-describedby=\"caption-attachment-104988\" loading=\"lazy\" class=\"size-full wp-image-104988\" src=\"http:\/\/www.r2cpress.com.br\/v1\/wp-content\/uploads\/2016\/12\/Santa-Barbara-ft-CarolGarcia-GOVBA.jpg\" alt=\"Santa-Barbara-ft-CarolGarcia-GOVBA\" width=\"600\" height=\"400\" srcset=\"https:\/\/www.r2cpress.com.br\/v1\/wp-content\/uploads\/2016\/12\/Santa-Barbara-ft-CarolGarcia-GOVBA.jpg 600w, https:\/\/www.r2cpress.com.br\/v1\/wp-content\/uploads\/2016\/12\/Santa-Barbara-ft-CarolGarcia-GOVBA-300x200.jpg 300w\" sizes=\"(max-width: 600px) 100vw, 600px\" \/><\/a><p id=\"caption-attachment-104988\" class=\"wp-caption-text\">Santa-Barbara-ft-CarolGarcia-GOVBA<\/p><\/div>\n<p>Documentos revelam que a celebra\u00e7\u00e3o de Santa B\u00e1rbara teve in\u00edcio no final do s\u00e9culo XVII quando o casal Francisco Pereira do Lago e Andressa de Ara\u00fajo, fundou na Cidade Baixa, o morgado (v\u00ednculo dado a certos bens que deveriam ser transmitidos ao primog\u00eanito sem que este os pudesse vender) de Santa B\u00e1rbara para garantir riqueza aos descendentes do casal. Com o tempo, o morgado foi sendo transformado em mercado.<\/p>\n<p>De acordo com o antrop\u00f3logo F\u00e1bio Lima, naquela \u00e9poca a celebra\u00e7\u00e3o \u00e0 Santa B\u00e1rbara era considerada uma festa marginal, bancada principalmente pelos comerciantes pobres e pela popula\u00e7\u00e3o de baixo poder aquisitivo. Al\u00e9m de ser uma festa que mesclava pr\u00e1ticas religiosas de matriz africana. Por estes motivos, a festa de Nossa Senhora de Concei\u00e7\u00e3o da Praia, celebrada em 08 de dezembro, foi escolhida para abrir o calend\u00e1rio de Festas Populares da Bahia, &#8220;Concei\u00e7\u00e3o da Praia era (\u00e9) padroeira da cidade e sua Irmandade s\u00f3 permitia homens brancos, os fidalgos da \u00e9poca. Enquanto a festa de Santa B\u00e1rbara tinha em seu cortejo travestis, negros, sambistas. Ent\u00e3o a festa foi perseguida e discriminada por muitos anos&#8221;, explica o estudioso.<\/p>\n<p><!--more--><\/p>\n<p>As mesmas revela\u00e7\u00f5es est\u00e3o no livro Not\u00edcias da Bahia \u2013 1950, do fot\u00f3grafo franc\u00eas radicado na Bahia Pierre Verger. Ele constata esse fato ao apontar o perfil das pessoas que participavam do festejo: &#8220;A festa de Santa B\u00e1rbara que cai no meio da novena de Nossa Senhora da Concei\u00e7\u00e3o \u00e9 celebrada, sobretudo, pelos africanos e pelas pessoas que trabalham no mercado de Santa B\u00e1rbara na cidade baixa [&#8230;] a festa cat\u00f3lica consiste em uma missa e uma prociss\u00e3o em torno do mercado dos Arcos de Santa B\u00e1rbara. Os devotos dessa santa organizam regozijos no interior do mercado, onde sambam e bebem cacha\u00e7a em abund\u00e2ncia&#8221;. (1999, p.73).<\/p>\n<p>Por conta de inc\u00eandios no mercado, a imagem da santa percorreu alguns templos da capital, a exemplo das igrejas do Corpo Santo, da Concei\u00e7\u00e3o da Praia, do Pa\u00e7o e da Ordem Terceira do Carmo at\u00e9 chegar \u00e0 Igreja a Igreja Nossa Senhora do Ros\u00e1rio dos Pretos, 1987, onde permanece at\u00e9 hoje. O Mercado de Santa B\u00e1rbara tamb\u00e9m mudou de endere\u00e7o, passando da Cidade Baixa para a Baixa dos Sapateiros.<\/p>\n<p>No ano de 2004, foi publicada no Di\u00e1rio Oficial do Estado da Bahia uma notifica\u00e7\u00e3o p\u00fablica, provis\u00f3ria, garantindo \u00e0 Festa de Santa B\u00e1rbara a preserva\u00e7\u00e3o de suas caracter\u00edsticas. O documento garantia a salvaguarda da identidade cultural da Bahia.<\/p>\n<p>Ap\u00f3s quatro anos, em junho de 2008, os conselheiros de Cultura do Estado deram parecer favor\u00e1vel \u00e0 inscri\u00e7\u00e3o do festejo no Livro de Registro Especial dos Eventos e Celebra\u00e7\u00f5es. E no dia 03 de dezembro, o ent\u00e3o governador Jaques Wagner assinou o Decreto 11.353\/08 registrando a Festa de Santa B\u00e1rbara como Patrim\u00f4nio Imaterial da Bahia. T\u00edtulo que foi renovado ano passado.<\/p>\n<p><strong>A Prociss\u00e3o<\/strong><\/p>\n<p>At\u00e9 in\u00edcio da d\u00e9cada de 1970, a missa era realizada no mercado de onde tamb\u00e9m partia a prociss\u00e3o. Os fi\u00e9is percorriam a Baixa dos Sapateiros, fazendo parada no 1\u00ba Batalh\u00e3o do Corpo de Bombeiros, subiam a Ladeira da Pra\u00e7a, passando pela Rua da Miseric\u00f3rdia, Pra\u00e7a da S\u00e9, Terreiro de Jesus e desciam a Pra\u00e7a Jos\u00e9 de Alencar, mais conhecida como Largo do Pelourinho.<\/p>\n<p>Houve uma invers\u00e3o, atualmente, a prociss\u00e3o segue pelo Terreiro de Jesus, Pra\u00e7a da S\u00e9, Rua da Miseric\u00f3rdia, Ladeira da Pra\u00e7a, Quartel do Corpo de Bombeiros e depois at\u00e9 o Mercado de Santa B\u00e1rbara, na Baixa dos Sapateiros.<\/p>\n<p>Quando a missa passou a ser celebrada na Igreja Nossa Senhora do Ros\u00e1rio dos Pretos, na d\u00e9cada de 80, a festa de Santa B\u00e1rbara j\u00e1 havia ganhado uma dimens\u00e3o relevante. A presen\u00e7a dos fi\u00e9is cresceu tanto que h\u00e1 nove anos a missa se tornou campal e hoje \u00e9 realizada no Largo do Pelourinho.<\/p>\n<p>Segundo a secret\u00e1ria da Mesa Administrativa da Igreja de Nossa Senhora do Ros\u00e1rio dos Pretos,\u00a0 Cosma Miranda , que h\u00e1 19 anos organiza as celebra\u00e7\u00f5es cat\u00f3licas,\u00a0 a popularidade da santa \u00e9 atribu\u00edda ao &#8220;poder transformador da f\u00e9&#8221;. Ainda de acordo com Cosma, o sincretismo religioso aumenta a grandiosidade da festa. &#8220;A f\u00e9 une todos os povos, por isso a festa de Santa B\u00e1rbara cresceu dessa forma&#8221;, conclui.<\/p>\n<p>Este ano, o tema designado pela Irmandade de Nossa Senhora do Ros\u00e1rio dos Pretos para celebra\u00e7\u00e3o de Santa B\u00e1rbara \u00e9: &#8220;Espelho de Obedi\u00eancia e Fidelidade, ajudai-nos a sermos perseverantes na F\u00e9 em Cristo, nosso Redentor&#8221;.<\/p>\n<p>A prepara\u00e7\u00e3o para o Dia de Santa B\u00e1rbara tem in\u00edcio nesta quinta-feira (01) com o um tr\u00edduo \u00e0 m\u00e1rtir cat\u00f3lica atrav\u00e9s da celebra\u00e7\u00e3o de uma missa \u00e0s 18h, na Igreja Nossa Senhora do Ros\u00e1rio dos Pretos, localizada no Largo do Pelourinho. E segue at\u00e9 domingo (04), quando a partir das 5h da manh\u00e3<em>,<\/em> acontece a alvorada festiva. \u00c0s 7h30, das sacadas da Casa 17, sede do Centro de Cultura Populares e Identit\u00e1rias da SecultBA, m\u00fasicos sopraram os clarins, que v\u00e3o anteceder a Missa Campal, marcada para as 8h. Em seguida a prociss\u00e3o sai pelas ruas do Centro. Em paralelo, \u00e0s 11h tamb\u00e9m \u00e9 rezada uma Missa no Quartel da Barroquinha com participa\u00e7\u00e3o da comunidade e dos Bombeiros Militares.<\/p>\n<p><strong>Quem \u00e9 quem: B\u00e1rbara e Ians\u00e3<\/strong><\/p>\n<p>Reza a lenda que no final do s\u00e9culo III, Santa B\u00e1rbara era uma bela jovem, filha <em>de <\/em>um rico e nobre morador de Nicom\u00e9dia (atual Turquia), chamado Di\u00f3scoro. O pai teria aprisionado a filha em uma torre para proteg\u00ea-la do ass\u00e9dio masculino at\u00e9 que atingisse a idade matrimonial. Quando isso aconteceu, B\u00e1rbara j\u00e1 estava convertida ao cristianismo e n\u00e3o aceitou casar-se e renegar a sua f\u00e9. Transtornado, Di\u00f3scoro degolou a filha em pra\u00e7a p\u00fablica e, ap\u00f3s mat\u00e1-la, foi atingindo por um raio.<\/p>\n<p>J\u00e1 Ians\u00e3, tamb\u00e9m conhecida como Oy\u00e1, \u00e9 tida como &#8220;Senhora dos Raios&#8221;. A poderosa Orix\u00e1 africana tamb\u00e9m controla os ventos e as tempestades, al\u00e9m de ser bela e determinada. Um universo que mexe com o nosso imagin\u00e1rio. Muitos acreditam que Ians\u00e3 era uma mulher-b\u00fafalo e que o capit\u00e3o Ogum, enquanto ca\u00e7ava, ia matar o animal que virou uma encantadora mulher, por quem ele se apaixonou e casou. Outra vers\u00e3o para essa mesma est\u00f3ria diz que Ians\u00e3, j\u00e1 esposa de Ogum, teria feito uma fantasia de b\u00fafalo para fugir \u00e0s escondidas, de vez em quando, e se encontrar com Xang\u00f4, por quem era apaixonada.<\/p>\n<p>Unificadas pelo sincretismo religioso que marcou o per\u00edodo escravocrata no Brasil, Santa B\u00e1rbara e Ians\u00e3 t\u00eam como similaridades, o que hoje podemos chamar de empoderamento feminino. Al\u00e9m de ambas as divindades serem representadas em imagem segurando uma espada.<\/p>\n<p><strong>O Sagrado e o Profano<\/strong><\/p>\n<p>Os dois lados da moeda, como de costume nas festas populares, que misturam manifesta\u00e7\u00f5es religiosas com elementos festivos, o sagrado e profano se mesclam no dia 04 de dezembro.<\/p>\n<p>O caruru de Santa B\u00e1rbara faz parte da liturgia em homenagem a santa. Por isso, depois da prociss\u00e3o, os fi\u00e9is seguem para desfrutar de banquetes oferecidos em alguns pontos do percurso. No Mercado de Santa B\u00e1rbara, e no Quartel do Corpo de Bombeiros.<\/p>\n<p>A festan\u00e7a prossegue com shows espalhados pelos quatro cantos do Pel\u00f4, movimentando todo o Centro Hist\u00f3rico. Entre as atra\u00e7\u00f5es j\u00e1 confirmadas est\u00e3o o grupo Vou com F\u00e9: Samba de Oy\u00e1&#8217; e os Ensaios dos Blocos Samba Fogueir\u00e3o, e Jak\u00e9, na Pra\u00e7a Quincas Berro D&#8217;\u00c1gua. Tamb\u00e9m v\u00e3o marcar presen\u00e7a Samba Pretinho, Grupo Movimento e Samba de Verdade, na Pra\u00e7a Pedro Archanjo.<\/p>\n<p>&nbsp;<\/p>\n<p><strong>PROGRAMA\u00c7\u00c3O \u2013 FESTA DE SANTA B\u00c1RBARA 2016<\/strong><\/p>\n<p>&nbsp;<\/p>\n<p><strong>Atividade: Tr\u00edduo de Santa B\u00e1rbara<\/strong><\/p>\n<p>Data: de 01\/ a 03\/12\/16<\/p>\n<p>Hor\u00e1rio: 18h<\/p>\n<p>Local:\u00a0\u00a0Igreja Nossa Senhora do Ros\u00e1rio dos Pretos<\/p>\n<p>Realiza\u00e7\u00e3o: Irmandade do Ros\u00e1rio dos Pretos\/ Arquidiocese de Salvador<\/p>\n<p>&nbsp;<\/p>\n<p><strong>Atividade: Missa de a\u00e7\u00e3o de gra\u00e7as\/ Caruru e Apresenta\u00e7\u00e3o Cultural<\/strong><\/p>\n<p>Data: 03\/12\/16<\/p>\n<p>Hor\u00e1rio: 17h<\/p>\n<p>Local: Capela do Mercado de Santa B\u00e1rbara<\/p>\n<p>&nbsp;<\/p>\n<p>&nbsp;<\/p>\n<p><strong>DIA 04 DE DEZEMBRO<\/strong><\/p>\n<p>&nbsp;<\/p>\n<p><strong>Atividade: Alvorada de fogos<\/strong><\/p>\n<p>Hor\u00e1rio: 5 h<\/p>\n<p>Local: Pelourinho<\/p>\n<p>Realiza\u00e7\u00e3o: Irmandade do Ros\u00e1rio dos Pretos\/ Arquidiocese de Salvador<\/p>\n<p>&nbsp;<\/p>\n<p><strong>Atividade: Missa Campal<\/strong><\/p>\n<p>Hor\u00e1rio: 8h<\/p>\n<p>Local: Pelourinho<\/p>\n<p>Realiza\u00e7\u00e3o: Irmandade do\u00a0Ros\u00e1rio dos Pretos\/ Arquidiocese de Salvador<\/p>\n<p>&nbsp;<\/p>\n<p><strong>Atividade: Prociss\u00e3o<\/strong><\/p>\n<p>Hor\u00e1rio: 10h<\/p>\n<p>Local: Pelourinho<\/p>\n<p>Realiza\u00e7\u00e3o: Irmandade do\u00a0Ros\u00e1rio dos Pretos\/ Arquidiocese de Salvador<\/p>\n<p>&nbsp;<\/p>\n<p>&nbsp;<\/p>\n<p><strong>PROGRAMA\u00c7\u00c3O APOIADA \u2013 LARGOS\u00a0DO PELOURINHO\u00a0<\/strong><\/p>\n<p>&nbsp;<\/p>\n<p><strong>Atividade: Clarins<\/strong><\/p>\n<p>Hor\u00e1rio: 7h30<\/p>\n<p>Local: Janelas do CCPI \u2013 Casa 17 \u2013 Pelourinho<\/p>\n<p>Realiza\u00e7\u00e3o: SecultBA<\/p>\n<p>&nbsp;<\/p>\n<p><strong>Atividade: Jorginho Commancheiro<\/strong><\/p>\n<p>Hor\u00e1rio: 14h \u00e0s 15h<\/p>\n<p>Local: Largo do Pelourinho \u2013 Palco Principal<\/p>\n<p>Realiza\u00e7\u00e3o: SecultBA<\/p>\n<p>&nbsp;<\/p>\n<p><strong>Atividade: M\u00e1rcia Short<\/strong><\/p>\n<p>Hor\u00e1rio: 15h30 \u00e0s 17h<\/p>\n<p>Local: Largo do Pelourinho \u2013 Palco Principal<\/p>\n<p>Realiza\u00e7\u00e3o: SecultBA<\/p>\n<p>&nbsp;<\/p>\n<p><strong>Atividade: Did\u00e1 Banda Feminina<\/strong><\/p>\n<p>Hor\u00e1rio: 17h30 \u00e0s 19h<\/p>\n<p>Local: Largo do Pelourinho \u2013 Palco Principal<\/p>\n<p>Realiza\u00e7\u00e3o: SecultBA<\/p>\n<p>&nbsp;<\/p>\n<p><strong>Atividade: Alo\u00edsio Menezes<\/strong><\/p>\n<p>Hor\u00e1rio: 19h30 \u00e0s 21h<\/p>\n<p>Local: Largo do Pelourinho \u2013 Palco Principal<\/p>\n<p>Realiza\u00e7\u00e3o: SecultBA<\/p>\n<p>&nbsp;<\/p>\n<p><strong>Atividade: Dia de Santa B\u00e1rbara com Samba do Pretinho, Grupo Movimento e Samba<\/strong> <strong>de Verdade<\/strong><\/p>\n<p>Hor\u00e1rio: 14h \u00e0s 22h \u2013 Acesso gratuito<\/p>\n<p>Local: Largo Pedro Archanjo<\/p>\n<p>Realiza\u00e7\u00e3o: SecultBA<\/p>\n<p>&nbsp;<\/p>\n<p><strong>Atividade: Samba da Vizinha<\/strong><\/p>\n<p>Hor\u00e1rio: 15h \u00e0s 21h \u2013 Acesso R$ 5,00<\/p>\n<p>Local: Largo Tereza Batista<\/p>\n<p>Realiza\u00e7\u00e3o: SecultBA<\/p>\n<p>&nbsp;<\/p>\n<p><strong>Atividade: &#8220;Vou com F\u00e9: Samba de Oy\u00e1&#8221; com Samba Fogueir\u00e3o e Jak\u00e9<\/strong><\/p>\n<p>Hor\u00e1rio: 14h \u00e0s 21h \u2013 Acesso gratuito<\/p>\n<p>Local: Largo Quincas Berros D\u00b4\u00c1gua<\/p>\n<p>Realiza\u00e7\u00e3o: SecultBA<\/p>\n","protected":false},"excerpt":{"rendered":"<p>365 anos de tradi\u00e7\u00e3o e f\u00e9. No dia 04 de dezembro vai ter missa, prociss\u00e3o, samba e caruru &#8220;No dia 4 de dezembro vou no mercado levar, na Baixa do Sapateiro, flores pra santa de l\u00e1, B\u00e1rbara santa guerreira quero a voc\u00ea exaltar, \u00e9 Ians\u00e3 verdadeira a padroeira de l\u00e1&#8221;. Os versos do sambista Ti\u00e3o [&hellip;]<\/p>\n","protected":false},"author":2,"featured_media":0,"comment_status":"open","ping_status":"open","sticky":false,"template":"","format":"standard","meta":{"_links_to":"","_links_to_target":""},"categories":[5,29],"tags":[],"_links":{"self":[{"href":"https:\/\/www.r2cpress.com.br\/v1\/wp-json\/wp\/v2\/posts\/104986"}],"collection":[{"href":"https:\/\/www.r2cpress.com.br\/v1\/wp-json\/wp\/v2\/posts"}],"about":[{"href":"https:\/\/www.r2cpress.com.br\/v1\/wp-json\/wp\/v2\/types\/post"}],"author":[{"embeddable":true,"href":"https:\/\/www.r2cpress.com.br\/v1\/wp-json\/wp\/v2\/users\/2"}],"replies":[{"embeddable":true,"href":"https:\/\/www.r2cpress.com.br\/v1\/wp-json\/wp\/v2\/comments?post=104986"}],"version-history":[{"count":1,"href":"https:\/\/www.r2cpress.com.br\/v1\/wp-json\/wp\/v2\/posts\/104986\/revisions"}],"predecessor-version":[{"id":104989,"href":"https:\/\/www.r2cpress.com.br\/v1\/wp-json\/wp\/v2\/posts\/104986\/revisions\/104989"}],"wp:attachment":[{"href":"https:\/\/www.r2cpress.com.br\/v1\/wp-json\/wp\/v2\/media?parent=104986"}],"wp:term":[{"taxonomy":"category","embeddable":true,"href":"https:\/\/www.r2cpress.com.br\/v1\/wp-json\/wp\/v2\/categories?post=104986"},{"taxonomy":"post_tag","embeddable":true,"href":"https:\/\/www.r2cpress.com.br\/v1\/wp-json\/wp\/v2\/tags?post=104986"}],"curies":[{"name":"wp","href":"https:\/\/api.w.org\/{rel}","templated":true}]}}