{"id":105007,"date":"2016-12-02T17:26:24","date_gmt":"2016-12-02T20:26:24","guid":{"rendered":"http:\/\/www.r2cpress.com.br\/v1\/?p=105007"},"modified":"2016-12-02T17:26:24","modified_gmt":"2016-12-02T20:26:24","slug":"acoes-culturais-marcam-o-centenario-do-terreiro-do-bate-folha","status":"publish","type":"post","link":"https:\/\/www.r2cpress.com.br\/v1\/2016\/12\/02\/acoes-culturais-marcam-o-centenario-do-terreiro-do-bate-folha\/","title":{"rendered":"A\u00e7\u00f5es culturais marcam o centen\u00e1rio do Terreiro do Bate Folha"},"content":{"rendered":"<p style=\"text-align: center;\"><em>A celebra\u00e7\u00e3o conta com confer\u00eancias, palestras, m\u00fasica e teatro com a proposta de preservar o legado <\/em><\/p>\n<p style=\"text-align: center;\"><em>hist\u00f3rico do Terreiro<\/em><\/p>\n<div id=\"attachment_105008\" style=\"width: 610px\" class=\"wp-caption aligncenter\"><a href=\"http:\/\/www.r2cpress.com.br\/v1\/wp-content\/uploads\/2016\/12\/Bate-folha_ft-Marisa-Vianna.jpg\"><img aria-describedby=\"caption-attachment-105008\" loading=\"lazy\" class=\"size-full wp-image-105008\" src=\"http:\/\/www.r2cpress.com.br\/v1\/wp-content\/uploads\/2016\/12\/Bate-folha_ft-Marisa-Vianna.jpg\" alt=\"Bate-folha_ft-Marisa Vianna\" width=\"600\" height=\"372\" srcset=\"https:\/\/www.r2cpress.com.br\/v1\/wp-content\/uploads\/2016\/12\/Bate-folha_ft-Marisa-Vianna.jpg 600w, https:\/\/www.r2cpress.com.br\/v1\/wp-content\/uploads\/2016\/12\/Bate-folha_ft-Marisa-Vianna-300x186.jpg 300w\" sizes=\"(max-width: 600px) 100vw, 600px\" \/><\/a><p id=\"caption-attachment-105008\" class=\"wp-caption-text\"><strong>Bate-folha_ft-Marisa Vianna<\/strong><\/p><\/div>\n<p style=\"text-align: justify;\">Em celebra\u00e7\u00e3o aos seus 100 anos, o Terreiro do Bate Folha (Mata Escura) recebe, nos dias 03 e 04 de dezembro programa\u00e7\u00e3o que inclui semin\u00e1rio, m\u00fasica, teatro, poesia e exposi\u00e7\u00e3o fotogr\u00e1fica. A ocasi\u00e3o \u00e9 para debater e apresentar a hist\u00f3ria do Terreiro, tendo como ponto crucial, a salvaguarda da religi\u00e3o do culto afro-brasileiro de Na\u00e7\u00e3o Congo-Angola (ou apenas Angola) na Bahia. O Centen\u00e1rio \u00e9 apoiado pela Funda\u00e7\u00e3o Pedro Calmon, unidade da SecultBA e sua programa\u00e7\u00e3o apresenta confer\u00eancias e palestras com a proposta de preservar o legado hist\u00f3rico dos 100 anos do Terreiro. &#8220;Nesta comemora\u00e7\u00e3o dos 100 anos do Bate Folha, os baianos \u00e9 que s\u00e3o presenteados. A programa\u00e7\u00e3o de palestras e debates n\u00e3o podia ser mais educativa e cultural. Teremos a oportunidade de aprender como esta comunidade venceu a luta pela preserva\u00e7\u00e3o dos primeiros cultos de matriz africana introduzidos na Bahia, os da na\u00e7\u00e3o Congo-Angola&#8221;, afirma Jorge Portugal, secret\u00e1rio de Cultura do Estado.<\/p>\n<p><!--more--><\/p>\n<p>A programa\u00e7\u00e3o tem inicio \u00e0s 9h30 com as falas dos zeladores do terreiro Nengua Gaguanssesse, Tata Muguanxi e Tata Kissendu, presidente da Sociedade Beneficente Santa Barbara. A partir das 10h40, Zulu Ara\u00fajo, diretor Geral da Funda\u00e7\u00e3o Pedro Calmon, ir\u00e1 proferir palestra com o tema &#8220;Preserva\u00e7\u00e3o de espa\u00e7os sagrados: a import\u00e2ncia da mem\u00f3ria para terreiros de candombl\u00e9&#8221;. Na ocasi\u00e3o, ser\u00e1 oficializado conv\u00eanio da Funda\u00e7\u00e3o com o Terreiro para a constru\u00e7\u00e3o do Memorial Terreiro Bate Folha, que ser\u00e1 assinado, logo em seguida.<\/p>\n<p>&#8220;O centen\u00e1rio do Terreiro do Bate Folha simboliza a resist\u00eancia cidad\u00e3 e a perseveran\u00e7a das religi\u00f5es de matrizes africanas. Ele (o Terreiro) \u00e9 o maior exemplo da capacidade da sabedoria e generosidade que o povo de origem africana tem dedicado e disponibilizado \u00e0 sociedade Brasileira&#8221;, explica Zulu.\u00a0 Para ele uma das poesias mais emblem\u00e1ticas refor\u00e7a o dito. &#8220;Cabe como uma luva nesse simbolismo os versos do nosso secret\u00e1rio de Cultura, Jorge Portugal, cantado por Lazzo Matumbi, &#8216;Apesar de tanto n\u00e3o, somos n\u00f3s a alegria da cidade'&#8221;, finaliza.<\/p>\n<p>A programa\u00e7\u00e3o segue \u00e0 tarde com a confer\u00eancia &#8220;Terreiro Bate Folha \u2013 espa\u00e7o de salvaguarda da mem\u00f3ria afrodescendente&#8221;, com a participa\u00e7\u00e3o de Yeda Pessoa de Castro e de Ordep Serra, ambas da UFBA. A media\u00e7\u00e3o ser\u00e1 feita por Rog\u00e9rio Lima Vidal, da Uneb. Ap\u00f3s a confer\u00eancia, \u00e0s 16h30, ser\u00e3o feitos os lan\u00e7amentos comemorativos aos 100 anos do Terreiro Bate Folha. Encerrando o primeiro dia do evento, \u00e0s 17h, acontecer\u00e3o as apresenta\u00e7\u00f5es do Bloco Alvorada e do m\u00fasico Ger\u00f4nimo.<\/p>\n<p>J\u00e1 no domingo (4), as atividades come\u00e7am com a mesa &#8220;Protagonismos das religi\u00f5es de matriz africana&#8221;, \u00e0s 9h30. Os palestrantes convidados foram Erivaldo Nunes, da UFBA, Camilo Afonso, Adido cultural de Angola, e Tata Tau\u00e1, do Terreiro Bate Folha.<\/p>\n<p>A mesa &#8220;O candombl\u00e9 de Angola e sua resist\u00eancia cultural&#8221; ser\u00e1 apresentada \u00e0s 14h com os palestrantes Tata Nzazi, do Terreiro Tumbans\u00e9, Jo\u00e3o Monteiro, do Il\u00ea Ogum Maata, e Carla Nogueira, do Terreiro Bate Folha. A conversa ser\u00e1 mediada pelo professor da UFBA, Jos\u00e9 Roberto Severino.<\/p>\n<p>Ap\u00f3s os debates, ser\u00e1 apresentado o Recital &#8220;Fala Preta&#8221;, unindo a Poesia de Land\u00ea Onawal\u00ea \u00e0 M\u00fasica e Teatro das atrizes e cantoras, Denise Correia e Luciana Souza e o musicista, Maur\u00edcio Loren\u00e7o. O Recital \u00e9 concebido e dirigido pelo ator Jorge Washington. Por fim, encerrando a programa\u00e7\u00e3o de atividades comemorativas do Terreiro, ser\u00e1 realizado o show de encerramento, \u00e0s 17h30, com apresenta\u00e7\u00e3o do Maracatu Na\u00e7\u00e3o Ra\u00edzes de Pai Ad\u00e3o.<\/p>\n<p>&nbsp;<\/p>\n","protected":false},"excerpt":{"rendered":"<p>A celebra\u00e7\u00e3o conta com confer\u00eancias, palestras, m\u00fasica e teatro com a proposta de preservar o legado hist\u00f3rico do Terreiro Em celebra\u00e7\u00e3o aos seus 100 anos, o Terreiro do Bate Folha (Mata Escura) recebe, nos dias 03 e 04 de dezembro programa\u00e7\u00e3o que inclui semin\u00e1rio, m\u00fasica, teatro, poesia e exposi\u00e7\u00e3o fotogr\u00e1fica. A ocasi\u00e3o \u00e9 para debater [&hellip;]<\/p>\n","protected":false},"author":2,"featured_media":0,"comment_status":"open","ping_status":"open","sticky":false,"template":"","format":"standard","meta":{"_links_to":"","_links_to_target":""},"categories":[5,29],"tags":[],"_links":{"self":[{"href":"https:\/\/www.r2cpress.com.br\/v1\/wp-json\/wp\/v2\/posts\/105007"}],"collection":[{"href":"https:\/\/www.r2cpress.com.br\/v1\/wp-json\/wp\/v2\/posts"}],"about":[{"href":"https:\/\/www.r2cpress.com.br\/v1\/wp-json\/wp\/v2\/types\/post"}],"author":[{"embeddable":true,"href":"https:\/\/www.r2cpress.com.br\/v1\/wp-json\/wp\/v2\/users\/2"}],"replies":[{"embeddable":true,"href":"https:\/\/www.r2cpress.com.br\/v1\/wp-json\/wp\/v2\/comments?post=105007"}],"version-history":[{"count":3,"href":"https:\/\/www.r2cpress.com.br\/v1\/wp-json\/wp\/v2\/posts\/105007\/revisions"}],"predecessor-version":[{"id":105011,"href":"https:\/\/www.r2cpress.com.br\/v1\/wp-json\/wp\/v2\/posts\/105007\/revisions\/105011"}],"wp:attachment":[{"href":"https:\/\/www.r2cpress.com.br\/v1\/wp-json\/wp\/v2\/media?parent=105007"}],"wp:term":[{"taxonomy":"category","embeddable":true,"href":"https:\/\/www.r2cpress.com.br\/v1\/wp-json\/wp\/v2\/categories?post=105007"},{"taxonomy":"post_tag","embeddable":true,"href":"https:\/\/www.r2cpress.com.br\/v1\/wp-json\/wp\/v2\/tags?post=105007"}],"curies":[{"name":"wp","href":"https:\/\/api.w.org\/{rel}","templated":true}]}}