{"id":105022,"date":"2016-12-03T11:02:29","date_gmt":"2016-12-03T14:02:29","guid":{"rendered":"http:\/\/www.r2cpress.com.br\/v1\/?p=105022"},"modified":"2016-12-03T11:02:29","modified_gmt":"2016-12-03T14:02:29","slug":"opus-dei-105","status":"publish","type":"post","link":"https:\/\/www.r2cpress.com.br\/v1\/2016\/12\/03\/opus-dei-105\/","title":{"rendered":"OPUS DEI"},"content":{"rendered":"<table border=\"0\" width=\"100%\" cellspacing=\"0\" cellpadding=\"0\" align=\"center\" bgcolor=\"#ffffff\">\n<tbody>\n<tr>\n<td valign=\"top\" width=\"100%\">\n<table border=\"0\" width=\"92%\" cellspacing=\"0\" cellpadding=\"0\" align=\"center\">\n<tbody>\n<tr>\n<td valign=\"middle\" bgcolor=\"#efede7\" width=\"100%\" height=\"70\">\n<table border=\"0\" width=\"92%\" cellspacing=\"0\" cellpadding=\"0\" align=\"center\" bgcolor=\"#efede7\">\n<tbody>\n<tr>\n<td align=\"left\" valign=\"middle\" bgcolor=\"#efede7\" width=\"60%\"><a href=\"http:\/\/opusdei.us7.list-manage.com\/track\/click?u=1af5d7b530cb590152589eba5&amp;id=7a35a5225a&amp;e=f88f8593e5\" target=\"_blank\" rel=\"noreferrer\"><img src=\"http:\/\/odnmedia.s3.amazonaws.com\/static\/images\/newsletter\/logo.gif\" alt=\"Opus Dei\" border=\"0\" \/><\/a><\/td>\n<td bgcolor=\"#efede7\" width=\"4%\"><\/td>\n<td align=\"right\" valign=\"middle\" bgcolor=\"#efede7\" width=\"36%\"><a href=\"http:\/\/opusdei.us7.list-manage.com\/track\/click?u=1af5d7b530cb590152589eba5&amp;id=2fcb08477f&amp;e=f88f8593e5\" target=\"_blank\" rel=\"noreferrer\"><img src=\"http:\/\/odnmedia.s3.amazonaws.com\/static\/images\/newsletter\/facebook.gif\" alt=\"facebook\" border=\"0\" \/><\/a> <a href=\"http:\/\/opusdei.us7.list-manage.com\/track\/click?u=1af5d7b530cb590152589eba5&amp;id=a8633e5648&amp;e=f88f8593e5\" target=\"_blank\" rel=\"noreferrer\"><img src=\"http:\/\/odnmedia.s3.amazonaws.com\/static\/images\/newsletter\/twitter.gif\" alt=\"twitter\" border=\"0\" \/><\/a> <a href=\"http:\/\/opusdei.us7.list-manage.com\/track\/click?u=1af5d7b530cb590152589eba5&amp;id=695410fce9&amp;e=f88f8593e5\" target=\"_blank\" rel=\"noreferrer\"><img src=\"http:\/\/odnmedia.s3.amazonaws.com\/static\/images\/newsletter\/youtube.gif\" alt=\"youtube\" border=\"0\" \/><\/a> <a href=\"http:\/\/opusdei.us7.list-manage2.com\/track\/click?u=1af5d7b530cb590152589eba5&amp;id=fa70d39b7c&amp;e=f88f8593e5\" target=\"_blank\" rel=\"noreferrer\"><img src=\"http:\/\/odnmedia.s3.amazonaws.com\/static\/images\/newsletter\/flickr.gif\" alt=\"flickr\" border=\"0\" \/><\/a><\/td>\n<\/tr>\n<\/tbody>\n<\/table>\n<\/td>\n<\/tr>\n<tr>\n<td valign=\"top\" width=\"100%\">\n<table border=\"0\" width=\"92%\" cellspacing=\"0\" cellpadding=\"0\" align=\"center\">\n<tbody>\n<tr>\n<td valign=\"top\" width=\"100%\"><i>2 de Dezembro de 2016<\/i><\/td>\n<\/tr>\n<tr>\n<td height=\"29\"><\/td>\n<\/tr>\n<tr>\n<td valign=\"top\" width=\"100%\">\n<table border=\"0\" width=\"100%\" cellspacing=\"0\" cellpadding=\"0\">\n<tbody>\n<tr>\n<td align=\"right\" valign=\"top\" width=\"30%\"><a href=\"http:\/\/opusdei.us7.list-manage.com\/track\/click?u=1af5d7b530cb590152589eba5&amp;id=d92bed7459&amp;e=f88f8593e5\" target=\"_blank\" rel=\"noreferrer\"><img loading=\"lazy\" class=\"aligncenter\" src=\"http:\/\/odnmedia.s3.amazonaws.com\/image\/7mercy1_20160725113343492632_20161202165131836020.jpg\" alt=\"\" width=\"205\" height=\"126\" border=\"0\" \/><\/a><\/td>\n<td width=\"4%\"><\/td>\n<td valign=\"top\" width=\"66%\">\n<table border=\"0\" width=\"100%\" cellspacing=\"0\" cellpadding=\"0\">\n<tbody>\n<tr>\n<td valign=\"top\"><a href=\"http:\/\/opusdei.us7.list-manage.com\/track\/click?u=1af5d7b530cb590152589eba5&amp;id=8ce9b7768e&amp;e=f88f8593e5\" target=\"_blank\" rel=\"noreferrer\"><b>ENSAIOS SOBRE TEMAS VARIADOS<\/b><\/a><\/td>\n<\/tr>\n<tr>\n<td valign=\"top\"><a href=\"http:\/\/opusdei.us7.list-manage.com\/track\/click?u=1af5d7b530cb590152589eba5&amp;id=14360c3f82&amp;e=f88f8593e5\" target=\"_blank\" rel=\"noreferrer\"><b>&#8220;A mim o fizestes&#8221;: as obras de miseric\u00f3rdia corporais<\/b><\/a><\/td>\n<\/tr>\n<tr>\n<td valign=\"top\">Este editorial aborda as obras de miseric\u00f3rdia corporais que Jesus recomendou. Um crist\u00e3o n\u00e3o pode se desinteressar das necessidades dos outros, tamb\u00e9m dos desconhecidos, porque \u00e9 Cristo quem nos pede ajuda em cada um deles.<\/td>\n<\/tr>\n<\/tbody>\n<\/table>\n<\/td>\n<\/tr>\n<\/tbody>\n<\/table>\n<\/td>\n<\/tr>\n<tr>\n<td height=\"18\"><\/td>\n<\/tr>\n<tr>\n<td valign=\"top\" width=\"100%\">\n<table border=\"0\" width=\"100%\" cellspacing=\"0\" cellpadding=\"0\">\n<tbody>\n<tr>\n<td align=\"right\" valign=\"top\" width=\"30%\"><a href=\"http:\/\/opusdei.us7.list-manage1.com\/track\/click?u=1af5d7b530cb590152589eba5&amp;id=9fbdc343a3&amp;e=f88f8593e5\" target=\"_blank\" rel=\"noreferrer\"><img loading=\"lazy\" class=\"aligncenter\" src=\"http:\/\/odnmedia.s3.amazonaws.com\/image\/modelo-600x370-(58)_20161130175150262621.png\" alt=\"\" width=\"203\" height=\"125\" border=\"0\" \/><\/a><\/td>\n<td width=\"4%\"><\/td>\n<td valign=\"top\" width=\"66%\">\n<table border=\"0\" width=\"100%\" cellspacing=\"0\" cellpadding=\"0\">\n<tbody>\n<tr>\n<td valign=\"top\"><a href=\"http:\/\/opusdei.us7.list-manage.com\/track\/click?u=1af5d7b530cb590152589eba5&amp;id=de8541432f&amp;e=f88f8593e5\" target=\"_blank\" rel=\"noreferrer\"><b>AUDI\u00caNCIAS<\/b><\/a><\/td>\n<\/tr>\n<tr>\n<td valign=\"top\"><a href=\"http:\/\/opusdei.us7.list-manage.com\/track\/click?u=1af5d7b530cb590152589eba5&amp;id=b7f74427b1&amp;e=f88f8593e5\" target=\"_blank\" rel=\"noreferrer\"><b>Miseric\u00f3rdia \u00e9 saber rezar uns pelos outros<\/b><\/a><\/td>\n<\/tr>\n<tr>\n<td valign=\"top\">Com a catequese desta quarta-feira (30\/11), o Santo Padre encerrou o ciclo dedicado \u00e0 miseric\u00f3rdia, falando sobre uma obra espiritual, a de &#8220;rezar pelos vivos e pelos mortos&#8221;, e outra corporal, enterrar os mortos. &#8220;As catequeses terminam, mas a&#8230;<\/td>\n<\/tr>\n<\/tbody>\n<\/table>\n<\/td>\n<\/tr>\n<\/tbody>\n<\/table>\n<\/td>\n<\/tr>\n<tr>\n<td height=\"18\"><\/td>\n<\/tr>\n<tr>\n<td valign=\"top\" width=\"100%\">\n<table border=\"0\" width=\"100%\" cellspacing=\"0\" cellpadding=\"0\">\n<tbody>\n<tr>\n<td align=\"right\" valign=\"top\" width=\"30%\"><a href=\"http:\/\/opusdei.us7.list-manage1.com\/track\/click?u=1af5d7b530cb590152589eba5&amp;id=b7e7859f06&amp;e=f88f8593e5\" target=\"_blank\" rel=\"noreferrer\"><img loading=\"lazy\" class=\"aligncenter\" src=\"https:\/\/img.youtube.com\/vi\/bHKooH8Mrx4\/mqdefault.jpg\" alt=\"\" width=\"210\" height=\"118\" border=\"0\" \/><\/a><\/td>\n<td width=\"4%\"><\/td>\n<td valign=\"top\" width=\"66%\">\n<table border=\"0\" width=\"100%\" cellspacing=\"0\" cellpadding=\"0\">\n<tbody>\n<tr>\n<td valign=\"top\"><a href=\"http:\/\/opusdei.us7.list-manage.com\/track\/click?u=1af5d7b530cb590152589eba5&amp;id=7398688d8d&amp;e=f88f8593e5\" target=\"_blank\" rel=\"noreferrer\"><b>INICIATIVAS SOCIAIS<\/b><\/a><\/td>\n<\/tr>\n<tr>\n<td valign=\"top\"><a href=\"http:\/\/opusdei.us7.list-manage.com\/track\/click?u=1af5d7b530cb590152589eba5&amp;id=00d7a648d9&amp;e=f88f8593e5\" target=\"_blank\" rel=\"noreferrer\"><b>Basta come\u00e7ar (10) &#8211; Come\u00e7ar pouco a pouco<\/b><\/a><\/td>\n<\/tr>\n<tr>\n<td valign=\"top\">No d\u00e9cimo v\u00eddeo da s\u00e9rie &#8220;Basta come\u00e7ar&#8221;, aparecem tr\u00eas iniciativas de servi\u00e7o, em Filipinas, \u00c1ustria e Qu\u00eania. Como em outros casos, cujo objetivo \u00e9 responder \u00e0s necessidades concretas das pessoas, elas come\u00e7aram pequenas e n\u00e3o se baseavam&#8230;<\/td>\n<\/tr>\n<\/tbody>\n<\/table>\n<\/td>\n<\/tr>\n<\/tbody>\n<\/table>\n<\/td>\n<\/tr>\n<tr>\n<td height=\"18\"><\/td>\n<\/tr>\n<tr>\n<td valign=\"top\" width=\"100%\">\n<table border=\"0\" width=\"100%\" cellspacing=\"0\" cellpadding=\"0\">\n<tbody>\n<tr>\n<td align=\"right\" valign=\"top\" width=\"30%\"><a href=\"http:\/\/opusdei.us7.list-manage1.com\/track\/click?u=1af5d7b530cb590152589eba5&amp;id=5ed08ab5ed&amp;e=f88f8593e5\" target=\"_blank\" rel=\"noreferrer\"><img loading=\"lazy\" class=\"aligncenter\" src=\"http:\/\/odnmedia.s3.amazonaws.com\/image\/modelo-600x370-(53)_20161127133458150135.png\" alt=\"\" width=\"171\" height=\"105\" border=\"0\" \/><\/a><\/td>\n<td width=\"4%\"><\/td>\n<td valign=\"top\" width=\"66%\">\n<table border=\"0\" width=\"100%\" cellspacing=\"0\" cellpadding=\"0\">\n<tbody>\n<tr>\n<td valign=\"top\"><a href=\"http:\/\/opusdei.us7.list-manage.com\/track\/click?u=1af5d7b530cb590152589eba5&amp;id=d7785f318d&amp;e=f88f8593e5\" target=\"_blank\" rel=\"noreferrer\"><b>NOT\u00cdCIAS<\/b><\/a><\/td>\n<\/tr>\n<tr>\n<td valign=\"top\"><a href=\"http:\/\/opusdei.us7.list-manage.com\/track\/click?u=1af5d7b530cb590152589eba5&amp;id=eb539436cc&amp;e=f88f8593e5\" target=\"_blank\" rel=\"noreferrer\"><b>Preparar a Solenidade da Imaculada Concei\u00e7\u00e3o de Nossa Senhora<\/b><\/a><\/td>\n<\/tr>\n<tr>\n<td valign=\"top\">Dia 8 de dezembro a Igreja celebra a Solenidade da Imaculada Concei\u00e7\u00e3o de Nossa Senhora. Como aux\u00edlio para a prepara\u00e7\u00e3o desta festa, selecionamos alguns artigos sobre a devo\u00e7\u00e3o a Nossa Senhora.<\/td>\n<\/tr>\n<\/tbody>\n<\/table>\n<\/td>\n<\/tr>\n<\/tbody>\n<\/table>\n<\/td>\n<\/tr>\n<tr>\n<td height=\"18\"><\/td>\n<\/tr>\n<tr>\n<td valign=\"top\" width=\"100%\">\n<table border=\"0\" width=\"100%\" cellspacing=\"0\" cellpadding=\"0\">\n<tbody>\n<tr>\n<td align=\"right\" valign=\"top\" width=\"30%\"><a href=\"http:\/\/opusdei.us7.list-manage.com\/track\/click?u=1af5d7b530cb590152589eba5&amp;id=417ddd6865&amp;e=f88f8593e5\" target=\"_blank\" rel=\"noreferrer\"><img loading=\"lazy\" class=\"aligncenter\" src=\"http:\/\/odnmedia.s3.amazonaws.com\/image\/13424310064_ef4217a601_z_20141030163109979122.jpg\" alt=\"\" width=\"189\" height=\"116\" border=\"0\" \/><\/a><\/td>\n<td width=\"4%\"><\/td>\n<td valign=\"top\" width=\"66%\">\n<table border=\"0\" width=\"100%\" cellspacing=\"0\" cellpadding=\"0\">\n<tbody>\n<tr>\n<td valign=\"top\"><a href=\"http:\/\/opusdei.us7.list-manage1.com\/track\/click?u=1af5d7b530cb590152589eba5&amp;id=b4a1100c84&amp;e=f88f8593e5\" target=\"_blank\" rel=\"noreferrer\"><b>PRELAZIA PESSOAL<\/b><\/a><\/td>\n<\/tr>\n<tr>\n<td valign=\"top\"><a href=\"http:\/\/opusdei.us7.list-manage.com\/track\/click?u=1af5d7b530cb590152589eba5&amp;id=74bec4f391&amp;e=f88f8593e5\" target=\"_blank\" rel=\"noreferrer\"><b>Deus n\u00e3o se repete<\/b><\/a><\/td>\n<\/tr>\n<tr>\n<td valign=\"top\">O Papa Jo\u00e3o Paulo II erigiu o Opus Dei em Prelazia Pessoal. O Esp\u00edrito Santo n\u00e3o cessa de nos surpreender. No final do segundo mil\u00eanio florescem novas realidades eclesiais.<\/td>\n<\/tr>\n<\/tbody>\n<\/table>\n<\/td>\n<\/tr>\n<\/tbody>\n<\/table>\n<\/td>\n<\/tr>\n<tr>\n<td height=\"18\"><\/td>\n<\/tr>\n<tr>\n<td valign=\"top\" width=\"100%\">\n<table border=\"0\" width=\"100%\" cellspacing=\"0\" cellpadding=\"0\">\n<tbody>\n<tr>\n<td align=\"right\" valign=\"top\" width=\"30%\"><a href=\"http:\/\/opusdei.us7.list-manage.com\/track\/click?u=1af5d7b530cb590152589eba5&amp;id=7c29ed318a&amp;e=f88f8593e5\" target=\"_blank\" rel=\"noreferrer\"><img loading=\"lazy\" class=\"aligncenter\" src=\"http:\/\/odnmedia.s3.amazonaws.com\/image\/unnamed_20150219092820400183_20150723144821151455.png\" alt=\"\" width=\"128\" height=\"87\" border=\"0\" \/><\/a><\/td>\n<td width=\"4%\"><\/td>\n<td valign=\"top\" width=\"66%\">\n<table border=\"0\" width=\"100%\" cellspacing=\"0\" cellpadding=\"0\">\n<tbody>\n<tr>\n<td valign=\"top\"><a href=\"http:\/\/opusdei.us7.list-manage.com\/track\/click?u=1af5d7b530cb590152589eba5&amp;id=e8f60f36df&amp;e=f88f8593e5\" target=\"_blank\" rel=\"noreferrer\"><b>TEXTOS SOBRE A VIDA CRIST\u00c3<\/b><\/a><\/td>\n<\/tr>\n<tr>\n<td valign=\"top\"><a href=\"http:\/\/opusdei.us7.list-manage.com\/track\/click?u=1af5d7b530cb590152589eba5&amp;id=22edd47b03&amp;e=f88f8593e5\" target=\"_blank\" rel=\"noreferrer\"><b>Novas tecnologias e vida crist\u00e3<\/b><\/a><\/td>\n<\/tr>\n<tr>\n<td valign=\"top\">Reunimos em um ebook cinco editoriais que falam sobre como as tecnologias podem ajudar na rela\u00e7\u00e3o com Deus e com os demais.<\/td>\n<\/tr>\n<\/tbody>\n<\/table>\n<\/td>\n<\/tr>\n<\/tbody>\n<\/table>\n<\/td>\n<\/tr>\n<tr>\n<td height=\"18\"><\/td>\n<\/tr>\n<tr>\n<td valign=\"top\" width=\"100%\">\n<table border=\"0\" width=\"100%\" cellspacing=\"0\" cellpadding=\"0\">\n<tbody>\n<tr>\n<td align=\"right\" valign=\"top\" width=\"30%\"><a href=\"http:\/\/opusdei.us7.list-manage.com\/track\/click?u=1af5d7b530cb590152589eba5&amp;id=66143fed5c&amp;e=f88f8593e5\" target=\"_blank\" rel=\"noreferrer\"><img loading=\"lazy\" class=\"aligncenter\" src=\"http:\/\/odnmedia.s3.amazonaws.com\/image\/modelo-600x370-(50)_20161123201139230279.png\" alt=\"\" width=\"174\" height=\"107\" border=\"0\" \/><\/a><\/td>\n<td width=\"4%\"><\/td>\n<td valign=\"top\" width=\"66%\">\n<table border=\"0\" width=\"100%\" cellspacing=\"0\" cellpadding=\"0\">\n<tbody>\n<tr>\n<td valign=\"top\"><a href=\"http:\/\/opusdei.us7.list-manage.com\/track\/click?u=1af5d7b530cb590152589eba5&amp;id=bd59bb402c&amp;e=f88f8593e5\" target=\"_blank\" rel=\"noreferrer\"><b>NOT\u00cdCIAS<\/b><\/a><\/td>\n<\/tr>\n<tr>\n<td valign=\"top\"><a href=\"http:\/\/opusdei.us7.list-manage1.com\/track\/click?u=1af5d7b530cb590152589eba5&amp;id=c8cc2e41f2&amp;e=f88f8593e5\" target=\"_blank\" rel=\"noreferrer\"><b>Novena da Montse Grases<\/b><\/a><\/td>\n<\/tr>\n<tr>\n<td valign=\"top\">Como um meio de crescer em intimidade com Montse e de recorrer a ela para a obten\u00e7\u00e3o dos favores, o Pe. Francisco Faus escreveu uma novena, voltada de modo especial aos jovens.<\/td>\n<\/tr>\n<\/tbody>\n<\/table>\n<\/td>\n<\/tr>\n<\/tbody>\n<\/table>\n<\/td>\n<\/tr>\n<tr>\n<td height=\"18\"><\/td>\n<\/tr>\n<tr>\n<td valign=\"top\" width=\"100%\">\n<table border=\"0\" width=\"100%\" cellspacing=\"0\" cellpadding=\"0\">\n<tbody>\n<tr>\n<td align=\"right\" valign=\"top\" width=\"30%\"><a href=\"http:\/\/opusdei.us7.list-manage2.com\/track\/click?u=1af5d7b530cb590152589eba5&amp;id=c03c22dca3&amp;e=f88f8593e5\" target=\"_blank\" rel=\"noreferrer\"><img loading=\"lazy\" class=\"aligncenter\" src=\"http:\/\/odnmedia.s3.amazonaws.com\/image\/modelo-600x370_20161124192027154514.png\" alt=\"\" width=\"156\" height=\"96\" border=\"0\" \/><\/a><\/td>\n<td width=\"4%\"><\/td>\n<td valign=\"top\" width=\"66%\">\n<table border=\"0\" width=\"100%\" cellspacing=\"0\" cellpadding=\"0\">\n<tbody>\n<tr>\n<td valign=\"top\"><a href=\"http:\/\/opusdei.us7.list-manage1.com\/track\/click?u=1af5d7b530cb590152589eba5&amp;id=677ad42402&amp;e=f88f8593e5\" target=\"_blank\" rel=\"noreferrer\"><b>ANO LIT\u00daRGICO<\/b><\/a><\/td>\n<\/tr>\n<tr>\n<td valign=\"top\"><a href=\"http:\/\/opusdei.us7.list-manage1.com\/track\/click?u=1af5d7b530cb590152589eba5&amp;id=04c06a0fc7&amp;e=f88f8593e5\" target=\"_blank\" rel=\"noreferrer\"><b>Tempo do Advento: Preparar a Vinda do Senhor<\/b><\/a><\/td>\n<\/tr>\n<tr>\n<td valign=\"top\">O Senhor n\u00e3o se retirou do mundo, n\u00e3o nos deixou s\u00f3s. O Advento \u00e9 um tempo no qual a Igreja convida os seus filhos a vigiar, a estar despertos para receber a Cristo que passa, a Cristo que vem. Editorial sobre este tempo do ano lit\u00fargico.<\/td>\n<\/tr>\n<\/tbody>\n<\/table>\n<\/td>\n<\/tr>\n<\/tbody>\n<\/table>\n<\/td>\n<\/tr>\n<\/tbody>\n<\/table>\n<\/td>\n<\/tr>\n<\/tbody>\n<\/table>\n<\/td>\n<\/tr>\n<\/tbody>\n<\/table>\n","protected":false},"excerpt":{"rendered":"<p>2 de Dezembro de 2016 ENSAIOS SOBRE TEMAS VARIADOS &#8220;A mim o fizestes&#8221;: as obras de miseric\u00f3rdia corporais Este editorial aborda as obras de miseric\u00f3rdia corporais que Jesus recomendou. Um crist\u00e3o n\u00e3o pode se desinteressar das necessidades dos outros, tamb\u00e9m dos desconhecidos, porque \u00e9 Cristo quem nos pede ajuda em cada um deles. AUDI\u00caNCIAS Miseric\u00f3rdia [&hellip;]<\/p>\n","protected":false},"author":2,"featured_media":0,"comment_status":"open","ping_status":"open","sticky":false,"template":"","format":"standard","meta":{"_links_to":"","_links_to_target":""},"categories":[28],"tags":[],"_links":{"self":[{"href":"https:\/\/www.r2cpress.com.br\/v1\/wp-json\/wp\/v2\/posts\/105022"}],"collection":[{"href":"https:\/\/www.r2cpress.com.br\/v1\/wp-json\/wp\/v2\/posts"}],"about":[{"href":"https:\/\/www.r2cpress.com.br\/v1\/wp-json\/wp\/v2\/types\/post"}],"author":[{"embeddable":true,"href":"https:\/\/www.r2cpress.com.br\/v1\/wp-json\/wp\/v2\/users\/2"}],"replies":[{"embeddable":true,"href":"https:\/\/www.r2cpress.com.br\/v1\/wp-json\/wp\/v2\/comments?post=105022"}],"version-history":[{"count":1,"href":"https:\/\/www.r2cpress.com.br\/v1\/wp-json\/wp\/v2\/posts\/105022\/revisions"}],"predecessor-version":[{"id":105023,"href":"https:\/\/www.r2cpress.com.br\/v1\/wp-json\/wp\/v2\/posts\/105022\/revisions\/105023"}],"wp:attachment":[{"href":"https:\/\/www.r2cpress.com.br\/v1\/wp-json\/wp\/v2\/media?parent=105022"}],"wp:term":[{"taxonomy":"category","embeddable":true,"href":"https:\/\/www.r2cpress.com.br\/v1\/wp-json\/wp\/v2\/categories?post=105022"},{"taxonomy":"post_tag","embeddable":true,"href":"https:\/\/www.r2cpress.com.br\/v1\/wp-json\/wp\/v2\/tags?post=105022"}],"curies":[{"name":"wp","href":"https:\/\/api.w.org\/{rel}","templated":true}]}}