{"id":105026,"date":"2016-12-04T09:14:26","date_gmt":"2016-12-04T12:14:26","guid":{"rendered":"http:\/\/www.r2cpress.com.br\/v1\/?p=105026"},"modified":"2016-12-04T09:14:26","modified_gmt":"2016-12-04T12:14:26","slug":"historia-da-santa-barbara-4","status":"publish","type":"post","link":"https:\/\/www.r2cpress.com.br\/v1\/2016\/12\/04\/historia-da-santa-barbara-4\/","title":{"rendered":"Hist\u00f3ria da Santa B\u00e1rbara"},"content":{"rendered":"<p><img loading=\"lazy\" class=\"alignright\" src=\"http:\/\/www.r2cpress.com.br\/v1\/wp-content\/uploads\/santa-brbara-220x300.jpg\" alt=\"\" width=\"220\" height=\"300\" \/>Santa B\u00e1rbara sofreu o mart\u00edrio provavelmente no Egito ou na Antioquia, por volta dos anos 235 ou 313. Sua vida foi escrita em diversos idiomas: grego, sir\u00edaco, arm\u00eanio e latim. Conforme a lenda, Santa B\u00e1rbara era uma jovem bel\u00edssima. Di\u00f3scoro, seu pai, era um pag\u00e3o ciumento. A todo custo desejava resguardar a filha dos pretendentes que a queriam em casamento.<br \/>\nPor isso encerrou-a numa torre. Na torre havia duas janelas, mas Santa B\u00e1rbara mandou contruir uma terceira, em honra \u00e0 Sant\u00edssima Trindade. Um dia, entretanto, Di\u00f3scoro viajou. Santa B\u00e1rbara se fez ent\u00e3o batizar, atraindo a ira do pr\u00f3prio pai. Fugindo de seu perseguidor, os rochedos abriam-se para que ela passasse.<\/p>\n<p>Descoberta e denunciada por um pastor, foi capturada pelo pai e levada perante o tribunal. Santa B\u00e1rbara foi condenada a ser exibida nua por todo o pa\u00eds. Deus, por\u00e9m, se compadeceu de sua sorte, vestindo-a miraculosamente com um suntuoso manto. Padeceu toda sorte de supl\u00edcios: foi queimada com grandes tochas e teve os seios cortados. Foi executada pelo pr\u00f3prio pai, que lhe cortou a cabe\u00e7a com uma espada. Logo ap\u00f3s sua morte, um raio fulmonou seu assassino.<\/p>\n<p>\u00c9 por isso que Santa B\u00e1rbara \u00e9 invocada, nas tempestades, contra o raio. O seu culto espalhou-se rapidamente pelo Oriente e pelo Ocidente, inclusive no Brasil.<\/p>\n<p>Sincretismo da Santa B\u00e1rbara: Yansan ou Oy\u00e1<br \/>\nDevo\u00e7\u00e3o da Santa B\u00e1rbara: Protetora contra raios e tempestades. Santa B\u00e1rbara \u00e9 tamb\u00e9m venerada pelos militares.<br \/>\nData Comemorativa: <strong>4 de Dezembro.<\/strong><\/p>\n<p>&#8212;<br \/>\n<strong>Fonte:<\/strong><br \/>\n<a href=\"http:\/\/minhaprece.com\/santa-barbara\/histria-da-santa-brbara\/\" target=\"_news\"><b>Minha Prece<\/b><\/a><\/p>\n","protected":false},"excerpt":{"rendered":"<p>Santa B\u00e1rbara sofreu o mart\u00edrio provavelmente no Egito ou na Antioquia, por volta dos anos 235 ou 313. Sua vida foi escrita em diversos idiomas: grego, sir\u00edaco, arm\u00eanio e latim. Conforme a lenda, Santa B\u00e1rbara era uma jovem bel\u00edssima. Di\u00f3scoro, seu pai, era um pag\u00e3o ciumento. A todo custo desejava resguardar a filha dos pretendentes [&hellip;]<\/p>\n","protected":false},"author":2,"featured_media":0,"comment_status":"open","ping_status":"open","sticky":false,"template":"","format":"standard","meta":{"_links_to":"","_links_to_target":""},"categories":[28],"tags":[],"_links":{"self":[{"href":"https:\/\/www.r2cpress.com.br\/v1\/wp-json\/wp\/v2\/posts\/105026"}],"collection":[{"href":"https:\/\/www.r2cpress.com.br\/v1\/wp-json\/wp\/v2\/posts"}],"about":[{"href":"https:\/\/www.r2cpress.com.br\/v1\/wp-json\/wp\/v2\/types\/post"}],"author":[{"embeddable":true,"href":"https:\/\/www.r2cpress.com.br\/v1\/wp-json\/wp\/v2\/users\/2"}],"replies":[{"embeddable":true,"href":"https:\/\/www.r2cpress.com.br\/v1\/wp-json\/wp\/v2\/comments?post=105026"}],"version-history":[{"count":1,"href":"https:\/\/www.r2cpress.com.br\/v1\/wp-json\/wp\/v2\/posts\/105026\/revisions"}],"predecessor-version":[{"id":105027,"href":"https:\/\/www.r2cpress.com.br\/v1\/wp-json\/wp\/v2\/posts\/105026\/revisions\/105027"}],"wp:attachment":[{"href":"https:\/\/www.r2cpress.com.br\/v1\/wp-json\/wp\/v2\/media?parent=105026"}],"wp:term":[{"taxonomy":"category","embeddable":true,"href":"https:\/\/www.r2cpress.com.br\/v1\/wp-json\/wp\/v2\/categories?post=105026"},{"taxonomy":"post_tag","embeddable":true,"href":"https:\/\/www.r2cpress.com.br\/v1\/wp-json\/wp\/v2\/tags?post=105026"}],"curies":[{"name":"wp","href":"https:\/\/api.w.org\/{rel}","templated":true}]}}