{"id":105039,"date":"2016-12-04T13:22:31","date_gmt":"2016-12-04T16:22:31","guid":{"rendered":"http:\/\/www.r2cpress.com.br\/v1\/?p=105039"},"modified":"2016-12-04T13:22:31","modified_gmt":"2016-12-04T16:22:31","slug":"sindicato-dos-radialistas-de-ilheus-em-campanha-salarial2017","status":"publish","type":"post","link":"https:\/\/www.r2cpress.com.br\/v1\/2016\/12\/04\/sindicato-dos-radialistas-de-ilheus-em-campanha-salarial2017\/","title":{"rendered":"Sindicato dos Radialistas de Ilh\u00e9us em campanha salarial\/2017"},"content":{"rendered":"<p>O Sindicato dos Radialistas de Ilh\u00e9us (STERT-I) realizou no \u00faltimo dia 25\/11, (conforme edital divulgado na imprensa), assembleia geral para discuss\u00e3o e reivindica\u00e7\u00e3o de propostas de pautas dos acordos salariais com as r\u00e1dios ilheenses, para o ano de 2017. Presentes funcion\u00e1rios de todas as emissoras\/associados, diretoria e assessoria jur\u00eddica.<\/p>\n<p>Segundo o secret\u00e1rio geral da entidade, Dino Rocha, as pautas de reivindica\u00e7\u00f5es foram discutidas amplamente de forma democr\u00e1tica, ouvindo todos, todos os reclames, e seguindo de vota\u00e7\u00e3o aberta. As propostas ser\u00e3o entregues ao patronato no m\u00e1ximo at\u00e9 o d\u00e9cimo dia \u00fatil de dezembro.<\/p>\n<p>Para o presidente do STERT-I, Elias Reis, o melhor acordo \u00e9 aquele em que ambas as partes ganham; quando os funcion\u00e1rios continuam a garantir os seus empregos e que o empregador cumpra com suas obriga\u00e7\u00f5es trabalhistas. \u201cNossa meta \u00e9 o di\u00e1logo e o entendimento, por\u00e9m, sempre visando os interesses dos empregados&#8221;, afirma.<\/p>\n<p>&#8212;<\/p>\n<p>Fonte: STERT-ILH\u00c9US.<\/p>\n","protected":false},"excerpt":{"rendered":"<p>O Sindicato dos Radialistas de Ilh\u00e9us (STERT-I) realizou no \u00faltimo dia 25\/11, (conforme edital divulgado na imprensa), assembleia geral para discuss\u00e3o e reivindica\u00e7\u00e3o de propostas de pautas dos acordos salariais com as r\u00e1dios ilheenses, para o ano de 2017. Presentes funcion\u00e1rios de todas as emissoras\/associados, diretoria e assessoria jur\u00eddica. Segundo o secret\u00e1rio geral da entidade, [&hellip;]<\/p>\n","protected":false},"author":2,"featured_media":0,"comment_status":"open","ping_status":"open","sticky":false,"template":"","format":"standard","meta":{"_links_to":"","_links_to_target":""},"categories":[28],"tags":[],"_links":{"self":[{"href":"https:\/\/www.r2cpress.com.br\/v1\/wp-json\/wp\/v2\/posts\/105039"}],"collection":[{"href":"https:\/\/www.r2cpress.com.br\/v1\/wp-json\/wp\/v2\/posts"}],"about":[{"href":"https:\/\/www.r2cpress.com.br\/v1\/wp-json\/wp\/v2\/types\/post"}],"author":[{"embeddable":true,"href":"https:\/\/www.r2cpress.com.br\/v1\/wp-json\/wp\/v2\/users\/2"}],"replies":[{"embeddable":true,"href":"https:\/\/www.r2cpress.com.br\/v1\/wp-json\/wp\/v2\/comments?post=105039"}],"version-history":[{"count":1,"href":"https:\/\/www.r2cpress.com.br\/v1\/wp-json\/wp\/v2\/posts\/105039\/revisions"}],"predecessor-version":[{"id":105040,"href":"https:\/\/www.r2cpress.com.br\/v1\/wp-json\/wp\/v2\/posts\/105039\/revisions\/105040"}],"wp:attachment":[{"href":"https:\/\/www.r2cpress.com.br\/v1\/wp-json\/wp\/v2\/media?parent=105039"}],"wp:term":[{"taxonomy":"category","embeddable":true,"href":"https:\/\/www.r2cpress.com.br\/v1\/wp-json\/wp\/v2\/categories?post=105039"},{"taxonomy":"post_tag","embeddable":true,"href":"https:\/\/www.r2cpress.com.br\/v1\/wp-json\/wp\/v2\/tags?post=105039"}],"curies":[{"name":"wp","href":"https:\/\/api.w.org\/{rel}","templated":true}]}}