{"id":105062,"date":"2016-12-05T13:43:28","date_gmt":"2016-12-05T16:43:28","guid":{"rendered":"http:\/\/www.r2cpress.com.br\/v1\/?p=105062"},"modified":"2016-12-05T13:43:28","modified_gmt":"2016-12-05T16:43:28","slug":"governador-acompanha-o-inicio-de-operacao-de-3-estacoes-do-metro","status":"publish","type":"post","link":"https:\/\/www.r2cpress.com.br\/v1\/2016\/12\/05\/governador-acompanha-o-inicio-de-operacao-de-3-estacoes-do-metro\/","title":{"rendered":"Governador acompanha o in\u00edcio de opera\u00e7\u00e3o de 3 esta\u00e7\u00f5es do metr\u00f4"},"content":{"rendered":"<p><em>O trecho das esta\u00e7\u00f5es Acesso Norte 2, Detran, e Rodovi\u00e1ria possui 2,2 km e \u00e9 percorrido em pouco mais de tr\u00eas minutos<\/em> <div id=\"attachment_105063\" style=\"width: 610px\" class=\"wp-caption aligncenter\"><a href=\"http:\/\/www.r2cpress.com.br\/v1\/wp-content\/uploads\/2016\/12\/Rui-1.jpg\"><img aria-describedby=\"caption-attachment-105063\" loading=\"lazy\" src=\"http:\/\/www.r2cpress.com.br\/v1\/wp-content\/uploads\/2016\/12\/Rui-1.jpg\" alt=\"SECOM\" width=\"600\" height=\"455\" class=\"size-full wp-image-105063\" srcset=\"https:\/\/www.r2cpress.com.br\/v1\/wp-content\/uploads\/2016\/12\/Rui-1.jpg 600w, https:\/\/www.r2cpress.com.br\/v1\/wp-content\/uploads\/2016\/12\/Rui-1-300x227.jpg 300w\" sizes=\"(max-width: 600px) 100vw, 600px\" \/><\/a><p id=\"caption-attachment-105063\" class=\"wp-caption-text\">SECOM<\/p><\/div>O governador Rui Costa e o presidente da CCR Metr\u00f4 Bahia, Luis Valen\u00e7a, acompanharam nesta segunda-feira (5) o in\u00edcio da opera\u00e7\u00e3o das esta\u00e7\u00f5es Acesso Norte 2, Detran, e Rodovi\u00e1ria: as tr\u00eas primeiras esta\u00e7\u00f5es da Linha 2 do metr\u00f4 inauguradas pelo governo do Estado. O trecho possui 2,2 km e pode ser percorrido em pouco mais de tr\u00eas minutos. A visita tamb\u00e9m contou com a participa\u00e7\u00e3o do senador Otto Alencar.<\/p>\n<p>Essas esta\u00e7\u00f5es come\u00e7am a receber passageiros menos de dois anos ap\u00f3s a ordem de servi\u00e7o dada pelo governo do Estado para in\u00edcio das obras na Linha 2, em fevereiro de 2015. Os servi\u00e7os nessa linha est\u00e3o com mais de 80% de avan\u00e7o f\u00edsico rumo ao Aeroporto, com previs\u00e3o de opera\u00e7\u00e3o completa at\u00e9 final de 2017.<\/p>\n<p><!--more--><\/p>\n<p>A Linha 2 tem o mesmo hor\u00e1rio de funcionamento da Linha 1, das 5h \u00e0 meia-noite, inclusive em feriados e nos finais de semana, com cobran\u00e7a da tarifa de R$ 3,30. No metr\u00f4, o usu\u00e1rio pode utilizar o cart\u00e3o da CCR Metr\u00f4 Bahia, SalvadorCard e Metropasse.<\/p>\n<p>\u201c2016 \u00e9 um marco hist\u00f3rico para a mobilidade de Salvador, ano em que conclu\u00edmos a Linha 1 do metr\u00f4 e estamos iniciando a opera\u00e7\u00e3o da linha 2. Esse trabalho representa um grande esfor\u00e7o que vem sendo feito pelo governo para dotar Salvador de um dos mais modernos e eficientes sistemas de transporte de massa\u201d, comentou o governador Rui Costa.<\/p>\n<p>Agora, j\u00e1 \u00e9 poss\u00edvel chegar de metr\u00f4 da Lapa ao Iguatemi em 14 minutos fazendo a integra\u00e7\u00e3o entre as linhas 1 e 2 no Acesso Norte, sem pagar mais por isso. J\u00e1 a viagem entre Piraj\u00e1 e Rodovi\u00e1ria dura, aproximadamente, 13 minutos.<\/p>\n<p>\u201cQuando chegamos em 2013, havia 6 km de metr\u00f4 e quatro esta\u00e7\u00f5es sem uso. Desde ent\u00e3o, revitalizamos os trens e sistemas, colocamos para operar em 2014, dobramos a extens\u00e3o da Linha 1, iniciamos sua opera\u00e7\u00e3o comercial no in\u00edcio de 2016 e chegamos agora numa regi\u00e3o pulsante de Salvador, o Iguatemi, com seus grandes empreendimentos comerciais e empresariais e tr\u00e2nsito intenso\u201d, afirma o diretor presidente da CCR Metr\u00f4 Bahia, Luis Valen\u00e7a.<\/p>\n<p>\u201cAl\u00e9m disso, j\u00e1 temos mais de 80% das obras das esta\u00e7\u00f5es conclu\u00eddas na Linha 2, em menos de dois anos. Nosso foco \u00e9 a excel\u00eancia no padr\u00e3o de execu\u00e7\u00e3o do projeto com o objetivo de prestar um servi\u00e7o de transporte de qualidade ao longo de todo o per\u00edodo de concess\u00e3o\u201d, concluiu Valen\u00e7a.<\/p>\n<p>Novas esta\u00e7\u00f5es &#8211; As esta\u00e7\u00f5es Acesso Norte 2, Detran e Rodovi\u00e1ria atendem aos bairros de Luiz Anselmo, Vila Laura, Pernambu\u00e9s, Cabula, Retiro, Cidade Nova, Pau Mi\u00fado, Saramandaia, Brotas, e Caminho das \u00c1rvores, alcan\u00e7ando cerca de 150 mil pessoas. <\/p>\n<p>As esta\u00e7\u00f5es exigiram um planejamento minucioso de cada etapa, por se localizarem em \u00e1reas de grande movimenta\u00e7\u00e3o, tr\u00e2nsito intenso e com a presen\u00e7a de grandes empreendimentos comerciais e empresariais, permitindo seu avan\u00e7o com impactos m\u00ednimos \u00e0 rotina do entorno, mantendo a seguran\u00e7a e a mobilidade dos cidad\u00e3os.<\/p>\n<p>As tr\u00eas esta\u00e7\u00f5es possuem biciclet\u00e1rio com capacidade para at\u00e9 100 equipamentos, elevador, escada rolante e escada fixa, totalmente acess\u00edveis; sanit\u00e1rios feminino e masculino e tamb\u00e9m sanit\u00e1rios feminino e masculino para pessoas com defici\u00eancia; sala de primeiros socorros, circuito fechado de TV, integrado em tempo real \u00e0 Sala de Supervis\u00e3o Operacional da Esta\u00e7\u00e3o e ao Centro de Controle Operacional.<\/p>\n<p>Possuem, ainda, aproveitamento m\u00e1ximo de luz natural durante o dia; reservat\u00f3rio de reten\u00e7\u00e3o de \u00e1guas de chuva para aproveitamento nos sanit\u00e1rios; ilumina\u00e7\u00e3o em LED. Nas fachadas, foram utilizados brises para garantir a circula\u00e7\u00e3o natural de ar no ambiente. <\/p>\n<p>A esta\u00e7\u00e3o Acesso Norte tem \u00e1rea de 7.000 metros quadrados, a Detran 9.450 m\u00b2, e a Rodovi\u00e1ria 7.700 m\u00b2. Para efeito de compara\u00e7\u00e3o, as esta\u00e7\u00f5es-t\u00edpicas no canteiro da Avenida Paralela t\u00eam, todas, em m\u00e9dia, 3.500 m\u00b2. Embora os tamanhos sejam distintos, todas t\u00eam o mesmo comprimento de plataforma, atendem \u00e0s regras de acessibilidade e oferecem o mesmo padr\u00e3o de conforto aos usu\u00e1rios.<\/p>\n<p>O complexo de integra\u00e7\u00e3o entre as Linhas 1 e 2 do metr\u00f4, no Acesso Norte, conta ainda com um terminal rodovi\u00e1rio, com quatro plataformas de embarque, 18 baias para \u00f4nibus e est\u00e1 preparado para receber 70 mil passageiros por dia. J\u00e1 est\u00e3o integradas ao metr\u00f4 253 linhas de \u00f4nibus urbanas e outras 19 metropolitanas.<\/p>\n<p>As esta\u00e7\u00f5es Detran e Rodovi\u00e1ria receber\u00e3o novas passarelas de acesso com piso t\u00e1til, c\u00e2meras de monitoramento, largura e comprimento adequados \u00e0s novas regras de acessibilidade, para atender, com seguran\u00e7a e conforto, a demanda de passageiros da regi\u00e3o. Inicialmente, as esta\u00e7\u00f5es ser\u00e3o abertas com passarelas adaptadas. A previs\u00e3o \u00e9 finalizar as novas passarelas at\u00e9 julho de 2017.<\/p>\n<p>As cores das esta\u00e7\u00f5es foram escolhidas a partir de pesquisa realizada na Bahia tendo como base aquelas predominantes em Salvador: o c\u00e9u azul e o verde azulado do mar e a variedade de tons entre vermelho e amarelo de suas frutas (mangaba, caju, manga, caj\u00e1, cacau) e das comidas t\u00edpicas (acaraj\u00e9 e vatap\u00e1), al\u00e9m do azeite de dend\u00ea.<\/p>\n<p>Maior obra de mobilidade urbana em execu\u00e7\u00e3o no Brasil &#8211; As obras das esta\u00e7\u00f5es da Linha 2 est\u00e3o com mais de 80% de avan\u00e7o f\u00edsico rumo ao Aeroporto, com previs\u00e3o de opera\u00e7\u00e3o completa at\u00e9 final de 2017. Entre Pernambu\u00e9s e Mussurunga, as esta\u00e7\u00f5es recebem instala\u00e7\u00f5es hidr\u00e1ulicas, el\u00e9tricas, fechamento lateral com brises, montagem dos equipamentos das salas t\u00e9cnicas, entre outros. <\/p>\n<p>Em todo o trecho tamb\u00e9m est\u00e3o sendo instalados os trilhos. Na regi\u00e3o onde ser\u00e1 erguida a Esta\u00e7\u00e3o Aeroporto foram iniciados os trabalhos de funda\u00e7\u00e3o. Cerca de 7,5 mil oper\u00e1rios trabalham nas obras da Linha 2.<br \/>\nO trecho entre Rodovi\u00e1ria e Pitua\u00e7u tem previs\u00e3o de opera\u00e7\u00e3o com passageiros at\u00e9 julho de 2017. Na regi\u00e3o entre a Rodovi\u00e1ria e Pernambu\u00e9s os trabalhos s\u00e3o intensos na via exclusiva dos \u00f4nibus para a constru\u00e7\u00e3o da Via Expressa que vai permitir desafogar o tr\u00e2nsito at\u00e9 o Viaduto Raul Seixas.<\/p>\n<p>Quando conclu\u00edda at\u00e9 o Aeroporto, a Linha 2 do metr\u00f4 ter\u00e1 20 km e 12 esta\u00e7\u00f5es. O projeto prev\u00ea ainda a expans\u00e3o at\u00e9 Lauro de Freitas, completando 23 km e 13 esta\u00e7\u00f5es. O Sistema Metrovi\u00e1rio de Salvador e Lauro de Freitas, assim que finalizado com as extens\u00f5es das linhas 1 e 2, ser\u00e1 o terceiro maior do pa\u00eds, com 41 km, 23 esta\u00e7\u00f5es e 10 terminais de \u00f4nibus integrados.<\/p>\n","protected":false},"excerpt":{"rendered":"<p>O trecho das esta\u00e7\u00f5es Acesso Norte 2, Detran, e Rodovi\u00e1ria possui 2,2 km e \u00e9 percorrido em pouco mais de tr\u00eas minutos O governador Rui Costa e o presidente da CCR Metr\u00f4 Bahia, Luis Valen\u00e7a, acompanharam nesta segunda-feira (5) o in\u00edcio da opera\u00e7\u00e3o das esta\u00e7\u00f5es Acesso Norte 2, Detran, e Rodovi\u00e1ria: as tr\u00eas primeiras esta\u00e7\u00f5es [&hellip;]<\/p>\n","protected":false},"author":2,"featured_media":0,"comment_status":"open","ping_status":"open","sticky":false,"template":"","format":"standard","meta":{"_links_to":"","_links_to_target":""},"categories":[29],"tags":[],"_links":{"self":[{"href":"https:\/\/www.r2cpress.com.br\/v1\/wp-json\/wp\/v2\/posts\/105062"}],"collection":[{"href":"https:\/\/www.r2cpress.com.br\/v1\/wp-json\/wp\/v2\/posts"}],"about":[{"href":"https:\/\/www.r2cpress.com.br\/v1\/wp-json\/wp\/v2\/types\/post"}],"author":[{"embeddable":true,"href":"https:\/\/www.r2cpress.com.br\/v1\/wp-json\/wp\/v2\/users\/2"}],"replies":[{"embeddable":true,"href":"https:\/\/www.r2cpress.com.br\/v1\/wp-json\/wp\/v2\/comments?post=105062"}],"version-history":[{"count":2,"href":"https:\/\/www.r2cpress.com.br\/v1\/wp-json\/wp\/v2\/posts\/105062\/revisions"}],"predecessor-version":[{"id":105065,"href":"https:\/\/www.r2cpress.com.br\/v1\/wp-json\/wp\/v2\/posts\/105062\/revisions\/105065"}],"wp:attachment":[{"href":"https:\/\/www.r2cpress.com.br\/v1\/wp-json\/wp\/v2\/media?parent=105062"}],"wp:term":[{"taxonomy":"category","embeddable":true,"href":"https:\/\/www.r2cpress.com.br\/v1\/wp-json\/wp\/v2\/categories?post=105062"},{"taxonomy":"post_tag","embeddable":true,"href":"https:\/\/www.r2cpress.com.br\/v1\/wp-json\/wp\/v2\/tags?post=105062"}],"curies":[{"name":"wp","href":"https:\/\/api.w.org\/{rel}","templated":true}]}}