{"id":105075,"date":"2016-12-05T23:29:25","date_gmt":"2016-12-06T02:29:25","guid":{"rendered":"http:\/\/www.r2cpress.com.br\/v1\/?p=105075"},"modified":"2016-12-05T23:29:25","modified_gmt":"2016-12-06T02:29:25","slug":"baianos-apoiados-pelo-governo-do-estado-brilham-na-agenda-esportiva-do-fim-de-semana","status":"publish","type":"post","link":"https:\/\/www.r2cpress.com.br\/v1\/2016\/12\/05\/baianos-apoiados-pelo-governo-do-estado-brilham-na-agenda-esportiva-do-fim-de-semana\/","title":{"rendered":"Baianos apoiados pelo Governo do Estado brilham na agenda esportiva do fim de semana"},"content":{"rendered":"<p id=\"yui_3_16_0_ym19_1_1480984949611_6000\" class=\"yiv6208112868MsoNormal\">\n<div id=\"attachment_105076\" style=\"width: 610px\" class=\"wp-caption aligncenter\"><a href=\"http:\/\/www.r2cpress.com.br\/v1\/wp-content\/uploads\/2016\/12\/Ren\u00ea-Thiago-e-Alan.jpg\"><img aria-describedby=\"caption-attachment-105076\" loading=\"lazy\" class=\"size-full wp-image-105076\" src=\"http:\/\/www.r2cpress.com.br\/v1\/wp-content\/uploads\/2016\/12\/Ren\u00ea-Thiago-e-Alan.jpg\" alt=\"Ren\u00ea, Thiago e Alan\" width=\"600\" height=\"337\" srcset=\"https:\/\/www.r2cpress.com.br\/v1\/wp-content\/uploads\/2016\/12\/Ren\u00ea-Thiago-e-Alan.jpg 600w, https:\/\/www.r2cpress.com.br\/v1\/wp-content\/uploads\/2016\/12\/Ren\u00ea-Thiago-e-Alan-300x168.jpg 300w\" sizes=\"(max-width: 600px) 100vw, 600px\" \/><\/a><p id=\"caption-attachment-105076\" class=\"wp-caption-text\">Ren\u00ea, Thiago e Alan<\/p><\/div>\n<p class=\"yiv6208112868MsoNormal\">O fim de semana foi repleto de competi\u00e7\u00f5es com medalhas para os atletas baianos contemplados pelos programas FazAtleta e Bolsa Esporte, ambos do Governo do Estado. Alan do Carmo (maratonas aqu\u00e1ticas), Thiago Silva (nata\u00e7\u00e3o), Beatriz Dumet (triathlon), e Ren\u00ea Pereira (remo adaptado) conquistaram medalhas nas provas que disputaram, no \u00faltimo s\u00e1bado (03) e domingo (4).<\/p>\n<p class=\"yiv6208112868MsoNormal\">O maratonista aqu\u00e1tico, Allan do Carmo (FazAtleta), foi o mais r\u00e1pido e conquistou a medalha de ouro na prova de 3 quil\u00f4metros durante o Rio Negro Challenge, disputado neste no \u00faltimo domingo (4), em Manaus. Ao todo, mais de 200 atletas brigaram por medalhas na competi\u00e7\u00e3o.<\/p>\n<p class=\"yiv6208112868MsoNormal\">O paratleta ol\u00edmpico Ren\u00ea Pereira (FazAtleta) conquistou o bicampeonato Brasileiro de Remo Paral\u00edmpico. A competi\u00e7\u00e3o foi realizada nas raias das ba\u00edas norte e sul, em Florian\u00f3polis, Santa Catarina.<\/p>\n<p id=\"yui_3_16_0_ym19_1_1480984949611_5979\" class=\"yiv6208112868MsoNormal\">Pela nata\u00e7\u00e3o, o baiano Thiago Silva (Bolsa Esporte), conquistou medalha de ouro nos 1.500m e medalha de prata nos 200m, no Brasileiro Juvenil de Ver\u00e3o, 25\u00ba Trof\u00e9u Carlos Campos Sobrinho de Nata\u00e7\u00e3o. Na competi\u00e7\u00e3o, encerrada neste s\u00e1bado, 3\/12, em Curitiba\/PR, Thiago Silva, ainda assegurou o melhor \u00edndice nos 400m livre.<\/p>\n<p class=\"yiv6208112868MsoNormal\">A atleta Beatriz Dumet (FazAtleta), chegou em primeiro lugar, na 5\u00aa etapa do Campeonato Baiano de Triathlon, que foi realizada em Salvador, no \u00faltimo domingo (4). Com o resultado, somados os pontos das outras etapas, Beatriz foi a campe\u00e3 da prova.<\/p>\n<p class=\"yiv6208112868MsoNormal\">\n","protected":false},"excerpt":{"rendered":"<p>O fim de semana foi repleto de competi\u00e7\u00f5es com medalhas para os atletas baianos contemplados pelos programas FazAtleta e Bolsa Esporte, ambos do Governo do Estado. Alan do Carmo (maratonas aqu\u00e1ticas), Thiago Silva (nata\u00e7\u00e3o), Beatriz Dumet (triathlon), e Ren\u00ea Pereira (remo adaptado) conquistaram medalhas nas provas que disputaram, no \u00faltimo s\u00e1bado (03) e domingo (4). [&hellip;]<\/p>\n","protected":false},"author":2,"featured_media":0,"comment_status":"open","ping_status":"open","sticky":false,"template":"","format":"standard","meta":{"_links_to":"","_links_to_target":""},"categories":[11,29],"tags":[],"_links":{"self":[{"href":"https:\/\/www.r2cpress.com.br\/v1\/wp-json\/wp\/v2\/posts\/105075"}],"collection":[{"href":"https:\/\/www.r2cpress.com.br\/v1\/wp-json\/wp\/v2\/posts"}],"about":[{"href":"https:\/\/www.r2cpress.com.br\/v1\/wp-json\/wp\/v2\/types\/post"}],"author":[{"embeddable":true,"href":"https:\/\/www.r2cpress.com.br\/v1\/wp-json\/wp\/v2\/users\/2"}],"replies":[{"embeddable":true,"href":"https:\/\/www.r2cpress.com.br\/v1\/wp-json\/wp\/v2\/comments?post=105075"}],"version-history":[{"count":1,"href":"https:\/\/www.r2cpress.com.br\/v1\/wp-json\/wp\/v2\/posts\/105075\/revisions"}],"predecessor-version":[{"id":105077,"href":"https:\/\/www.r2cpress.com.br\/v1\/wp-json\/wp\/v2\/posts\/105075\/revisions\/105077"}],"wp:attachment":[{"href":"https:\/\/www.r2cpress.com.br\/v1\/wp-json\/wp\/v2\/media?parent=105075"}],"wp:term":[{"taxonomy":"category","embeddable":true,"href":"https:\/\/www.r2cpress.com.br\/v1\/wp-json\/wp\/v2\/categories?post=105075"},{"taxonomy":"post_tag","embeddable":true,"href":"https:\/\/www.r2cpress.com.br\/v1\/wp-json\/wp\/v2\/tags?post=105075"}],"curies":[{"name":"wp","href":"https:\/\/api.w.org\/{rel}","templated":true}]}}