{"id":105087,"date":"2016-12-06T22:27:52","date_gmt":"2016-12-07T01:27:52","guid":{"rendered":"http:\/\/www.r2cpress.com.br\/v1\/?p=105087"},"modified":"2016-12-06T22:27:52","modified_gmt":"2016-12-07T01:27:52","slug":"governador-rui-costa-participa-do-5o-encontro-de-prefeitos-promovido-pela-upb-em-guarajuba","status":"publish","type":"post","link":"https:\/\/www.r2cpress.com.br\/v1\/2016\/12\/06\/governador-rui-costa-participa-do-5o-encontro-de-prefeitos-promovido-pela-upb-em-guarajuba\/","title":{"rendered":"Governador Rui Costa participa do 5\u00ba Encontro de Prefeitos promovido pela UPB em Guarajuba"},"content":{"rendered":"<p><div id=\"attachment_105088\" style=\"width: 320px\" class=\"wp-caption alignright\"><a href=\"http:\/\/www.r2cpress.com.br\/v1\/wp-content\/uploads\/2016\/12\/Rui-11.jpg\"><img aria-describedby=\"caption-attachment-105088\" loading=\"lazy\" src=\"http:\/\/www.r2cpress.com.br\/v1\/wp-content\/uploads\/2016\/12\/Rui-11.jpg\" alt=\"Rui Costa\" width=\"310\" height=\"232\" class=\"size-full wp-image-105088\" srcset=\"https:\/\/www.r2cpress.com.br\/v1\/wp-content\/uploads\/2016\/12\/Rui-11.jpg 310w, https:\/\/www.r2cpress.com.br\/v1\/wp-content\/uploads\/2016\/12\/Rui-11-300x224.jpg 300w\" sizes=\"(max-width: 310px) 100vw, 310px\" \/><\/a><p id=\"caption-attachment-105088\" class=\"wp-caption-text\">Rui Costa<\/p><\/div>O governador Rui Costa garantiu que o Estado creditar\u00e1 \u2013 a exemplo do ocorrido em 2015 \u2013 no dia 31 deste m\u00eas na conta dos 417 munic\u00edpios baianos os valores dos repasses referentes \u00e0s suas obriga\u00e7\u00f5es, a exemplo das \u00e1reas de sa\u00fade, educa\u00e7\u00e3o, e transporte escolar. <\/p>\n<p>Ele tamb\u00e9m anunciou que \u2013 apesar da crise econ\u00f4mica que os Estados vivenciam \u2013 a Bahia est\u00e1 estudando a antecipa\u00e7\u00e3o do dia 05 de janeiro para o dia 31 de dezembro do repasse aos munic\u00edpios da parcela da contribui\u00e7\u00e3o sobre o Imposto de Circula\u00e7\u00e3o de Mercadorias (ICMS).<\/p>\n<p>As boas novas foram anunciadas aos prefeitos eleitos e reeleitos nesta ter\u00e7a-feira (6) durante a cerim\u00f4nia oficial de abertura do 5\u00ba Encontro de Prefeitos \u2013 Escola de Gest\u00e3o, evento promovido pela<br \/>\nUni\u00e3o dos Munic\u00edpios da Bahia (UPB), que acontece at\u00e9 quinta-feira (8) no Vila Gal\u00e9 Mar\u00e9s, em Guarajuba, munic\u00edpio de Cama\u00e7ari.<\/p>\n<p><!--more--><\/p>\n<p>Sobre a crise econ\u00f4mica que o Pa\u00eds atravessa, Rui Costa afirmou: \u201c\u00c9 preciso uma sa\u00edda para o Brasil. O cen\u00e1rio que se encontra n\u00e3o \u00e9 de melhoria, portanto toda cautela \u00e9 necess\u00e1ria para o in\u00edcio de governo. Dos 27 estados, apenas quatro pagam mensalmente em dia seus funcion\u00e1rios. Rio de Janeiro, Minas Gerais, Rio Grande do Sul, e Rio Grande do Norte j\u00e1 decretaram estados de fal\u00eancia\u201d.<\/p>\n<p>Ele sinalizou aos prefeitos a convic\u00e7\u00e3o de que \u00e9 preciso trabalhar em parceria. \u201cQuando a gente faz trabalhos em parceria com os munic\u00edpios \u00e9 mais r\u00e1pido e barato. Parcerias com os cons\u00f3rcios de sa\u00fade, rede de abastecimento de \u00e1gua, transforma\u00e7\u00e3o dos hospitais regionais, policl\u00ednicas, reduzindo o custo de cada prefeito. Precisamos ser criativos para poder fazer, de forma barata, mas com maior efici\u00eancia\u201d, destacou o governador.<\/p>\n<p>Na abertura do evento, a presidente da Uni\u00e3o dos Munic\u00edpios da Bahia (UPB), Maria Quit\u00e9ria, deu boas vindas aos prefeitos eleitos e reeleitos e disse que a realiza\u00e7\u00e3o do encontro \u00e9 para nortear principalmente os novos gestores a como iniciar sua trajet\u00f3ria a partir de 01 de janeiro de 2017.<\/p>\n<p>\u201cQueremos revigorar e fortalecer o papel do munic\u00edpio no debate pol\u00edtico do Estado e do Pa\u00eds e entrar na discuss\u00e3o sobre o futuro da gest\u00e3o p\u00fablica e o processo de reformas: pol\u00edtica, tribut\u00e1ria e administrativa do Brasil. Estas s\u00e3o quest\u00f5es que precisam ser debatidas para juntos buscarmos solu\u00e7\u00f5es e efetivarmos a\u00e7\u00f5es em benef\u00edcio dos munic\u00edpios brasileiros\u201d, afirmou Maria Quit\u00e9ria, presidente da UPB e anfitri\u00e3 do encontro.<\/p>\n<p>Estiveram presentes na abertura do 5\u00ba Encontro de Prefeitos, al\u00e9m do governador Rui Costa e do secret\u00e1rio Josias Gomes (Rela\u00e7\u00f5es Institucionais), diversos secret\u00e1rios estaduais, o presidente do Tribunal de Contas do Estado da Bahia (TCE), conselheiro Inaldo da Paix\u00e3o, representante do Tribunal de Contas dos Munic\u00edpios da Bahia (TCM), Luiz Freitas, representante da Caixa Econ\u00f4mica Federal, Marcos Vin\u00edcius, representante do Sebrae, Adhvan Furtado, o sub-chefe de Assuntos Federativos da Presid\u00eancia da Rep\u00fablica, Cl\u00e9sio S\u00f3stenes, os deputados federais Luiz Caetano, Alice Portugal e Daniel Almeida, os deputados estaduais Marcelo Nilo, Bira Cor\u00f4a, F\u00e1tima Nunes, Neusa Cadore, Luiza Maia, Gika Lopes, Euclides Fernandes, Fab\u00edola Mansur, e Vando, al\u00e9m dos representantes municipalistas.<\/p>\n<p>O 5\u00ba Encontro de Prefeitos se estender\u00e1 at\u00e9 quinta-feira com uma programa\u00e7\u00e3o intensa de assuntos t\u00e9cnicos direcionados exclusivamente \u00e0 gest\u00e3o p\u00fablica municipal. Contribuir para a discuss\u00e3o do mandato 2017\/2020 e fortalecer o di\u00e1logo entre as tr\u00eas esferas do poder &#8211; municipal, estadual e federal &#8211; est\u00e3o entre os objetivos do evento.<\/p>\n","protected":false},"excerpt":{"rendered":"<p>O governador Rui Costa garantiu que o Estado creditar\u00e1 \u2013 a exemplo do ocorrido em 2015 \u2013 no dia 31 deste m\u00eas na conta dos 417 munic\u00edpios baianos os valores dos repasses referentes \u00e0s suas obriga\u00e7\u00f5es, a exemplo das \u00e1reas de sa\u00fade, educa\u00e7\u00e3o, e transporte escolar. Ele tamb\u00e9m anunciou que \u2013 apesar da crise econ\u00f4mica [&hellip;]<\/p>\n","protected":false},"author":2,"featured_media":0,"comment_status":"open","ping_status":"open","sticky":false,"template":"","format":"standard","meta":{"_links_to":"","_links_to_target":""},"categories":[29,22],"tags":[],"_links":{"self":[{"href":"https:\/\/www.r2cpress.com.br\/v1\/wp-json\/wp\/v2\/posts\/105087"}],"collection":[{"href":"https:\/\/www.r2cpress.com.br\/v1\/wp-json\/wp\/v2\/posts"}],"about":[{"href":"https:\/\/www.r2cpress.com.br\/v1\/wp-json\/wp\/v2\/types\/post"}],"author":[{"embeddable":true,"href":"https:\/\/www.r2cpress.com.br\/v1\/wp-json\/wp\/v2\/users\/2"}],"replies":[{"embeddable":true,"href":"https:\/\/www.r2cpress.com.br\/v1\/wp-json\/wp\/v2\/comments?post=105087"}],"version-history":[{"count":2,"href":"https:\/\/www.r2cpress.com.br\/v1\/wp-json\/wp\/v2\/posts\/105087\/revisions"}],"predecessor-version":[{"id":105090,"href":"https:\/\/www.r2cpress.com.br\/v1\/wp-json\/wp\/v2\/posts\/105087\/revisions\/105090"}],"wp:attachment":[{"href":"https:\/\/www.r2cpress.com.br\/v1\/wp-json\/wp\/v2\/media?parent=105087"}],"wp:term":[{"taxonomy":"category","embeddable":true,"href":"https:\/\/www.r2cpress.com.br\/v1\/wp-json\/wp\/v2\/categories?post=105087"},{"taxonomy":"post_tag","embeddable":true,"href":"https:\/\/www.r2cpress.com.br\/v1\/wp-json\/wp\/v2\/tags?post=105087"}],"curies":[{"name":"wp","href":"https:\/\/api.w.org\/{rel}","templated":true}]}}