{"id":105096,"date":"2016-12-07T11:30:28","date_gmt":"2016-12-07T14:30:28","guid":{"rendered":"http:\/\/www.r2cpress.com.br\/v1\/?p=105096"},"modified":"2016-12-07T11:30:28","modified_gmt":"2016-12-07T14:30:28","slug":"volei-master-de-ilheus-brilha-nos-jogos-abertos-da-bahia-jab","status":"publish","type":"post","link":"https:\/\/www.r2cpress.com.br\/v1\/2016\/12\/07\/volei-master-de-ilheus-brilha-nos-jogos-abertos-da-bahia-jab\/","title":{"rendered":"V\u00f4lei Master de Ilh\u00e9us brilha nos Jogos Abertos da Bahia &#8211; JAB"},"content":{"rendered":"<p>A Sele\u00e7\u00e3o \u201cV\u00f4lei Sauros\u201d de Ilh\u00e9us conquista o segundo lugar na Bahia e primeiro lugar no interior. \u00c9 grande a fa\u00e7anha alcan\u00e7ada por este grupo de atletas veteranos retornando com o t\u00edtulo e reconhecimentos para a nossa regi\u00e3o e atletas.<\/p>\n<div id=\"attachment_105097\" style=\"width: 610px\" class=\"wp-caption aligncenter\"><a href=\"http:\/\/www.r2cpress.com.br\/v1\/wp-content\/uploads\/2016\/12\/SAUROS_VOLEI.jpg\"><img aria-describedby=\"caption-attachment-105097\" loading=\"lazy\" class=\"size-full wp-image-105097\" src=\"http:\/\/www.r2cpress.com.br\/v1\/wp-content\/uploads\/2016\/12\/SAUROS_VOLEI.jpg\" alt=\"SAUROS 01\" width=\"600\" height=\"410\" srcset=\"https:\/\/www.r2cpress.com.br\/v1\/wp-content\/uploads\/2016\/12\/SAUROS_VOLEI.jpg 600w, https:\/\/www.r2cpress.com.br\/v1\/wp-content\/uploads\/2016\/12\/SAUROS_VOLEI-300x205.jpg 300w\" sizes=\"(max-width: 600px) 100vw, 600px\" \/><\/a><p id=\"caption-attachment-105097\" class=\"wp-caption-text\">SAUROS 01<\/p><\/div>\n<p><span style=\"color: #000000;\">O I Jogos Abertos da Bahia foi criado pelos atletas veteranos da Bahia, categoria Master 45 anos ou mais com o objetivo de comemorar os 50 anos \u2013 Jubileu de Ouro dos Jogos Abertos do Interior.<\/span><\/p>\n<p><span style=\"color: #000000;\">O objetivo maior foi comemorar os 50 anos de Jogos e fortalecer o esporte amador no estado. O evento tamb\u00e9m lan\u00e7ou a semente para estimular e resgatar a realiza\u00e7\u00e3o de Jogos Abertos na Bahia, incluindo agora times da nossa capital Salvador.<\/span><\/p>\n<p><span style=\"color: #000000;\">O campeonato aconteceu no ultimo final de semana nos dias 2, 3 e 4 de dezembro de 2016 na cidade de Feira de Santana.<\/span><\/p>\n<div id=\"attachment_105098\" style=\"width: 220px\" class=\"wp-caption aligncenter\"><a href=\"http:\/\/www.r2cpress.com.br\/v1\/wp-content\/uploads\/2016\/12\/JOGOS-ABERTOS-DA-BAHIA_JAB.jpg\"><img aria-describedby=\"caption-attachment-105098\" loading=\"lazy\" class=\"size-full wp-image-105098\" src=\"http:\/\/www.r2cpress.com.br\/v1\/wp-content\/uploads\/2016\/12\/JOGOS-ABERTOS-DA-BAHIA_JAB.jpg\" alt=\"JAB\" width=\"210\" height=\"213\" \/><\/a><p id=\"caption-attachment-105098\" class=\"wp-caption-text\">JAB<\/p><\/div>\n<h3><span style=\"color: #000000;\">O grupo de entusiastas j\u00e1 pensa em realizar o II Jogos Abertos da Bahia em Ilh\u00e9us em 2017, e desde j\u00e1 conclama todos para que apoiem a iniciativa!<\/span><\/h3>\n<h3><strong><span style=\"color: #000000;\">Agradecemos a todos os apoiadores, patrocinadores, colaboradores e parceiros por acreditar no \u201cV\u00f4lei Sauros\u201d, solicitamos que continuem a caminhar conosco.<\/span><\/strong><\/h3>\n<h3><strong><span style=\"color: #000000;\">Viva o esporte!<\/span><\/strong><\/h3>\n","protected":false},"excerpt":{"rendered":"<p>A Sele\u00e7\u00e3o \u201cV\u00f4lei Sauros\u201d de Ilh\u00e9us conquista o segundo lugar na Bahia e primeiro lugar no interior. \u00c9 grande a fa\u00e7anha alcan\u00e7ada por este grupo de atletas veteranos retornando com o t\u00edtulo e reconhecimentos para a nossa regi\u00e3o e atletas. O I Jogos Abertos da Bahia foi criado pelos atletas veteranos da Bahia, categoria Master [&hellip;]<\/p>\n","protected":false},"author":2,"featured_media":0,"comment_status":"open","ping_status":"open","sticky":false,"template":"","format":"standard","meta":{"_links_to":"","_links_to_target":""},"categories":[10,11],"tags":[],"_links":{"self":[{"href":"https:\/\/www.r2cpress.com.br\/v1\/wp-json\/wp\/v2\/posts\/105096"}],"collection":[{"href":"https:\/\/www.r2cpress.com.br\/v1\/wp-json\/wp\/v2\/posts"}],"about":[{"href":"https:\/\/www.r2cpress.com.br\/v1\/wp-json\/wp\/v2\/types\/post"}],"author":[{"embeddable":true,"href":"https:\/\/www.r2cpress.com.br\/v1\/wp-json\/wp\/v2\/users\/2"}],"replies":[{"embeddable":true,"href":"https:\/\/www.r2cpress.com.br\/v1\/wp-json\/wp\/v2\/comments?post=105096"}],"version-history":[{"count":2,"href":"https:\/\/www.r2cpress.com.br\/v1\/wp-json\/wp\/v2\/posts\/105096\/revisions"}],"predecessor-version":[{"id":105100,"href":"https:\/\/www.r2cpress.com.br\/v1\/wp-json\/wp\/v2\/posts\/105096\/revisions\/105100"}],"wp:attachment":[{"href":"https:\/\/www.r2cpress.com.br\/v1\/wp-json\/wp\/v2\/media?parent=105096"}],"wp:term":[{"taxonomy":"category","embeddable":true,"href":"https:\/\/www.r2cpress.com.br\/v1\/wp-json\/wp\/v2\/categories?post=105096"},{"taxonomy":"post_tag","embeddable":true,"href":"https:\/\/www.r2cpress.com.br\/v1\/wp-json\/wp\/v2\/tags?post=105096"}],"curies":[{"name":"wp","href":"https:\/\/api.w.org\/{rel}","templated":true}]}}