{"id":105111,"date":"2016-12-07T15:34:37","date_gmt":"2016-12-07T18:34:37","guid":{"rendered":"http:\/\/www.r2cpress.com.br\/v1\/?p=105111"},"modified":"2016-12-07T15:34:37","modified_gmt":"2016-12-07T18:34:37","slug":"em-brasilia-rui-discute-com-governo-chines-novos-investimentos-para-a-bahia","status":"publish","type":"post","link":"https:\/\/www.r2cpress.com.br\/v1\/2016\/12\/07\/em-brasilia-rui-discute-com-governo-chines-novos-investimentos-para-a-bahia\/","title":{"rendered":"Em Bras\u00edlia, Rui discute com governo chin\u00eas novos investimentos para a Bahia"},"content":{"rendered":"<div>Projetos estruturantes que colocar\u00e3o a Bahia num novo patamar de atra\u00e7\u00e3o de neg\u00f3cios est\u00e3o na mira do governador Rui Costa e s\u00e3o pauta de viagem a Bras\u00edlia nesta quarta-feira (7). Na embaixada da China, Rui apresentou ao embaixador Li Jinzhang o projeto da Ponte Salvador \u2013 Itaparica, do Ve\u00edculo Leve sobre Trilhos (VLT) do Sub\u00farbio de Salvador, do Porto Sul e a obra da Ferrovia de Integra\u00e7\u00e3o Oeste Leste (Fiol).<\/div>\n<div>\n<div id=\"attachment_105113\" style=\"width: 610px\" class=\"wp-caption aligncenter\"><a href=\"http:\/\/www.r2cpress.com.br\/v1\/wp-content\/uploads\/2016\/12\/1481132640.jpeg\"><img aria-describedby=\"caption-attachment-105113\" loading=\"lazy\" class=\"size-full wp-image-105113\" src=\"http:\/\/www.r2cpress.com.br\/v1\/wp-content\/uploads\/2016\/12\/1481132640.jpeg\" alt=\"Foto: Camila Peres\/GOVBA \" width=\"600\" height=\"450\" srcset=\"https:\/\/www.r2cpress.com.br\/v1\/wp-content\/uploads\/2016\/12\/1481132640.jpeg 600w, https:\/\/www.r2cpress.com.br\/v1\/wp-content\/uploads\/2016\/12\/1481132640-300x225.jpeg 300w\" sizes=\"(max-width: 600px) 100vw, 600px\" \/><\/a><p id=\"caption-attachment-105113\" class=\"wp-caption-text\"><strong>Foto: Camila Peres\/GOVBA<\/strong><\/p><\/div>\n<\/div>\n<div>A discuss\u00e3o na embaixada permitiu o detalhamento da miss\u00e3o que o governador fez \u00e0 China, em mar\u00e7o deste ano, e a continuidade das negocia\u00e7\u00f5es. O entendimento comum entre o Governo da Bahia e o Governo Chin\u00eas sobre o trajeto da Fiol e seu uso para viabilizar a Ferrovia Bioce\u00e2nica foi comemorado. Os chineses estudam este investimento, que ligar\u00e1 o Brasil ao Oceano Pac\u00edfico, chegando ao Peru. Os dois governos atestam a viabilidade do projeto, sendo ent\u00e3o a Fiol e o Porto Sul parte deste canal de liga\u00e7\u00e3o e escoamento. &#8220;Estamos trabalhando firme para ter a presen\u00e7a chinesa nesses grandes projetos da Bahia. E abertos para sermos parceiros, entrando com investimento dentro de nosso territ\u00f3rio, retirada do peso tribut\u00e1rio para viabilizar a Bioce\u00e2nica, passando pela Bahia&#8221;, afirmou Rui.<\/div>\n<div><\/div>\n<div>No encontro, o embaixador Li Jinzhang indagou: &#8220;Por que n\u00e3o vamos iniciar agora este projeto?&#8221;. Em resposta, o governador rapidamente pegou a caneta e afirmou que estava pronto para assinar. O representante da China garantiu que a embaixada est\u00e1 com total aten\u00e7\u00e3o \u00e0 Fiol e garantiu ao governador: &#8220;Vou te dar todo apoio neste projeto&#8221;.<\/div>\n<div><\/div>\n<div>A Fiol tem 70% executados no trecho Ilh\u00e9us\/Caetit\u00e9 e 10% de Caetit\u00e9 ao Rio S\u00e3o Francisco. Na despedida, o embaixador assinalou que n\u00e3o pode-se esperar muito para ver a obra conclu\u00edda. O governador concordou, acrescentando: &#8220;Meu estilo \u00e9 trabalhar muito e falar pouco&#8221;.<\/div>\n<div><\/div>\n<div>A pr\u00f3xima agenda de Rui ser\u00e1 com o presidente da Rep\u00fablica, Michel Temer, ainda na tarde desta quarta (7), quando solicitar\u00e1 rapidez nas defini\u00e7\u00f5es que cabem ao governo federal para que o investimento chin\u00eas chegue logo e a estrada de ferro comece a operar na Bahia, sendo ponto de partida para a Bioce\u00e2nica.<\/div>\n<div><\/div>\n<div>A comitiva que acompanhou o governador foi formada pelo vice-governador, Jo\u00e3o Le\u00e3o, o secret\u00e1rio da Casa Civil, Bruno Dauster, secret\u00e1rio de Infraestrutura, Marcus Cavalcanti, e o coordenador da Representa\u00e7\u00e3o da Bahia em Bras\u00edlia, Jonas Paulo.<\/div>\n<p>&nbsp;<\/p>\n","protected":false},"excerpt":{"rendered":"<p>Projetos estruturantes que colocar\u00e3o a Bahia num novo patamar de atra\u00e7\u00e3o de neg\u00f3cios est\u00e3o na mira do governador Rui Costa e s\u00e3o pauta de viagem a Bras\u00edlia nesta quarta-feira (7). Na embaixada da China, Rui apresentou ao embaixador Li Jinzhang o projeto da Ponte Salvador \u2013 Itaparica, do Ve\u00edculo Leve sobre Trilhos (VLT) do Sub\u00farbio [&hellip;]<\/p>\n","protected":false},"author":2,"featured_media":0,"comment_status":"open","ping_status":"open","sticky":false,"template":"","format":"standard","meta":{"_links_to":"","_links_to_target":""},"categories":[29],"tags":[],"_links":{"self":[{"href":"https:\/\/www.r2cpress.com.br\/v1\/wp-json\/wp\/v2\/posts\/105111"}],"collection":[{"href":"https:\/\/www.r2cpress.com.br\/v1\/wp-json\/wp\/v2\/posts"}],"about":[{"href":"https:\/\/www.r2cpress.com.br\/v1\/wp-json\/wp\/v2\/types\/post"}],"author":[{"embeddable":true,"href":"https:\/\/www.r2cpress.com.br\/v1\/wp-json\/wp\/v2\/users\/2"}],"replies":[{"embeddable":true,"href":"https:\/\/www.r2cpress.com.br\/v1\/wp-json\/wp\/v2\/comments?post=105111"}],"version-history":[{"count":2,"href":"https:\/\/www.r2cpress.com.br\/v1\/wp-json\/wp\/v2\/posts\/105111\/revisions"}],"predecessor-version":[{"id":105114,"href":"https:\/\/www.r2cpress.com.br\/v1\/wp-json\/wp\/v2\/posts\/105111\/revisions\/105114"}],"wp:attachment":[{"href":"https:\/\/www.r2cpress.com.br\/v1\/wp-json\/wp\/v2\/media?parent=105111"}],"wp:term":[{"taxonomy":"category","embeddable":true,"href":"https:\/\/www.r2cpress.com.br\/v1\/wp-json\/wp\/v2\/categories?post=105111"},{"taxonomy":"post_tag","embeddable":true,"href":"https:\/\/www.r2cpress.com.br\/v1\/wp-json\/wp\/v2\/tags?post=105111"}],"curies":[{"name":"wp","href":"https:\/\/api.w.org\/{rel}","templated":true}]}}