{"id":105257,"date":"2016-12-13T18:54:41","date_gmt":"2016-12-13T21:54:41","guid":{"rendered":"http:\/\/www.r2cpress.com.br\/v1\/?p=105257"},"modified":"2016-12-13T18:54:41","modified_gmt":"2016-12-13T21:54:41","slug":"noticias-da-avep-86","status":"publish","type":"post","link":"https:\/\/www.r2cpress.com.br\/v1\/2016\/12\/13\/noticias-da-avep-86\/","title":{"rendered":"NOT\u00cdCIAS DA AVEP"},"content":{"rendered":"<p style=\"text-align: center;\"><strong>EQUIPES DOS CAPIT\u00c3ES CRISPA E NILTON DO BB EMPATAM NA \u00daLTIMA RODADA DA TEMPORADA<\/strong><\/p>\n<div id=\"attachment_105258\" style=\"width: 610px\" class=\"wp-caption aligncenter\"><a href=\"http:\/\/www.r2cpress.com.br\/v1\/wp-content\/uploads\/2016\/12\/1-2.jpg\"><img aria-describedby=\"caption-attachment-105258\" loading=\"lazy\" class=\"size-full wp-image-105258\" src=\"http:\/\/www.r2cpress.com.br\/v1\/wp-content\/uploads\/2016\/12\/1-2.jpg\" alt=\"01 = CHAPE\" width=\"600\" height=\"450\" srcset=\"https:\/\/www.r2cpress.com.br\/v1\/wp-content\/uploads\/2016\/12\/1-2.jpg 600w, https:\/\/www.r2cpress.com.br\/v1\/wp-content\/uploads\/2016\/12\/1-2-300x225.jpg 300w\" sizes=\"(max-width: 600px) 100vw, 600px\" \/><\/a><p id=\"caption-attachment-105258\" class=\"wp-caption-text\">01 = CHAPE<\/p><\/div>\n<p><img loading=\"lazy\" class=\"alignleft\" src=\"http:\/\/www.r2cpress.com.br\/v1\/wp-content\/uploads\/CART%C3%83O-HECKEL-AVEP-300x115.jpg\" alt=\"\" width=\"300\" height=\"115\" \/>Por consternada com o acidente da Chapecoense, a equipe do Not\u00edcias n\u00e3o noticiou a rodada de 27.11.2016, pen\u00faltima da temporada 2016. E inicia a realizada em 04 de dezembro, \u00faltima deste espa\u00e7o de tempo, fazendo uma homenagem p\u00f3stuma ao clube catarinense: FOR\u00c7ACHAPE.<\/p>\n<p>Pois \u00e9. Naquela rodada de 27, de breve s\u00famula, no Campo Grimaldo o time dos capit\u00e3es Marconi e Nilton do BB empataram de 2 a 2 (Ralio fez 2 gols para Nilton do BB e Garrancho tamb\u00e9m 2 para Marconi, ambos atacantes). No Campo Martial o quadro do Capit\u00e3o Caio foi goleada por 5 a 2 pelo do Capit\u00e3o Wagner. O pr\u00f3prio Caio e Alan Dias fizeram para Caio, e Mario Filho(2), o pr\u00f3prio Wagner, Zugaib e o beque de espera Paulo Gois do Bradesco conferiram para o time de Wagner). Levaram Cart\u00e3o Amarelo: Robson, Zugaib e Paulo Melo. Ju\u00edzes: Jodmarc Silva e Emanuel Messias de Lima, ambos da Liga Ilheense de Futebol.<\/p>\n<p><!--more--><\/p>\n<p>Na 23\u00aa rodada, ou seja, a final da Programa\u00e7\u00e3o 2016 da AVEP \u2013 Associa\u00e7\u00e3o dos Veteranos de Esporte Praiano, as equipes dos Capit\u00e3es Crispa da Galera do Fla e Nilton do BB empataram pelo escore de 1 a 1. S\u00f3 houve um jogo. Na 1\u00aa etapa, houve, aproveitando o vento forte a favor, um maior predom\u00ednio do time do Cap. Nilton do BB que sa\u00edra pro intervalo com a vantagem (gol do atacante Garrancho, o homem que det\u00e9m a experi\u00eancia de \u201ccem anos de praia\u201d) no marcador; na 2\u00aa, o quadro do Cap. Crispa da Galera do Fla, aproveitando tamb\u00e9m deste fen\u00f4meno da natureza, dominou a partida, empatou (gol do meia Erisvan) e s\u00f3 n\u00e3o chegara a vit\u00f3ria em raz\u00e3o de impressionantes erros dos atacantes. \u00a0Os meia-atacante Marconi recebeu Cart\u00e3o Amarelo.\u00a0 Os ju\u00edzes Wilson Salviano (1\u00aa etapa) e Vinicius Silva Santos (2\u00aa), apitaram a partida com boas atua\u00e7\u00f5es. Ambos pertencem \u00e0 Liga Ilheense de Futebol. Sim, o \u201cbaba\u201d foi, como de costume, realizado pela manh\u00e3, e na praia da Avenida Soares Lopes, pertinho da Tenda Teatro Popular de Ilh\u00e9us.<\/p>\n<p><strong>Equipes<\/strong><\/p>\n<p><em>(<strong>Cap. Nilton do BB<\/strong>): Rosivaldo(Fernando entrou no intervalo), Alvinho, Galletti, Melga\u00e7o, Silvio Reis(Paul\u00f4 da Bitway entrou no intervalo), Adauto, Slaibi(Pedro Chama Gol entrou aos 22\u2019 da 2\u00aa etapa), Nilton do BB(Carl\u00e3o entrou no intervalo) Zugaib(Tabosa entrou aos 20\u2019 da 2\u00aa etapa), Garrancho(Paulo Gois do Bradesco entrou no intervalo) e Ismar Landgol.<\/em><\/p>\n<p><em>(<strong>Cap. Crispa da Galera do Fla):<\/strong> Jamilton (Marcelo entrou no intervalo), Djalma Peludo, Robson(Prof. Jorge Reis entrou aos 40\u2019 da 1\u00aa etapa), Heckel Janu\u00e1rio(Pescador entrou no intervalo), Eduardo Japon\u00eas, Cesinha(Erisvan entrou aos 20\u2019 da 2\u00aa etapa), Passos de Uru\u00e7uca, Alan Dias,\u00a0 Marconi, Paulo Melo e Crispa da Galera do Fla.<\/em><\/p>\n<p><em>\u00a0<\/em><\/p>\n<p><strong>NOTA<\/strong><\/p>\n<p>Os observadores anotaram que, por motivo da mar\u00e9 alta, o 1\u00ba tempo da contenda foi jogado com a \u00e1gua do mar dando na canela.<\/p>\n<p>As duas equipes, em homenagem p\u00f3stuma \u00e0 equipe da Chapecoense, foram clicadas juntas, e todos batendo palmas gritaram FOR\u00c7ACHAPE. Antes de come\u00e7ar a partida tamb\u00e9m fizeram um minuto de sil\u00eancio.<\/p>\n<p><strong><em>ELEI\u00c7\u00c3O NA AVEP<\/em><\/strong><\/p>\n<p><em>Como s\u00f3 houve uma chapa at\u00e9 o dia de encerramento das inscri\u00e7\u00f5es (04.12.2016), foi sugerido na assembleia de praxe que acontece antes das equipes se dirigirem para a praia, que a chapa pautada em vez de ser votada no dia 18.12.2016, conforme previa o edital, ela fosse eleita por aclama\u00e7\u00e3o. Assim sendo a nova diretoria da AVEP para o ano de 2017 ter\u00e1 os seguintes componente: <\/em><\/p>\n<p><em>\u00a0<\/em><\/p>\n<p><strong><em>PRESIDENTE<\/em><\/strong><em>: Djalma Pinto dos Santos<\/em><\/p>\n<p><strong><em>Vice-Presidente<\/em><\/strong><em>: Paulo Gois <\/em><\/p>\n<p><strong><em>Diretor de Esporte<\/em><\/strong><em>: <\/em><em>Jos\u00e9 Renato Santos Leal<\/em><\/p>\n<p><strong><em>Tesoureiro<\/em><\/strong><em>: <\/em><em>Edvaldo Jos\u00e9 Ribeiro de Andrade (Vado)\u00a0<\/em><\/p>\n<p><strong><em>Secret\u00e1rio<\/em><\/strong><em>: <\/em><em>Jorge Henrique Santos Reis<\/em><\/p>\n<p><strong><em>Divulga\u00e7\u00e3o<\/em><\/strong><em>: \u00a0Marconi Dias Almeida <\/em><\/p>\n<p><strong><em>Diretores de \u201cBaba<\/em><\/strong><em>\u201d:<\/em><\/p>\n<p><em>Jose Carlos (Zezinho)<\/em><\/p>\n<p><em>Jose Everaldo Brasil Pereira (Dinho)<\/em><\/p>\n<p><em>\u00c1lvaro Malta <\/em><\/p>\n<p><em>\u00a0<\/em><\/p>\n<p><strong><em>CONSELHO FISCAL<\/em><\/strong><\/p>\n<p><strong><em>Efetivos:<\/em><\/strong><\/p>\n<p><em>Heckel Janu\u00e1rio Figueiredo de Paiva<\/em><\/p>\n<p><em>Jos\u00e9 Renato Santos Leal<\/em><\/p>\n<p><em>Jos\u00e9 Slaib Filho\u00a0<\/em><\/p>\n<p><strong><em>Suplentes:<\/em><\/strong><\/p>\n<p><em>Adezilsom Passos da Silva<\/em><\/p>\n<p><em>Caio Silv\u00e9rio de Souza<\/em><\/p>\n<p><em>Marcondes Santos de Oliveira<\/em><\/p>\n<p><em>\u00a0<\/em><\/p>\n<p><strong><em>CONSELHO DISCIPLINAR:<\/em><\/strong><em>\u00a0<\/em><\/p>\n<p><em>M\u00e1rio Alves Amorim<\/em><\/p>\n<p><em>Luiz Fernando Galletti<\/em><\/p>\n<p><em>Adauto Souza Machado<\/em><\/p>\n<p><em>\u00a0<\/em><\/p>\n<p><em>\u00a0<\/em><\/p>\n<p><em>BANDA PODRE EM A\u00c7\u00c3O<\/em><\/p>\n<p><em>Est\u00e1 prevista para 15.01.2017, conforme o promoter Zezinho da Baixa Fria, a 6\u00aa edi\u00e7\u00e3o do \u201cBaba das Estrelas\u201d e que ser\u00e1 realizado na praia da Avenida Soares Lopes, imedia\u00e7\u00f5es da Tenda Teatro Popular de Ilh\u00e9us. Tamb\u00e9m um jogo desta agremia\u00e7\u00e3o \u2013Banda Podre\u2013, patota-entidade vinculada \u00e0 AVEP para jogos aleat\u00f3rios, para Sambaituba em fevereiro de 2017.\/<\/em><\/p>\n","protected":false},"excerpt":{"rendered":"<p>EQUIPES DOS CAPIT\u00c3ES CRISPA E NILTON DO BB EMPATAM NA \u00daLTIMA RODADA DA TEMPORADA Por consternada com o acidente da Chapecoense, a equipe do Not\u00edcias n\u00e3o noticiou a rodada de 27.11.2016, pen\u00faltima da temporada 2016. E inicia a realizada em 04 de dezembro, \u00faltima deste espa\u00e7o de tempo, fazendo uma homenagem p\u00f3stuma ao clube catarinense: [&hellip;]<\/p>\n","protected":false},"author":2,"featured_media":0,"comment_status":"open","ping_status":"open","sticky":false,"template":"","format":"standard","meta":{"_links_to":"","_links_to_target":""},"categories":[10,11],"tags":[],"_links":{"self":[{"href":"https:\/\/www.r2cpress.com.br\/v1\/wp-json\/wp\/v2\/posts\/105257"}],"collection":[{"href":"https:\/\/www.r2cpress.com.br\/v1\/wp-json\/wp\/v2\/posts"}],"about":[{"href":"https:\/\/www.r2cpress.com.br\/v1\/wp-json\/wp\/v2\/types\/post"}],"author":[{"embeddable":true,"href":"https:\/\/www.r2cpress.com.br\/v1\/wp-json\/wp\/v2\/users\/2"}],"replies":[{"embeddable":true,"href":"https:\/\/www.r2cpress.com.br\/v1\/wp-json\/wp\/v2\/comments?post=105257"}],"version-history":[{"count":2,"href":"https:\/\/www.r2cpress.com.br\/v1\/wp-json\/wp\/v2\/posts\/105257\/revisions"}],"predecessor-version":[{"id":105260,"href":"https:\/\/www.r2cpress.com.br\/v1\/wp-json\/wp\/v2\/posts\/105257\/revisions\/105260"}],"wp:attachment":[{"href":"https:\/\/www.r2cpress.com.br\/v1\/wp-json\/wp\/v2\/media?parent=105257"}],"wp:term":[{"taxonomy":"category","embeddable":true,"href":"https:\/\/www.r2cpress.com.br\/v1\/wp-json\/wp\/v2\/categories?post=105257"},{"taxonomy":"post_tag","embeddable":true,"href":"https:\/\/www.r2cpress.com.br\/v1\/wp-json\/wp\/v2\/tags?post=105257"}],"curies":[{"name":"wp","href":"https:\/\/api.w.org\/{rel}","templated":true}]}}