{"id":105268,"date":"2016-12-14T12:13:17","date_gmt":"2016-12-14T15:13:17","guid":{"rendered":"http:\/\/www.r2cpress.com.br\/v1\/?p=105268"},"modified":"2016-12-14T12:13:45","modified_gmt":"2016-12-14T15:13:45","slug":"operacao-verao-tera-22-mil-policiais-para-reforcar-patrulhamento-em-areas-turisticas-da-bahia","status":"publish","type":"post","link":"https:\/\/www.r2cpress.com.br\/v1\/2016\/12\/14\/operacao-verao-tera-22-mil-policiais-para-reforcar-patrulhamento-em-areas-turisticas-da-bahia\/","title":{"rendered":"Opera\u00e7\u00e3o Ver\u00e3o ter\u00e1 22 mil policiais para refor\u00e7ar patrulhamento em \u00e1reas tur\u00edsticas da Bahia"},"content":{"rendered":"<div>A esta\u00e7\u00e3o mais aguardada e movimentada do ano contar\u00e1 com um importante apoio na Bahia. Nesta quarta-feira (14), o governador Rui Costa lan\u00e7ou a Opera\u00e7\u00e3o Ver\u00e3o 2016\/2017, com o objetivo de intensificar o policiamento ostensivo nos principais pontos tur\u00edsticos do estado, no per\u00edodo em que \u00e9 registrado maior crescimento no fluxo de turistas e a realiza\u00e7\u00e3o de grandes eventos art\u00edsticos e culturais nas cidades.<\/div>\n<div>\n<div id=\"attachment_105269\" style=\"width: 610px\" class=\"wp-caption aligncenter\"><a href=\"http:\/\/www.r2cpress.com.br\/v1\/wp-content\/uploads\/2016\/12\/1481721234_Y3C0502.jpg\"><img aria-describedby=\"caption-attachment-105269\" loading=\"lazy\" class=\"size-full wp-image-105269\" src=\"http:\/\/www.r2cpress.com.br\/v1\/wp-content\/uploads\/2016\/12\/1481721234_Y3C0502.jpg\" alt=\"GOVERNO DA BAHIA\" width=\"600\" height=\"400\" srcset=\"https:\/\/www.r2cpress.com.br\/v1\/wp-content\/uploads\/2016\/12\/1481721234_Y3C0502.jpg 600w, https:\/\/www.r2cpress.com.br\/v1\/wp-content\/uploads\/2016\/12\/1481721234_Y3C0502-300x200.jpg 300w\" sizes=\"(max-width: 600px) 100vw, 600px\" \/><\/a><p id=\"caption-attachment-105269\" class=\"wp-caption-text\"><strong>GOVERNO DA BAHIA<\/strong><\/p><\/div>\n<\/div>\n<div>No lan\u00e7amento, realizado no Jardim dos Namorados, em Salvador, Rui destacou que este \u00e9 um momento muito especial. &#8220;A Opera\u00e7\u00e3o Ver\u00e3o tem um significado muito importante, porque iremos garantir tranquilidade para os baianos e tamb\u00e9m para os turistas que v\u00eam desfrutar da imensa diversidade de atra\u00e7\u00f5es que o nosso estado oferece nesse per\u00edodo, e para isso n\u00e3o medimos esfor\u00e7o no sentido de intensificar a seguran\u00e7a p\u00fablica atrav\u00e9s de um patrulhamento mais ostensivo&#8221;.<\/div>\n<div><\/div>\n<div><b>Efetivo e investimentos<\/b><\/div>\n<div><\/div>\n<div>Salvador e mais de 25 localidades tur\u00edsticas baianas, a exemplo de Porto Seguro, Itacar\u00e9, Mangue Seco, Len\u00e7\u00f3is e Conde, contar\u00e1 com um efetivo de 22 mil policiais e 870 bombeiros militares. Est\u00e1 previsto um investimento de R$ 2,6 milh\u00f5es para a cobertura das despesas com o efetivo da Pol\u00edcia Militar deslocado para as a\u00e7\u00f5es especiais de seguran\u00e7a, al\u00e9m de mais R$ 472 mil do Corpo de Bombeiros.<\/div>\n<div><\/div>\n<div>A a\u00e7\u00e3o prev\u00ea a intensifica\u00e7\u00e3o do policiamento n\u00e3o apenas nas praias e pontos tur\u00edsticos, mas nos demais bairros da capital, bem como nas rodovias estaduais. As a\u00e7\u00f5es do programa s\u00e3o planejadas para refor\u00e7ar a seguran\u00e7a p\u00fablica em todo o estado, com especial aten\u00e7\u00e3o \u00e0s localidades que se encontram ao longo dos 1.183 quil\u00f4metros de litoral baiano.<\/div>\n<div><\/div>\n<div>A meta \u00e9 estender a Opera\u00e7\u00e3o Ver\u00e3o at\u00e9 depois do Carnaval e dar suporte tamb\u00e9m \u00e0s festas de final de ano, aos grandes eventos e ao calend\u00e1rio de festas populares da Bahia que se concentram no ver\u00e3o. O secret\u00e1rio de Seguran\u00e7a P\u00fablica, Maur\u00edcio Barbosa, e o comandante-geral da PM, coronel Anselmo Brand\u00e3o, tamb\u00e9m participaram do lan\u00e7amento.<\/div>\n<div><\/div>\n<div><b>Viaturas<\/b><\/div>\n<div><\/div>\n<div>Na solenidade desta quarta-feira, o governador ainda entregou 852 viaturas para as pol\u00edcias Civil, Militar, T\u00e9cnica e Corpo de Bombeiros Militar da Bahia. Deste total, 480 ser\u00e3o destinadas \u00e0 PM. O Governo do Estado investiu R$ 43,5 milh\u00f5es na frota, que ir\u00e1 refor\u00e7ar o patrulhamento em grande parte do estado.<\/div>\n<div><\/div>\n<p><b><i>Foto: Alberto Coutinho\/GOVBA<\/i><\/b><\/p>\n<div id=\"Signature\"><\/div>\n","protected":false},"excerpt":{"rendered":"<p>A esta\u00e7\u00e3o mais aguardada e movimentada do ano contar\u00e1 com um importante apoio na Bahia. Nesta quarta-feira (14), o governador Rui Costa lan\u00e7ou a Opera\u00e7\u00e3o Ver\u00e3o 2016\/2017, com o objetivo de intensificar o policiamento ostensivo nos principais pontos tur\u00edsticos do estado, no per\u00edodo em que \u00e9 registrado maior crescimento no fluxo de turistas e a [&hellip;]<\/p>\n","protected":false},"author":2,"featured_media":0,"comment_status":"open","ping_status":"open","sticky":false,"template":"","format":"standard","meta":{"_links_to":"","_links_to_target":""},"categories":[29,1,25],"tags":[],"_links":{"self":[{"href":"https:\/\/www.r2cpress.com.br\/v1\/wp-json\/wp\/v2\/posts\/105268"}],"collection":[{"href":"https:\/\/www.r2cpress.com.br\/v1\/wp-json\/wp\/v2\/posts"}],"about":[{"href":"https:\/\/www.r2cpress.com.br\/v1\/wp-json\/wp\/v2\/types\/post"}],"author":[{"embeddable":true,"href":"https:\/\/www.r2cpress.com.br\/v1\/wp-json\/wp\/v2\/users\/2"}],"replies":[{"embeddable":true,"href":"https:\/\/www.r2cpress.com.br\/v1\/wp-json\/wp\/v2\/comments?post=105268"}],"version-history":[{"count":1,"href":"https:\/\/www.r2cpress.com.br\/v1\/wp-json\/wp\/v2\/posts\/105268\/revisions"}],"predecessor-version":[{"id":105270,"href":"https:\/\/www.r2cpress.com.br\/v1\/wp-json\/wp\/v2\/posts\/105268\/revisions\/105270"}],"wp:attachment":[{"href":"https:\/\/www.r2cpress.com.br\/v1\/wp-json\/wp\/v2\/media?parent=105268"}],"wp:term":[{"taxonomy":"category","embeddable":true,"href":"https:\/\/www.r2cpress.com.br\/v1\/wp-json\/wp\/v2\/categories?post=105268"},{"taxonomy":"post_tag","embeddable":true,"href":"https:\/\/www.r2cpress.com.br\/v1\/wp-json\/wp\/v2\/tags?post=105268"}],"curies":[{"name":"wp","href":"https:\/\/api.w.org\/{rel}","templated":true}]}}