{"id":105326,"date":"2016-12-15T17:12:04","date_gmt":"2016-12-15T20:12:04","guid":{"rendered":"http:\/\/www.r2cpress.com.br\/v1\/?p=105326"},"modified":"2016-12-15T17:16:31","modified_gmt":"2016-12-15T20:16:31","slug":"divulgada-selecao-do-mapa-musical-da-bahia","status":"publish","type":"post","link":"https:\/\/www.r2cpress.com.br\/v1\/2016\/12\/15\/divulgada-selecao-do-mapa-musical-da-bahia\/","title":{"rendered":"Divulgada sele\u00e7\u00e3o do Mapa Musical da Bahia"},"content":{"rendered":"<p id=\"yui_3_16_0_ym19_1_1481825525543_22309\" class=\"yiv8889052484MsoNormal\" align=\"center\"><b id=\"yui_3_16_0_ym19_1_1481825525543_22321\"><span id=\"yui_3_16_0_ym19_1_1481825525543_22320\">M\u00fasicas de compositores e m\u00fasicos cadastrados foram escolhidas para veicula\u00e7\u00e3o em 32 programas da R\u00e1dio Educadora FM<\/span><\/b><\/p>\n<div id=\"attachment_105327\" style=\"width: 610px\" class=\"wp-caption aligncenter\"><a href=\"http:\/\/www.r2cpress.com.br\/v1\/wp-content\/uploads\/2016\/12\/assinatura-bb.jpg\"><img aria-describedby=\"caption-attachment-105327\" loading=\"lazy\" class=\"size-full wp-image-105327\" src=\"http:\/\/www.r2cpress.com.br\/v1\/wp-content\/uploads\/2016\/12\/assinatura-bb.jpg\" alt=\"GOV-BA\" width=\"600\" height=\"88\" srcset=\"https:\/\/www.r2cpress.com.br\/v1\/wp-content\/uploads\/2016\/12\/assinatura-bb.jpg 600w, https:\/\/www.r2cpress.com.br\/v1\/wp-content\/uploads\/2016\/12\/assinatura-bb-300x44.jpg 300w\" sizes=\"(max-width: 600px) 100vw, 600px\" \/><\/a><p id=\"caption-attachment-105327\" class=\"wp-caption-text\">GOV-BA<\/p><\/div>\n<p id=\"yui_3_16_0_ym19_1_1481825525543_22318\" class=\"yiv8889052484MsoNormal\">Seiscentas obras musicais, de compositores e m\u00fasicos cadastrados no <i id=\"yui_3_16_0_ym19_1_1481825525543_22317\">Mapa Musical da Bahia<\/i>, foram analisadas por uma comiss\u00e3o julgadora e selecionadas para serem veiculadas em 32 programas da R\u00e1dio Educadora FM. O processo de avalia\u00e7\u00e3o presencial das obras aconteceu nos dias 3, 4 e 5 de dezembro de 2016.<\/p>\n<p id=\"yui_3_16_0_ym19_1_1481825525543_22314\" class=\"yiv8889052484MsoNormal\">A banca foi formada por <span id=\"yui_3_16_0_ym19_1_1481825525543_22313\">Eduardo Ribeiro Bandeira (representante da FUNCEB \/ Presidente da Comiss\u00e3o), Wendel Jesus Medina (representante da FUNCEB) e Luciano Barreto de Matos (representante da Sociedade Civil). <\/span><span id=\"yui_3_16_0_ym19_1_1481825525543_22312\">Eles fizeram as audi\u00e7\u00f5es e curadoria do conte\u00fado enviado por artistas baianos inscritos na plataforma do Mapa Musical (<\/span><a href=\"http:\/\/www.mapamusicaldabahia.com.br\/\" target=\"_blank\" rel=\"nofollow\">www.mapamusicaldabahia.com.br<\/a><span id=\"yui_3_16_0_ym19_1_1481825525543_22311\"> ) entre sua 3\u00aa e 5\u00aa chamada de inscri\u00e7\u00f5es.\u00a0<\/span><\/p>\n<p class=\"yiv8889052484MsoNormal\">A sele\u00e7\u00e3o proposta objetiva produzir e veicular 32 programas de r\u00e1dio de 5 a 6 minutos com os compositores e m\u00fasicos inscritos no Mapa a partir da sua 3\u00aa chamada de cadastramento, de 2014 a 2016. Atualmente o Mapa Musical \u00e9 composto por cerca de 1188 profissionais e m\u00fasicos inscritos e 2086 obras musicais cadastradas. Dentro da amostragem citada (ano de 2014 a Nov. de 2016), cerca de 600 can\u00e7\u00f5es est\u00e3o aptas a serem veiculadas em r\u00e1dio, sob o ponto de vista da qualidade t\u00e9cnica da grava\u00e7\u00e3o fonogr\u00e1fica.<\/p>\n<p class=\"yiv8889052484MsoNormal\">O Mapa Musical da Bahia \u00e9 uma realiza\u00e7\u00e3o da Coordena\u00e7\u00e3o de M\u00fasica\/Dirart da Funceb, entidade vinculada \u00e0 Secretaria de Cultura do Estado da Bahia.<\/p>\n<p class=\"yiv8889052484MsoNormal\">O projeto visa identificar, valorizar e promover a diversidade da m\u00fasica em todo o Estado da Bahia, reconhecendo a produ\u00e7\u00e3o autoral dos m\u00fasicos e profissionais que atuam nos seus 27 Territ\u00f3rios de Identidade. Confira lista abaixo e informa\u00e7\u00f5es completas e lista de suplentes em:<\/p>\n<p class=\"yiv8889052484MsoNormal\">\u00a0<b>Obras Selecionadas:<\/b><\/p>\n<p class=\"yiv8889052484MsoNormal\"><!--more--><\/p>\n<p class=\"yiv8889052484MsoNormal\"><i>Dan\u00e7a dos<\/i><i> mundos<\/i> &#8211; Filipe Lorenzo<\/p>\n<p class=\"yiv8889052484MsoNormal\"><i>Afrase<\/i> &#8211; Raimundinho do Acordeon<\/p>\n<p class=\"yiv8889052484MsoNormal\"><i>Lau\u00ea lau\u00ea<\/i> &#8211; Orquestra de berimbaus afinados dainho xequer\u00ea &#8211; lau\u00ea lau\u00ea<\/p>\n<p class=\"yiv8889052484MsoNormal\"><i>N\u00e3o valho nada<\/i> \u2013 Sanit\u00e1rio Sexy<\/p>\n<p class=\"yiv8889052484MsoNormal\"><i>Tempos modernos<\/i> &#8211; Marjaho<\/p>\n<p class=\"yiv8889052484MsoNormal\"><i>Transe<\/i> &#8211; Danilo Fonseca<\/p>\n<p class=\"yiv8889052484MsoNormal\"><i>Ciranda do tempo &#8211; P<\/i>aulo Akenaton<\/p>\n<p class=\"yiv8889052484MsoNormal\"><i>Ros\u00e1rio de licuri<\/i> &#8211; Sergio di Ramos<\/p>\n<p class=\"yiv8889052484MsoNormal\">Cirque de Julia &#8211; Van der Vous<\/p>\n<p class=\"yiv8889052484MsoNormal\"><i>Minha flor<\/i> &#8211; Valney Jos\u00e9<\/p>\n<p class=\"yiv8889052484MsoNormal\"><i>Vaquejada<\/i> \u2013 J\u00falio Caldas<\/p>\n<p class=\"yiv8889052484MsoNormal\"><i>Racionalmente Irracional<\/i> &#8211; Marcelo Cantalino<\/p>\n<p class=\"yiv8889052484MsoNormal\"><i>Festa no Mar<\/i> &#8211; Alo\u00edsio do Cavaco<\/p>\n<p class=\"yiv8889052484MsoNormal\"><i>Cinco Sentidos<\/i> &#8211; Cl\u00e9ber Edu\u00e3o<\/p>\n<p class=\"yiv8889052484MsoNormal\"><i>Novo dia<\/i> &#8211; Soraia Drummond<\/p>\n<p class=\"yiv8889052484MsoNormal\"><i>Pass\u00e1rgada 45<\/i> &#8211; Ricardo Marques<\/p>\n<p class=\"yiv8889052484MsoNormal\"><i>Batida nacional<\/i> &#8211; \u00canio<\/p>\n<p class=\"yiv8889052484MsoNormal\"><i>De qualquer maneira<\/i> \u2013 Aiace<\/p>\n<p class=\"yiv8889052484MsoNormal\"><i>Chegar e partir<\/i> &#8211; Tutano<\/p>\n<p class=\"yiv8889052484MsoNormal\"><i>Segredo<\/i> &#8211; Du Txai<\/p>\n<p class=\"yiv8889052484MsoNormal\">Andaluz &#8211; C\u00e1ssio Nobre<\/p>\n<p class=\"yiv8889052484MsoNormal\"><i>Nosso suspiro<\/i> &#8211; Of\u00e1<\/p>\n<p class=\"yiv8889052484MsoNormal\"><i>Na cordadeira<\/i> -Anderson Petti<\/p>\n<p class=\"yiv8889052484MsoNormal\"><i>Chuva chover<\/i> &#8211; Bailinho de Quinta<\/p>\n<p class=\"yiv8889052484MsoNormal\"><i>\u00c9 preciso<\/i> &#8211; A Unidade<\/p>\n<p class=\"yiv8889052484MsoNormal\"><i>Estrada de Ferro<\/i> &#8211; Banda Met\u00e1fora<\/p>\n<p class=\"yiv8889052484MsoNormal\"><i>Somteropolitano<\/i> &#8211; Gide\u00e3o Evangelista<\/p>\n<p class=\"yiv8889052484MsoNormal\">Menina da Praia &#8211; Je\u00e3 de Assis<\/p>\n<p id=\"yui_3_16_0_ym19_1_1481825525543_23951\" class=\"yiv8889052484MsoNormal\"><i>Nuvens<\/i> &#8211; F\u00e1bio Haendel<\/p>\n<p class=\"yiv8889052484MsoNormal\"><i>Barbearia<\/i> &#8211; Pedr\u00e3o<\/p>\n<p class=\"yiv8889052484MsoNormal\"><i>Gelo liso \u00e9 para\u00edso pra quem sabe dan\u00e7ar<\/i> &#8211; Radiola<\/p>\n<p id=\"yui_3_16_0_ym19_1_1481825525543_23950\" class=\"yiv8889052484MsoNormal\"><i>Porto da Barra<\/i> &#8211; Tabuleiro musiquim<\/p>\n","protected":false},"excerpt":{"rendered":"<p>M\u00fasicas de compositores e m\u00fasicos cadastrados foram escolhidas para veicula\u00e7\u00e3o em 32 programas da R\u00e1dio Educadora FM Seiscentas obras musicais, de compositores e m\u00fasicos cadastrados no Mapa Musical da Bahia, foram analisadas por uma comiss\u00e3o julgadora e selecionadas para serem veiculadas em 32 programas da R\u00e1dio Educadora FM. O processo de avalia\u00e7\u00e3o presencial das obras [&hellip;]<\/p>\n","protected":false},"author":2,"featured_media":0,"comment_status":"open","ping_status":"open","sticky":false,"template":"","format":"standard","meta":{"_links_to":"","_links_to_target":""},"categories":[5,29],"tags":[],"_links":{"self":[{"href":"https:\/\/www.r2cpress.com.br\/v1\/wp-json\/wp\/v2\/posts\/105326"}],"collection":[{"href":"https:\/\/www.r2cpress.com.br\/v1\/wp-json\/wp\/v2\/posts"}],"about":[{"href":"https:\/\/www.r2cpress.com.br\/v1\/wp-json\/wp\/v2\/types\/post"}],"author":[{"embeddable":true,"href":"https:\/\/www.r2cpress.com.br\/v1\/wp-json\/wp\/v2\/users\/2"}],"replies":[{"embeddable":true,"href":"https:\/\/www.r2cpress.com.br\/v1\/wp-json\/wp\/v2\/comments?post=105326"}],"version-history":[{"count":4,"href":"https:\/\/www.r2cpress.com.br\/v1\/wp-json\/wp\/v2\/posts\/105326\/revisions"}],"predecessor-version":[{"id":105331,"href":"https:\/\/www.r2cpress.com.br\/v1\/wp-json\/wp\/v2\/posts\/105326\/revisions\/105331"}],"wp:attachment":[{"href":"https:\/\/www.r2cpress.com.br\/v1\/wp-json\/wp\/v2\/media?parent=105326"}],"wp:term":[{"taxonomy":"category","embeddable":true,"href":"https:\/\/www.r2cpress.com.br\/v1\/wp-json\/wp\/v2\/categories?post=105326"},{"taxonomy":"post_tag","embeddable":true,"href":"https:\/\/www.r2cpress.com.br\/v1\/wp-json\/wp\/v2\/tags?post=105326"}],"curies":[{"name":"wp","href":"https:\/\/api.w.org\/{rel}","templated":true}]}}