{"id":105340,"date":"2016-12-17T01:29:46","date_gmt":"2016-12-17T04:29:46","guid":{"rendered":"http:\/\/www.r2cpress.com.br\/v1\/?p=105340"},"modified":"2016-12-17T01:29:46","modified_gmt":"2016-12-17T04:29:46","slug":"o-amigo-secreto-e-as-perdas","status":"publish","type":"post","link":"https:\/\/www.r2cpress.com.br\/v1\/2016\/12\/17\/o-amigo-secreto-e-as-perdas\/","title":{"rendered":"O AMIGO SECRETO E AS PERDAS"},"content":{"rendered":"<h2 style=\"text-align: center;\"><span style=\"color: #000000;\"><strong><em>O AMIGO SECRETO E AS PERDAS <\/em><\/strong><\/span><\/h2>\n<h2 style=\"text-align: center;\"><span style=\"color: #000000;\"><strong><em>DA SENSIBILIDADE HUMANA<\/em><\/strong>.<\/span><\/h2>\n<h2 style=\"text-align: center;\"><span style=\"color: #000000;\">Luiz Ferreira da Silva<\/span><\/h2>\n<h2 style=\"text-align: center;\"><span style=\"color: #000000;\"><a style=\"color: #000000;\" href=\"mailto:luizferreira1937@gmail.com\">luizferreira1937@gmail.com<\/a><\/span><\/h2>\n<h2><span style=\"color: #000000;\">\u00a0<\/span><\/h2>\n<div style=\"width: 310px\" class=\"wp-caption alignleft\"><img loading=\"lazy\" class=\"\" src=\"http:\/\/www.r2cpress.com.br\/v1\/wp-content\/uploads\/2016\/02\/LUIZ-FERREIRA-2016-ARTIGO-CEPLAC.jpg\" alt=\"\" width=\"300\" height=\"378\" \/><p class=\"wp-caption-text\">LUIZ FERREIRA<\/p><\/div>\n<p>Em fevereiro pr\u00f3ximo, estarei fazendo 80 anos, quando lan\u00e7arei um livro alusivo \u2013 <strong><em>O SOL POENTE DA VIDA<\/em><\/strong>.<\/p>\n<p>Nele, em um determinado cap\u00edtulo, discuto sobre as perdas da sensibilidade humana, aqui colocando em parte.<\/p>\n<p>Nesses longos anos por esta estrada da vida, deparei-me com algumas altera\u00e7\u00f5es do comportamento humano, as quais v\u00eam afetando toda a sociedade em termos de sensibilidade. \u00c9 da natureza do homem a rejei\u00e7\u00e3o aos atributos que lhe causem esfor\u00e7os, procurando a chamada lei do menor esfor\u00e7o. Isso vem de h\u00e1 muito tempo. S\u00f3, ao que me parece, h\u00e1 certo descontrole nos temos atuais. Tempos idos, cultivava-se sentimentos que funcionavam como amortecedores dos atributos perversos, inatos do homem, possibilitando aflorar aqueles mais altru\u00edstas. A prop\u00f3sito, conto uma hist\u00f3ria de um \u00edndio que dizia que dentro dele havia um cachorro brabo e outro manso, tendo que conviver diariamente com a desaven\u00e7a dos dois. E lhe foi perguntado qual deles dois venceria a luta. \u2013 aquele que eu alimentar mais, respondeu. Vejamos algumas mudan\u00e7as que, possivelmente, explicam como muitos se tornaram insens\u00edveis e despreocupados em ativar qualidades que lhes enrique\u00e7am a alma, nesses termos discutidos.<\/p>\n<p>&nbsp;<\/p>\n<p>Como \u00e9 Natal e muito me alegra o <em>trocar presentes<\/em>, sobretudo pela surpresa, escolhi um dos itens, que aqui insiro:<\/p>\n<p>&nbsp;<\/p>\n<h2><span style=\"color: #000000;\"><strong><em>O SENTIDO DO PRESENTEAR<\/em><\/strong><strong><em>.<\/em><\/strong><\/span><\/h2>\n<p>&nbsp;<\/p>\n<p>Lembro-me do meu primeiro presente. Eu fiquei radiante e numa ansiedade de bater mais forte o cora\u00e7\u00e3o ao desembrulhar aquele pacote t\u00e3o bem apresentado.<\/p>\n<p>Aprendi naquele instante e me convenci nos anos subsequentes que o presente n\u00e3o representa o valor pecuni\u00e1rio. Ele \u00e9 muito mais. Significa uma troca de bem-estar, satisfazendo a quem recebe e a quem d\u00e1. Muitas vezes, ao receber a oferta a pessoa descobre o quanto foi distinguida e at\u00e9 amada, pois o objeto fora escolhido de modo a demonstrar a amizade, o carinho e a considera\u00e7\u00e3o do seu ofertador. E nesse contexto, muitos presentes se transformam em lembran\u00e7as quase eternas, causando alegrais em m\u00e3o dupla. Airma, minha esposa, guarda at\u00e9 hoje um pegador de gelo dado pelo seu irm\u00e3o, Dom\u00edcio, revivendo-o em sua mente cada vez que o usa. Ademais, quantas vezes algu\u00e9m lhe traz uma lembrancinha de uma viagem feita, pedindo desculpas pelo pouco valor monet\u00e1rio, informando que comprou por ter se lembrado de voc\u00ea e achado a sua cara. Hoje, a coisa mudou. A pessoa aniversariante manda um recado, curto e grosso: \u2013 vou viajar e quero dinheiro. Os presentes de casamento foram carimbados e at\u00e9 se usa transformar em dinheiro e recomprar ao seu belo prazer, nada importando o sentimento aqui referido. O vil metal falou mais alto.<\/p>\n","protected":false},"excerpt":{"rendered":"<p>O AMIGO SECRETO E AS PERDAS DA SENSIBILIDADE HUMANA. Luiz Ferreira da Silva luizferreira1937@gmail.com \u00a0 Em fevereiro pr\u00f3ximo, estarei fazendo 80 anos, quando lan\u00e7arei um livro alusivo \u2013 O SOL POENTE DA VIDA. Nele, em um determinado cap\u00edtulo, discuto sobre as perdas da sensibilidade humana, aqui colocando em parte. Nesses longos anos por esta estrada [&hellip;]<\/p>\n","protected":false},"author":2,"featured_media":0,"comment_status":"open","ping_status":"open","sticky":false,"template":"","format":"standard","meta":{"_links_to":"","_links_to_target":""},"categories":[10],"tags":[],"_links":{"self":[{"href":"https:\/\/www.r2cpress.com.br\/v1\/wp-json\/wp\/v2\/posts\/105340"}],"collection":[{"href":"https:\/\/www.r2cpress.com.br\/v1\/wp-json\/wp\/v2\/posts"}],"about":[{"href":"https:\/\/www.r2cpress.com.br\/v1\/wp-json\/wp\/v2\/types\/post"}],"author":[{"embeddable":true,"href":"https:\/\/www.r2cpress.com.br\/v1\/wp-json\/wp\/v2\/users\/2"}],"replies":[{"embeddable":true,"href":"https:\/\/www.r2cpress.com.br\/v1\/wp-json\/wp\/v2\/comments?post=105340"}],"version-history":[{"count":2,"href":"https:\/\/www.r2cpress.com.br\/v1\/wp-json\/wp\/v2\/posts\/105340\/revisions"}],"predecessor-version":[{"id":105342,"href":"https:\/\/www.r2cpress.com.br\/v1\/wp-json\/wp\/v2\/posts\/105340\/revisions\/105342"}],"wp:attachment":[{"href":"https:\/\/www.r2cpress.com.br\/v1\/wp-json\/wp\/v2\/media?parent=105340"}],"wp:term":[{"taxonomy":"category","embeddable":true,"href":"https:\/\/www.r2cpress.com.br\/v1\/wp-json\/wp\/v2\/categories?post=105340"},{"taxonomy":"post_tag","embeddable":true,"href":"https:\/\/www.r2cpress.com.br\/v1\/wp-json\/wp\/v2\/tags?post=105340"}],"curies":[{"name":"wp","href":"https:\/\/api.w.org\/{rel}","templated":true}]}}