{"id":105347,"date":"2016-12-17T11:47:46","date_gmt":"2016-12-17T14:47:46","guid":{"rendered":"http:\/\/www.r2cpress.com.br\/v1\/?p=105347"},"modified":"2016-12-17T11:47:46","modified_gmt":"2016-12-17T14:47:46","slug":"sudesb-entrega-obra-de-estadio-em-pocoes-e-assina-ordem-de-servico-para-construcao-de-quadra-em-anage","status":"publish","type":"post","link":"https:\/\/www.r2cpress.com.br\/v1\/2016\/12\/17\/sudesb-entrega-obra-de-estadio-em-pocoes-e-assina-ordem-de-servico-para-construcao-de-quadra-em-anage\/","title":{"rendered":"Sudesb entrega obra de est\u00e1dio em Po\u00e7\u00f5es e assina ordem de servi\u00e7o para constru\u00e7\u00e3o de quadra em Anag\u00e9"},"content":{"rendered":"<p>Os esportistas de munic\u00edpios da regi\u00e3o sudoeste do estado tiveram motivos para comemorar nesta sexta-feira, 16: pela manh\u00e3, a Superintend\u00eancia dos Desportos do Estado da Bahia (Sudesb), autarquia da Secretaria do Trabalho, Emprego, Renda e Esporte, inaugurou, em Po\u00e7\u00f5es, o novo gramado e o novo sistema de irriga\u00e7\u00e3o do est\u00e1dio municipal Heraldo Curvelo (Herald\u00e3o). Na parte da tarde, a cerim\u00f4nia foi de assinatura da ordem de servi\u00e7o da futura quadra poliesportiva coberta que ser\u00e1 constru\u00edda no munic\u00edpio de Anag\u00e9 tamb\u00e9m pelo \u00f3rg\u00e3o estadual de esporte.<div id=\"attachment_105349\" style=\"width: 610px\" class=\"wp-caption aligncenter\"><a href=\"http:\/\/www.r2cpress.com.br\/v1\/wp-content\/uploads\/2016\/12\/EstadioHeraldao.jpg\"><img aria-describedby=\"caption-attachment-105349\" loading=\"lazy\" src=\"http:\/\/www.r2cpress.com.br\/v1\/wp-content\/uploads\/2016\/12\/EstadioHeraldao.jpg\" alt=\"SUDESB\" width=\"600\" height=\"401\" class=\"size-full wp-image-105349\" srcset=\"https:\/\/www.r2cpress.com.br\/v1\/wp-content\/uploads\/2016\/12\/EstadioHeraldao.jpg 600w, https:\/\/www.r2cpress.com.br\/v1\/wp-content\/uploads\/2016\/12\/EstadioHeraldao-300x200.jpg 300w\" sizes=\"(max-width: 600px) 100vw, 600px\" \/><\/a><p id=\"caption-attachment-105349\" class=\"wp-caption-text\">SUDESB<\/p><\/div>Nos dois locais, as obras s\u00e3o realizadas em parceria com as respectivas prefeituras. Em Po\u00e7\u00f5es, o equipamento esportivo recebeu melhorias por meio de conv\u00eanio firmado entre o estado e o munic\u00edpio, com investimentos da ordem de R$ 170 mil. <\/p>\n<p>J\u00e1 a quadra poliesportiva coberta de Anag\u00e9, a ser constru\u00edda na Rua Ant\u00f4nio Saraiva, ter\u00e1 dimens\u00f5es de 40X20m, arquibancada com tr\u00eas degraus, instala\u00e7\u00f5es el\u00e9tricas e o valor da obra est\u00e1 or\u00e7ado em R$428 mil. A maior parte desses recursos \u00e9 do governo federal\/Minist\u00e9rio do Esporte, assegurados por meio de emenda parlamentar de autoria do deputado federal Waldenor Pereira. <\/p>\n<p>Nas duas solenidades, o diretor geral da Sudesb, Elias Dourado, esteve representado pelo diretor de Opera\u00e7\u00f5es de Espa\u00e7os Esportivos, Marcos Andrade. Segundo afirmou, os investimentos fazem parte do programa de interioriza\u00e7\u00e3o da autarquia com vistas a fortalecer a infraestrutura esportiva para a popula\u00e7\u00e3o.<\/p>\n","protected":false},"excerpt":{"rendered":"<p>Os esportistas de munic\u00edpios da regi\u00e3o sudoeste do estado tiveram motivos para comemorar nesta sexta-feira, 16: pela manh\u00e3, a Superintend\u00eancia dos Desportos do Estado da Bahia (Sudesb), autarquia da Secretaria do Trabalho, Emprego, Renda e Esporte, inaugurou, em Po\u00e7\u00f5es, o novo gramado e o novo sistema de irriga\u00e7\u00e3o do est\u00e1dio municipal Heraldo Curvelo (Herald\u00e3o). Na [&hellip;]<\/p>\n","protected":false},"author":2,"featured_media":0,"comment_status":"open","ping_status":"open","sticky":false,"template":"","format":"standard","meta":{"_links_to":"","_links_to_target":""},"categories":[11,29],"tags":[],"_links":{"self":[{"href":"https:\/\/www.r2cpress.com.br\/v1\/wp-json\/wp\/v2\/posts\/105347"}],"collection":[{"href":"https:\/\/www.r2cpress.com.br\/v1\/wp-json\/wp\/v2\/posts"}],"about":[{"href":"https:\/\/www.r2cpress.com.br\/v1\/wp-json\/wp\/v2\/types\/post"}],"author":[{"embeddable":true,"href":"https:\/\/www.r2cpress.com.br\/v1\/wp-json\/wp\/v2\/users\/2"}],"replies":[{"embeddable":true,"href":"https:\/\/www.r2cpress.com.br\/v1\/wp-json\/wp\/v2\/comments?post=105347"}],"version-history":[{"count":2,"href":"https:\/\/www.r2cpress.com.br\/v1\/wp-json\/wp\/v2\/posts\/105347\/revisions"}],"predecessor-version":[{"id":105350,"href":"https:\/\/www.r2cpress.com.br\/v1\/wp-json\/wp\/v2\/posts\/105347\/revisions\/105350"}],"wp:attachment":[{"href":"https:\/\/www.r2cpress.com.br\/v1\/wp-json\/wp\/v2\/media?parent=105347"}],"wp:term":[{"taxonomy":"category","embeddable":true,"href":"https:\/\/www.r2cpress.com.br\/v1\/wp-json\/wp\/v2\/categories?post=105347"},{"taxonomy":"post_tag","embeddable":true,"href":"https:\/\/www.r2cpress.com.br\/v1\/wp-json\/wp\/v2\/tags?post=105347"}],"curies":[{"name":"wp","href":"https:\/\/api.w.org\/{rel}","templated":true}]}}