{"id":105382,"date":"2016-12-18T20:44:31","date_gmt":"2016-12-18T23:44:31","guid":{"rendered":"http:\/\/www.r2cpress.com.br\/v1\/?p=105382"},"modified":"2016-12-18T20:44:31","modified_gmt":"2016-12-18T23:44:31","slug":"luiz-castro-em-decolores-267","status":"publish","type":"post","link":"https:\/\/www.r2cpress.com.br\/v1\/2016\/12\/18\/luiz-castro-em-decolores-267\/","title":{"rendered":"Luiz Castro em: \u00a0DECOLORES"},"content":{"rendered":"<h1 style=\"text-align: center;\"><span style=\"color: #000000;\"><strong>SAUDADES <\/strong><\/span><\/h1>\n<p><img loading=\"lazy\" class=\"alignleft\" src=\"http:\/\/www.r2cpress.com.br\/v1\/wp-content\/uploads\/luiz-castro_novo-emaIL.jpg\" alt=\"\" width=\"300\" height=\"118\" \/>O cantor e compositor Moacyr Franco, ap\u00f3s o falecimento do saudoso Garrincha, comp\u00f4s essa bela can\u00e7\u00e3o:\u00a0 \u201cCad\u00ea voc\u00ea, cad\u00ea voc\u00ea, voc\u00ea passou.<\/p>\n<p>O que era doce, o que n\u00e3o era se acabou.<\/p>\n<p>Cad\u00ea voc\u00ea, cad\u00ea voc\u00ea, voc\u00ea passou, No v\u00eddeo tape do sonho, a historia gravou\u201d.<\/p>\n<p>Essa can\u00e7\u00e3o nos faz lembrar dos saudosos amigos esportistas Mario Mendes e Nildo Batista, que partiram para o est\u00e1dio l\u00e1 de cima.<\/p>\n<p>Mario Mendes foi funcion\u00e1rio por muito tempo da firma Mendon\u00e7a Irm\u00e3o, e ap\u00f3s a firma ser extinta ele passou de empregado para patr\u00e3o criando a \u00a0Hidraluz juntamente com seu s\u00f3cio Vivaldo, cuja firma tempos depois tamb\u00e9m foi extinta.<\/p>\n<p>Durante sua exist\u00eancia sempre foi amante do futebol e especialmente o futebol praiano que al\u00e9m de Diretor do Palmeiras foi ex\u00edmio craque.<\/p>\n<p>Por for\u00e7a do destino sua sa\u00fade vinha sendo abalada\u00a0 devido a diabete vindo amputar uma perna, lamentavelmente.<\/p>\n<p>Mar\u00e3o deixou muitos amigos em especial o ex goleiro Ademar Porto que diuturnamente visitava seu velho amigo.<\/p>\n<p>Queremos tamb\u00e9m registrar a saudade que o amigo Nildo Batista deixou. Pessoa amiga que sempre transmitia otimismo principalmente quando se falava sobre sa\u00fade, pois al\u00e9m de ter trabalhado por v\u00e1rios anos na Farm\u00e1cia Universal, manteve a primeira academia denominada Vigor criada em Ilh\u00e9us no est\u00e1dio Mario Pess\u00f4a.<\/p>\n<p>Mais a vida \u00e9 sempre assim, cheias de surpresas positivas e negativas, quanto a morte para o Crist\u00e3o \u00e9\u00a0 uma passagem inexor\u00e1vel para vida Eterna.<\/p>\n<p>Que Jesus d\u00ea o conforto aos seus familiares e amigos, pois com certeza eles est\u00e3o na gl\u00f3ria do Pai.<\/p>\n<p>Aquele abra\u00e7o!<\/p>\n<p>Luiz Castro<\/p>\n<p>Bacharel Administra\u00e7\u00e3o de Empresa<\/p>\n","protected":false},"excerpt":{"rendered":"<p>SAUDADES O cantor e compositor Moacyr Franco, ap\u00f3s o falecimento do saudoso Garrincha, comp\u00f4s essa bela can\u00e7\u00e3o:\u00a0 \u201cCad\u00ea voc\u00ea, cad\u00ea voc\u00ea, voc\u00ea passou. O que era doce, o que n\u00e3o era se acabou. Cad\u00ea voc\u00ea, cad\u00ea voc\u00ea, voc\u00ea passou, No v\u00eddeo tape do sonho, a historia gravou\u201d. Essa can\u00e7\u00e3o nos faz lembrar dos saudosos amigos [&hellip;]<\/p>\n","protected":false},"author":2,"featured_media":0,"comment_status":"open","ping_status":"open","sticky":false,"template":"","format":"standard","meta":{"_links_to":"","_links_to_target":""},"categories":[10],"tags":[],"_links":{"self":[{"href":"https:\/\/www.r2cpress.com.br\/v1\/wp-json\/wp\/v2\/posts\/105382"}],"collection":[{"href":"https:\/\/www.r2cpress.com.br\/v1\/wp-json\/wp\/v2\/posts"}],"about":[{"href":"https:\/\/www.r2cpress.com.br\/v1\/wp-json\/wp\/v2\/types\/post"}],"author":[{"embeddable":true,"href":"https:\/\/www.r2cpress.com.br\/v1\/wp-json\/wp\/v2\/users\/2"}],"replies":[{"embeddable":true,"href":"https:\/\/www.r2cpress.com.br\/v1\/wp-json\/wp\/v2\/comments?post=105382"}],"version-history":[{"count":2,"href":"https:\/\/www.r2cpress.com.br\/v1\/wp-json\/wp\/v2\/posts\/105382\/revisions"}],"predecessor-version":[{"id":105384,"href":"https:\/\/www.r2cpress.com.br\/v1\/wp-json\/wp\/v2\/posts\/105382\/revisions\/105384"}],"wp:attachment":[{"href":"https:\/\/www.r2cpress.com.br\/v1\/wp-json\/wp\/v2\/media?parent=105382"}],"wp:term":[{"taxonomy":"category","embeddable":true,"href":"https:\/\/www.r2cpress.com.br\/v1\/wp-json\/wp\/v2\/categories?post=105382"},{"taxonomy":"post_tag","embeddable":true,"href":"https:\/\/www.r2cpress.com.br\/v1\/wp-json\/wp\/v2\/tags?post=105382"}],"curies":[{"name":"wp","href":"https:\/\/api.w.org\/{rel}","templated":true}]}}