{"id":105397,"date":"2016-12-19T17:15:05","date_gmt":"2016-12-19T20:15:05","guid":{"rendered":"http:\/\/www.r2cpress.com.br\/v1\/?p=105397"},"modified":"2016-12-19T17:15:05","modified_gmt":"2016-12-19T20:15:05","slug":"ipac-assina-cooperacao-de-educacao-patrimonial-amanha-20-as-14h-em-morro-de-sao-paulo","status":"publish","type":"post","link":"https:\/\/www.r2cpress.com.br\/v1\/2016\/12\/19\/ipac-assina-cooperacao-de-educacao-patrimonial-amanha-20-as-14h-em-morro-de-sao-paulo\/","title":{"rendered":"IPAC assina coopera\u00e7\u00e3o de educa\u00e7\u00e3o patrimonial amanh\u00e3 (20), \u00e0s 14h, em Morro de S\u00e3o Paulo"},"content":{"rendered":"<p>O Instituto do Patrim\u00f4nio Art\u00edstico e Cultural da Bahia (IPAC) assina amanh\u00e3, ter\u00e7a-feira (20), \u00e0s 14h, em Morro de S\u00e3o Paulo, na Ilha de Tinhar\u00e9, munic\u00edpio de Cairu, sul da Bahia, termo de coopera\u00e7\u00e3o com a Prefeitura local e o Instituto de Desenvolvimento Sustent\u00e1vel do Baixo Sul (IDES) para implanta\u00e7\u00e3o de um programa de educa\u00e7\u00e3o patrimonial. &#8220;Trata-se de mais uma a\u00e7\u00e3o de salvaguarda para os bens culturais e imateriais dessa regi\u00e3o&#8221;, afirma o diretor geral do IPAC, Jo\u00e3o Carlos de Oliveira, que viaja amanh\u00e3 para Morro. O programa do IPAC integra a revitaliza\u00e7\u00e3o do Forte de Morro de S\u00e3o Paulo que det\u00e9m investimento de R$ 9,2 milh\u00f5es via incentivo da Lei Rouanet\/BNDES, com projeto do IDES.<\/p>\n<div id=\"attachment_105398\" style=\"width: 610px\" class=\"wp-caption aligncenter\"><a href=\"http:\/\/www.r2cpress.com.br\/v1\/wp-content\/uploads\/2016\/12\/Divulga\u00e7\u00e3o.jpg\"><img aria-describedby=\"caption-attachment-105398\" loading=\"lazy\" class=\"size-full wp-image-105398\" src=\"http:\/\/www.r2cpress.com.br\/v1\/wp-content\/uploads\/2016\/12\/Divulga\u00e7\u00e3o.jpg\" alt=\"Divulga\u00e7\u00e3o\" width=\"600\" height=\"600\" srcset=\"https:\/\/www.r2cpress.com.br\/v1\/wp-content\/uploads\/2016\/12\/Divulga\u00e7\u00e3o.jpg 600w, https:\/\/www.r2cpress.com.br\/v1\/wp-content\/uploads\/2016\/12\/Divulga\u00e7\u00e3o-150x150.jpg 150w, https:\/\/www.r2cpress.com.br\/v1\/wp-content\/uploads\/2016\/12\/Divulga\u00e7\u00e3o-300x300.jpg 300w\" sizes=\"(max-width: 600px) 100vw, 600px\" \/><\/a><p id=\"caption-attachment-105398\" class=\"wp-caption-text\">Divulga\u00e7\u00e3o<\/p><\/div>\n<p>At\u00e9 mar\u00e7o de 2017, o forte, distante 248 km ou 2h de catamar\u00e3 de Salvador, se transforma em um complexo arquitet\u00f4nico-hist\u00f3rico de visita\u00e7\u00e3o cultural para turistas locais, nacionais e internacionais. Sala de reuni\u00f5es, anfiteatro com 240 lugares, espa\u00e7o para eventos e caf\u00e9-cultural s\u00e3o alguns dos itens. Visitas guiadas devem ser uma das alternativas de receita. Al\u00e9m da educa\u00e7\u00e3o patrimonial, o IPAC faz consultoria nas \u00e1reas de arquitetura, patrim\u00f4nio cultural e museologia. Em agosto passado (2016), equipe do IPAC percorreu Cairu, Ituber\u00e1, Igrapiuna, Camamu e Mara\u00fa, para catalogar e orientar as popula\u00e7\u00f5es locais acerca das demandas.<\/p>\n<p><strong>MONUMENTO NACIONAL<\/strong><\/p>\n<p><!--more--><\/p>\n<p>&#8220;O complexo fortificado de Morro de S\u00e3o Paulo \u00e9 origin\u00e1rio do s\u00e9culo XVII (1630), quando o Forte Velho ou da Concei\u00e7\u00e3o foi constru\u00eddo \u00e0 mando de Diogo Luiz de Oliveira, ent\u00e3o governador da Bahia, durante a domina\u00e7\u00e3o da Espanha sobre Portugal (1580-1640)&#8221;, explica o diretor Jo\u00e3o Carlos. Segundo ele, a fortifica\u00e7\u00e3o tem muralha com cerca de 680 metros, portal, edifica\u00e7\u00f5es \u00e0 beira-mar, bateria de Santo Ant\u00f4nio, fortes do Zimbeiro e de S\u00e3o Luiz, todos dos s\u00e9culos XVI, XVII ou XVIII, al\u00e9m do farol no cume do morro, constru\u00eddo j\u00e1 no Segundo Imp\u00e9rio brasileiro, no s\u00e9culo XIX, entre 1850 e 1855. O forte \u00e9 protegido como Monumento Nacional (1939) pelo governo federal atrav\u00e9s do IPHAN\/MinC.<\/p>\n<p>&#8220;A educa\u00e7\u00e3o patrimonial \u00e9 fundamental para valorizar o complexo que det\u00e9m relevante interesse tur\u00edstico, hist\u00f3rico, arqueol\u00f3gico e arquitet\u00f4nico&#8221;, diz Jo\u00e3o Carlos de Oliveira. &#8220;As comunidades locais devem identificar os seus mais importantes patrim\u00f4nios e, juntamente com as suas prefeituras e c\u00e2maras municipais, desenvolver pol\u00edticas de prote\u00e7\u00e3o a esses bens culturais, como estabelece a Constitui\u00e7\u00e3o, criando leis, conselhos e itens de salvaguardas, para depois obter recursos com projetos nos Editais\/SecultBA e outras linhas de financiamento&#8221;, conclui o diretor do IPAC.<\/p>\n<p><strong>GEST\u00c3O e GOVERNAN\u00c7A<\/strong><strong> \u2013<\/strong> &#8220;Estamos trazendo diversos olhares dos setores privado, civil e p\u00fablico para criar um processo sustent\u00e1vel de gest\u00e3o, cujo carro-chefe \u00e9 o patrim\u00f4nio cultural&#8221;, comenta a diretora executiva do IDES, Liliana de Mello Leite. A propriedade do forte \u00e9 da Uni\u00e3o que fez a cess\u00e3o do espa\u00e7o para o Governo do Estado da Bahia, sob responsabilidade da Secretaria de Turismo (Setur). &#8220;A participa\u00e7\u00e3o do IPAC tem sido exemplar&#8221;, ressalta Liliana. Sebrae com plano de neg\u00f3cios e a secretaria estadual do Trabalho Emprego Renda e Esporte (SETRE) s\u00e3o outros parceiros do projeto do IDES.<\/p>\n<p>Na primeira etapa, de 2010 a 2014, o projeto fez prospec\u00e7\u00f5es arqueol\u00f3gicas, monitoramento e consolida\u00e7\u00e3o da muralha. Na 2\u00aa etapa, iniciada no ano passado (2015), foi constitu\u00eddo comit\u00ea de governan\u00e7a para criar gest\u00e3o sustent\u00e1vel. O IDES \u00e9 uma associa\u00e7\u00e3o de direito privado sem fins lucrativos, que faz parcerias com governo, associa\u00e7\u00f5es comunit\u00e1rias, universidades, prefeituras e c\u00e2maras municipais, dentre outros. O Baixo Sul tem 15 munic\u00edpios. Informa\u00e7\u00f5es: <a href=\"http:\/\/www.ides.org.br\/\">www.ides.org.br<\/a> ou (73) 99910-2383, 3256-2028. Acesse:<a href=\"http:\/\/www.ipac.ba.gov.br\/\">www.ipac.ba.gov.br<\/a>, facebook &#8216;Ipacba Patrim\u00f4nio&#8217;, twitter &#8216;@ipac_ba&#8217; e instagram &#8216;@ipac.patrimonio&#8217;.<\/p>\n<p>&nbsp;<\/p>\n","protected":false},"excerpt":{"rendered":"<p>O Instituto do Patrim\u00f4nio Art\u00edstico e Cultural da Bahia (IPAC) assina amanh\u00e3, ter\u00e7a-feira (20), \u00e0s 14h, em Morro de S\u00e3o Paulo, na Ilha de Tinhar\u00e9, munic\u00edpio de Cairu, sul da Bahia, termo de coopera\u00e7\u00e3o com a Prefeitura local e o Instituto de Desenvolvimento Sustent\u00e1vel do Baixo Sul (IDES) para implanta\u00e7\u00e3o de um programa de educa\u00e7\u00e3o [&hellip;]<\/p>\n","protected":false},"author":2,"featured_media":0,"comment_status":"open","ping_status":"open","sticky":false,"template":"","format":"standard","meta":{"_links_to":"","_links_to_target":""},"categories":[5,29],"tags":[],"_links":{"self":[{"href":"https:\/\/www.r2cpress.com.br\/v1\/wp-json\/wp\/v2\/posts\/105397"}],"collection":[{"href":"https:\/\/www.r2cpress.com.br\/v1\/wp-json\/wp\/v2\/posts"}],"about":[{"href":"https:\/\/www.r2cpress.com.br\/v1\/wp-json\/wp\/v2\/types\/post"}],"author":[{"embeddable":true,"href":"https:\/\/www.r2cpress.com.br\/v1\/wp-json\/wp\/v2\/users\/2"}],"replies":[{"embeddable":true,"href":"https:\/\/www.r2cpress.com.br\/v1\/wp-json\/wp\/v2\/comments?post=105397"}],"version-history":[{"count":2,"href":"https:\/\/www.r2cpress.com.br\/v1\/wp-json\/wp\/v2\/posts\/105397\/revisions"}],"predecessor-version":[{"id":105400,"href":"https:\/\/www.r2cpress.com.br\/v1\/wp-json\/wp\/v2\/posts\/105397\/revisions\/105400"}],"wp:attachment":[{"href":"https:\/\/www.r2cpress.com.br\/v1\/wp-json\/wp\/v2\/media?parent=105397"}],"wp:term":[{"taxonomy":"category","embeddable":true,"href":"https:\/\/www.r2cpress.com.br\/v1\/wp-json\/wp\/v2\/categories?post=105397"},{"taxonomy":"post_tag","embeddable":true,"href":"https:\/\/www.r2cpress.com.br\/v1\/wp-json\/wp\/v2\/tags?post=105397"}],"curies":[{"name":"wp","href":"https:\/\/api.w.org\/{rel}","templated":true}]}}