{"id":105428,"date":"2016-12-20T21:13:49","date_gmt":"2016-12-21T00:13:49","guid":{"rendered":"http:\/\/www.r2cpress.com.br\/v1\/?p=105428"},"modified":"2016-12-20T21:13:49","modified_gmt":"2016-12-21T00:13:49","slug":"corregedor-do-cnj-da-15-dias-para-sartori-se-explicar-sobre-massacre-do-carandiru","status":"publish","type":"post","link":"https:\/\/www.r2cpress.com.br\/v1\/2016\/12\/20\/corregedor-do-cnj-da-15-dias-para-sartori-se-explicar-sobre-massacre-do-carandiru\/","title":{"rendered":"Corregedor do CNJ d\u00e1 15 dias para Sartori se explicar sobre \u2018Massacre do Carandiru&#8217;"},"content":{"rendered":"<table border=\"0\" cellspacing=\"0\" cellpadding=\"0\" bgcolor=\"#ffffff\">\n<tbody>\n<tr>\n<td>O ex-presidente do Tribunal de Justi\u00e7a de S\u00e3o Paulo (TJSP), desembargador Ivan Ricardo Garisio Sartori tem 15 dias, a partir do recebimento da intima\u00e7\u00e3o da Justi\u00e7a, para se pronunciar sobre as acusa\u00e7\u00f5es de ter violado o dever de decoro ao se manifestar em redes sociais e meios de comunica\u00e7\u00e3o sobre o julgamento conhecido como &#8220;Massacre do Carandiru&#8221;, quando 111 presos foram mortos pela PM de S\u00e3o Paulo em 1992.<\/p>\n<p>As partes autoras da Reclama\u00e7\u00e3o, entre elas diversas entidades ligadas \u00e0 promo\u00e7\u00e3o de direitos humanos e outras, afirmam tamb\u00e9m que o magistrado teria excedido prazo no processamento e julgamento das apela\u00e7\u00f5es e teria violado o dever do Estado de apurar crimes contra os direitos humanos.<\/p>\n<p>A decis\u00e3o, emitida pelo Corregedor Nacional de Justi\u00e7a, ministro Jo\u00e3o Ot\u00e1vio de Noronha, afirma ser \u2018recomend\u00e1vel\u2019 a apura\u00e7\u00e3o dos fatos alegados. S\u00f3 ap\u00f3s a manifesta\u00e7\u00e3o do desembargador, o Corregedor ir\u00e1 definir se prosseguir\u00e1 com a investiga\u00e7\u00e3o. Na mesma ocasi\u00e3o, o ministro Noronha indeferiu o pedido de afastamento do magistrado solicitado na Reclama\u00e7\u00e3o por entender que &#8220;a perman\u00eancia do requerido no exerc\u00edcio da jurisdi\u00e7\u00e3o n\u00e3o acarreta nenhum risco ao processo ou ao direito das partes\u201d.<\/p>\n<p><strong>Entenda o caso &#8211;<\/strong> O desembargador Ivan Sartori julgou recurso de apela\u00e7\u00e3o que resultou na anula\u00e7\u00e3o de senten\u00e7a condenat\u00f3ria de 74 policiais militares do Estado de S\u00e3o Paulo que invadiram a penitenci\u00e1ria paulista de Carandiru durante uma rebeli\u00e3o na unidade prisional, 24 anos atr\u00e1s.<\/p>\n<p>Em setembro deste ano o Tribunal de Justi\u00e7a de S\u00e3o Paulo anulou os quatro julgamentos que condenaram os policiais militares. A 4\u00aa C\u00e2mara Criminal afirmou n\u00e3o haver elementos capazes de demonstrar quais foram os crimes cometidos por cada um dos agentes.<\/p>\n<p style=\"text-align: right;\"><em>Ag\u00eancia CNJ de Not\u00edcias<\/em><\/p>\n<\/td>\n<\/tr>\n<\/tbody>\n<\/table>\n<p>&nbsp;<\/p>\n","protected":false},"excerpt":{"rendered":"<p>O ex-presidente do Tribunal de Justi\u00e7a de S\u00e3o Paulo (TJSP), desembargador Ivan Ricardo Garisio Sartori tem 15 dias, a partir do recebimento da intima\u00e7\u00e3o da Justi\u00e7a, para se pronunciar sobre as acusa\u00e7\u00f5es de ter violado o dever de decoro ao se manifestar em redes sociais e meios de comunica\u00e7\u00e3o sobre o julgamento conhecido como &#8220;Massacre [&hellip;]<\/p>\n","protected":false},"author":2,"featured_media":0,"comment_status":"open","ping_status":"open","sticky":false,"template":"","format":"standard","meta":{"_links_to":"","_links_to_target":""},"categories":[16,18],"tags":[],"_links":{"self":[{"href":"https:\/\/www.r2cpress.com.br\/v1\/wp-json\/wp\/v2\/posts\/105428"}],"collection":[{"href":"https:\/\/www.r2cpress.com.br\/v1\/wp-json\/wp\/v2\/posts"}],"about":[{"href":"https:\/\/www.r2cpress.com.br\/v1\/wp-json\/wp\/v2\/types\/post"}],"author":[{"embeddable":true,"href":"https:\/\/www.r2cpress.com.br\/v1\/wp-json\/wp\/v2\/users\/2"}],"replies":[{"embeddable":true,"href":"https:\/\/www.r2cpress.com.br\/v1\/wp-json\/wp\/v2\/comments?post=105428"}],"version-history":[{"count":2,"href":"https:\/\/www.r2cpress.com.br\/v1\/wp-json\/wp\/v2\/posts\/105428\/revisions"}],"predecessor-version":[{"id":105430,"href":"https:\/\/www.r2cpress.com.br\/v1\/wp-json\/wp\/v2\/posts\/105428\/revisions\/105430"}],"wp:attachment":[{"href":"https:\/\/www.r2cpress.com.br\/v1\/wp-json\/wp\/v2\/media?parent=105428"}],"wp:term":[{"taxonomy":"category","embeddable":true,"href":"https:\/\/www.r2cpress.com.br\/v1\/wp-json\/wp\/v2\/categories?post=105428"},{"taxonomy":"post_tag","embeddable":true,"href":"https:\/\/www.r2cpress.com.br\/v1\/wp-json\/wp\/v2\/tags?post=105428"}],"curies":[{"name":"wp","href":"https:\/\/api.w.org\/{rel}","templated":true}]}}