{"id":105448,"date":"2016-12-21T14:09:29","date_gmt":"2016-12-21T17:09:29","guid":{"rendered":"http:\/\/www.r2cpress.com.br\/v1\/?p=105448"},"modified":"2016-12-21T14:09:29","modified_gmt":"2016-12-21T17:09:29","slug":"ipac-firma-parceria-de-r-92-milhoes-para-revitalizar-forte-do-morro-de-sao-paulo","status":"publish","type":"post","link":"https:\/\/www.r2cpress.com.br\/v1\/2016\/12\/21\/ipac-firma-parceria-de-r-92-milhoes-para-revitalizar-forte-do-morro-de-sao-paulo\/","title":{"rendered":"Ipac firma parceria de R$ 9,2 milh\u00f5es para \u00a0revitalizar Forte do Morro de S\u00e3o Paulo"},"content":{"rendered":"<div><\/div>\n<div id=\"Signature\">\n<div id=\"divtagdefaultwrapper\">\n<div>\n<div id=\"story_text\">Com parceria no projeto de revitaliza\u00e7\u00e3o do Forte do Morro de S\u00e3o Paulo, que tem investimento de R$ 9,2 milh\u00f5es, via Lei Rouanet\/BNDES, o diretor geral do Instituto do Patrim\u00f4nio Art\u00edstico e Cultural da Bahia (Ipac), Jo\u00e3o Carlos de Oliveira, assinou na Ilha de Tinhar\u00e9, munic\u00edpio de Cairu (baixo sul), coopera\u00e7\u00e3o t\u00e9cnica com prefeitura local, Associa\u00e7\u00e3o Empresarial de Cairu e Instituto de Desenvolvimento Sustent\u00e1vel do Baixo Sul (Ides).<\/div>\n<div>\n<div id=\"attachment_105449\" style=\"width: 610px\" class=\"wp-caption aligncenter\"><a href=\"http:\/\/www.r2cpress.com.br\/v1\/wp-content\/uploads\/2016\/12\/Ascom_Ipac.jpg\"><img aria-describedby=\"caption-attachment-105449\" loading=\"lazy\" class=\"size-full wp-image-105449\" src=\"http:\/\/www.r2cpress.com.br\/v1\/wp-content\/uploads\/2016\/12\/Ascom_Ipac.jpg\" alt=\"ASCOM \/ IPAC\" width=\"600\" height=\"450\" srcset=\"https:\/\/www.r2cpress.com.br\/v1\/wp-content\/uploads\/2016\/12\/Ascom_Ipac.jpg 600w, https:\/\/www.r2cpress.com.br\/v1\/wp-content\/uploads\/2016\/12\/Ascom_Ipac-300x225.jpg 300w\" sizes=\"(max-width: 600px) 100vw, 600px\" \/><\/a><p id=\"caption-attachment-105449\" class=\"wp-caption-text\">ASCOM \/ IPAC<\/p><\/div>\n<p>&#8220;J\u00e1 estamos fazendo modelos de parcerias como essa, em v\u00e1rios munic\u00edpios baianos, com prefeituras, universidades, organiza\u00e7\u00f5es n\u00e3o-governamentais, par\u00f3quias de igrejas, comunidades e representantes diversos da sociedade civil, e continuamos abertos para parcerias em toda a Bahia&#8221;, afirmou Oliveira, durante o ato, na ter\u00e7a-feira (20).<\/p>\n<p>O diretor do instituto disse ainda que as parcerias do \u00f3rg\u00e3o atendem momento de crise econ\u00f4mico-financeira do Pa\u00eds e de contingenciamentos estaduais. &#8220;\u00c9 fundamental a uni\u00e3o de v\u00e1rios vetores da sociedade para conseguir atingir metas em momentos de crise&#8221;. Os R$ 9,2 milh\u00f5es obtidos pelo Ides est\u00e3o sendo aplicados em arqueologia e consolida\u00e7\u00e3o da muralha, pr\u00e9dios e acessos do forte para transform\u00e1-lo num grande centro de visita\u00e7\u00e3o local, nacional e internacional.<\/p>\n<p>Pelo conv\u00eanio, o Ipac disponibiliza especialistas nas \u00e1reas de arquitetura, museologia, patrim\u00f4nio material e imaterial. Al\u00e9m disso, vai realizar cursos, oficinas e palestras para capacita\u00e7\u00e3o t\u00e9cnica de agentes municipais e da comunidade. Elabora\u00e7\u00e3o de material t\u00e9cnico para uso did\u00e1tico ser\u00e3o outras atribui\u00e7\u00f5es do instituto, que \u00e9 vinculado \u00e0 Secretaria de Cultura do Estado (Secult).<\/p>\n<p>&#8220;A previs\u00e3o \u00e9 que o centro hist\u00f3rico-arquitet\u00f4nico j\u00e1 seja entregue em mar\u00e7o do pr\u00f3ximo ano [2017] para a visita\u00e7\u00e3o p\u00fablica&#8221;, afirmou a diretora executiva do Ides, Liliana de Mello Leite. Segundo ela, o projeto foi iniciado em 2010 e agora pensa-se na governan\u00e7a e gest\u00e3o sustent\u00e1vel do espa\u00e7o. &#8220;Participam da constru\u00e7\u00e3o, atores do governo federal, governo da Bahia, prefeitura de Cairu, empresariado local, e o Ipac tem sido um parceiro muito importante nesse processo&#8221;.<\/p>\n<p>Ap\u00f3s a assinatura, a comitiva formada por cerca de 30 pessoas, entre representantes federais, estaduais, municipais e da comunidade, iniciou vistoria no complexo fortificado origin\u00e1rio do s\u00e9culo 17. &#8220;A muralha do forte tem cerca de 680 metros, al\u00e9m do portal, edifica\u00e7\u00f5es \u00e0 beira-mar, bateria de Santo Ant\u00f4nio, fortes Zimbeiro e S\u00e3o Luiz, dos s\u00e9culos 16, 17 ou 18I, e o farol no cume do morro, constru\u00eddo no Segundo Imp\u00e9rio, j\u00e1 no s\u00e9culo 19, entre 1850 e 1855&#8221;, explica o diretor do Ipac. O forte \u00e9 protegido como Monumento Nacional (1939) pelo governo federal via o Instituto do Patrim\u00f4nio Hist\u00f3rico e Art\u00edstico Nacional, vinculado ao Minist\u00e9rio da Cultura (MinC).<\/p><\/div>\n<\/div>\n<\/div>\n<\/div>\n<p>&nbsp;<\/p>\n","protected":false},"excerpt":{"rendered":"<p>Com parceria no projeto de revitaliza\u00e7\u00e3o do Forte do Morro de S\u00e3o Paulo, que tem investimento de R$ 9,2 milh\u00f5es, via Lei Rouanet\/BNDES, o diretor geral do Instituto do Patrim\u00f4nio Art\u00edstico e Cultural da Bahia (Ipac), Jo\u00e3o Carlos de Oliveira, assinou na Ilha de Tinhar\u00e9, munic\u00edpio de Cairu (baixo sul), coopera\u00e7\u00e3o t\u00e9cnica com prefeitura local, [&hellip;]<\/p>\n","protected":false},"author":2,"featured_media":0,"comment_status":"open","ping_status":"open","sticky":false,"template":"","format":"standard","meta":{"_links_to":"","_links_to_target":""},"categories":[5,29],"tags":[],"_links":{"self":[{"href":"https:\/\/www.r2cpress.com.br\/v1\/wp-json\/wp\/v2\/posts\/105448"}],"collection":[{"href":"https:\/\/www.r2cpress.com.br\/v1\/wp-json\/wp\/v2\/posts"}],"about":[{"href":"https:\/\/www.r2cpress.com.br\/v1\/wp-json\/wp\/v2\/types\/post"}],"author":[{"embeddable":true,"href":"https:\/\/www.r2cpress.com.br\/v1\/wp-json\/wp\/v2\/users\/2"}],"replies":[{"embeddable":true,"href":"https:\/\/www.r2cpress.com.br\/v1\/wp-json\/wp\/v2\/comments?post=105448"}],"version-history":[{"count":1,"href":"https:\/\/www.r2cpress.com.br\/v1\/wp-json\/wp\/v2\/posts\/105448\/revisions"}],"predecessor-version":[{"id":105450,"href":"https:\/\/www.r2cpress.com.br\/v1\/wp-json\/wp\/v2\/posts\/105448\/revisions\/105450"}],"wp:attachment":[{"href":"https:\/\/www.r2cpress.com.br\/v1\/wp-json\/wp\/v2\/media?parent=105448"}],"wp:term":[{"taxonomy":"category","embeddable":true,"href":"https:\/\/www.r2cpress.com.br\/v1\/wp-json\/wp\/v2\/categories?post=105448"},{"taxonomy":"post_tag","embeddable":true,"href":"https:\/\/www.r2cpress.com.br\/v1\/wp-json\/wp\/v2\/tags?post=105448"}],"curies":[{"name":"wp","href":"https:\/\/api.w.org\/{rel}","templated":true}]}}