{"id":105475,"date":"2016-12-21T23:21:05","date_gmt":"2016-12-22T02:21:05","guid":{"rendered":"http:\/\/www.r2cpress.com.br\/v1\/?p=105475"},"modified":"2016-12-21T23:21:05","modified_gmt":"2016-12-22T02:21:05","slug":"diocese-de-ilheus-44","status":"publish","type":"post","link":"https:\/\/www.r2cpress.com.br\/v1\/2016\/12\/21\/diocese-de-ilheus-44\/","title":{"rendered":"DIOCESE DE ILH\u00c9US"},"content":{"rendered":"<p style=\"text-align: center;\"><strong>Prezados<\/strong><\/p>\n<p style=\"text-align: center;\">Como resposta \u00e0 &#8220;<strong>nota da CNBB<\/strong>\u00a0em defesa da vida&#8221; (01.12.2016) que conclama &#8220;nossas comunidades a rezarem e a se manifestarem publicamente em defesa da vida humana, desde a sua concep\u00e7\u00e3o&#8221;, reunido com os padres residentes em Ilh\u00e9us ficou resolvido que faremos uma<\/p>\n<p style=\"text-align: center;\"><a href=\"http:\/\/www.r2cpress.com.br\/v1\/wp-content\/uploads\/2016\/12\/DIOCESE-DE-ILH\u00c9US.jpg\"><img loading=\"lazy\" class=\"size-full wp-image-105476\" src=\"http:\/\/www.r2cpress.com.br\/v1\/wp-content\/uploads\/2016\/12\/DIOCESE-DE-ILH\u00c9US.jpg\" alt=\"DIOCESE DE ILH\u00c9US\" width=\"600\" height=\"232\" srcset=\"https:\/\/www.r2cpress.com.br\/v1\/wp-content\/uploads\/2016\/12\/DIOCESE-DE-ILH\u00c9US.jpg 600w, https:\/\/www.r2cpress.com.br\/v1\/wp-content\/uploads\/2016\/12\/DIOCESE-DE-ILH\u00c9US-300x116.jpg 300w\" sizes=\"(max-width: 600px) 100vw, 600px\" \/><\/a><\/p>\n<p><strong>DIOCESE DE ILH\u00c9US<\/strong><\/p>\n<p style=\"text-align: center;\"><strong><em>VIGILIA DE ORA\u00c7\u00c3O EM DEFESA DA VIDA.<\/em><\/strong><\/p>\n<p style=\"text-align: center;\"><strong>DIA &#8211;\u00a0<\/strong>23 DE DEZEMBRO DE 2016<\/p>\n<p style=\"text-align: center;\"><strong>HORAS\u00a0<\/strong>&#8211; 17.30H<\/p>\n<p style=\"text-align: center;\"><strong>LOCAL &#8211;<\/strong>\u00a0NA PRA\u00c7A DA CATEDRAL<\/p>\n<p style=\"text-align: center;\">\n<p style=\"text-align: center;\">Convido todos de Ilh\u00e9us a divulgarem e o evento nas redes sociais e participarem conosco.<\/p>\n<p style=\"text-align: center;\">Pe\u00e7o aos demais padres da diocese que a promovam nas suas respectivas par\u00f3quias e comunidades.<\/p>\n<p style=\"text-align: center;\">Logo ser\u00e1 enviado um roteiro de celebra\u00e7\u00e3o como sugest\u00e3o.<\/p>\n<p style=\"text-align: center;\">Deus nos aben\u00e7oe e tenha piedade do nosso Brasil.<\/p>\n<p style=\"text-align: center;\">Abra\u00e7o.<\/p>\n<p style=\"text-align: center;\">\n<p style=\"text-align: center;\"><strong><em>Dom Mauro Montagnoli CSS<\/em><\/strong><\/p>\n<p style=\"text-align: center;\"><strong>Bispo Diocesano<\/strong><\/p>\n<p style=\"text-align: center;\"><strong>\u00a0<\/strong><\/p>\n<p style=\"text-align: center;\"><strong>* Na programa\u00e7\u00e3o est\u00e3o Inclu\u00eddas: Ora\u00e7\u00f5es, Palestras, Testemunhos, M\u00fasica e ben\u00e7\u00e3o da mulher Gr\u00e1vida.<\/strong><\/p>\n<p style=\"text-align: center;\"><strong>\u00a0<\/strong><\/p>\n<p style=\"text-align: center;\"><strong>\u201cVista-se de Branco, traga a sua Fam\u00edlia, seus amigos, demonstre seu rep\u00fadio contra a Pr\u00e1tica do Aborto.\u201d<\/strong><\/p>\n","protected":false},"excerpt":{"rendered":"<p>Prezados Como resposta \u00e0 &#8220;nota da CNBB\u00a0em defesa da vida&#8221; (01.12.2016) que conclama &#8220;nossas comunidades a rezarem e a se manifestarem publicamente em defesa da vida humana, desde a sua concep\u00e7\u00e3o&#8221;, reunido com os padres residentes em Ilh\u00e9us ficou resolvido que faremos uma DIOCESE DE ILH\u00c9US VIGILIA DE ORA\u00c7\u00c3O EM DEFESA DA VIDA. DIA &#8211;\u00a023 [&hellip;]<\/p>\n","protected":false},"author":2,"featured_media":0,"comment_status":"open","ping_status":"open","sticky":false,"template":"","format":"standard","meta":{"_links_to":"","_links_to_target":""},"categories":[14],"tags":[],"_links":{"self":[{"href":"https:\/\/www.r2cpress.com.br\/v1\/wp-json\/wp\/v2\/posts\/105475"}],"collection":[{"href":"https:\/\/www.r2cpress.com.br\/v1\/wp-json\/wp\/v2\/posts"}],"about":[{"href":"https:\/\/www.r2cpress.com.br\/v1\/wp-json\/wp\/v2\/types\/post"}],"author":[{"embeddable":true,"href":"https:\/\/www.r2cpress.com.br\/v1\/wp-json\/wp\/v2\/users\/2"}],"replies":[{"embeddable":true,"href":"https:\/\/www.r2cpress.com.br\/v1\/wp-json\/wp\/v2\/comments?post=105475"}],"version-history":[{"count":1,"href":"https:\/\/www.r2cpress.com.br\/v1\/wp-json\/wp\/v2\/posts\/105475\/revisions"}],"predecessor-version":[{"id":105477,"href":"https:\/\/www.r2cpress.com.br\/v1\/wp-json\/wp\/v2\/posts\/105475\/revisions\/105477"}],"wp:attachment":[{"href":"https:\/\/www.r2cpress.com.br\/v1\/wp-json\/wp\/v2\/media?parent=105475"}],"wp:term":[{"taxonomy":"category","embeddable":true,"href":"https:\/\/www.r2cpress.com.br\/v1\/wp-json\/wp\/v2\/categories?post=105475"},{"taxonomy":"post_tag","embeddable":true,"href":"https:\/\/www.r2cpress.com.br\/v1\/wp-json\/wp\/v2\/tags?post=105475"}],"curies":[{"name":"wp","href":"https:\/\/api.w.org\/{rel}","templated":true}]}}