{"id":105487,"date":"2016-12-22T14:33:00","date_gmt":"2016-12-22T17:33:00","guid":{"rendered":"http:\/\/www.r2cpress.com.br\/v1\/?p=105487"},"modified":"2016-12-22T14:33:00","modified_gmt":"2016-12-22T17:33:00","slug":"policia-militar-abre-processo-seletivo-para-vagas-nos-cpm-e-creche","status":"publish","type":"post","link":"https:\/\/www.r2cpress.com.br\/v1\/2016\/12\/22\/policia-militar-abre-processo-seletivo-para-vagas-nos-cpm-e-creche\/","title":{"rendered":"Pol\u00edcia Militar abre processo seletivo para vagas nos CPM e Creche"},"content":{"rendered":"<p>A Pol\u00edcia Militar da Bahia lan\u00e7ar\u00e1 na pr\u00f3xima quinta-feira (29) os editais dos processos seletivos para preenchimento das vagas das 13 unidades dos Col\u00e9gios da Pol\u00edcia Militar e da Creche Nossa Senhora das Gra\u00e7as \u2013 Centro Municipal de Educa\u00e7\u00e3o Infantil (CEMEI) \u2013 localizado na Vila Policial Militar do Bonfim. A publica\u00e7\u00e3o ser\u00e1 atrav\u00e9s do Di\u00e1rio Oficial do Estado. <div style=\"width: 447px\" class=\"wp-caption aligncenter\"><img loading=\"lazy\" src=\"http:\/\/www.pm.ba.gov.br\/images\/DCS\/dez2016\/cpf%20cpm.png\" width=\"437\" height=\"450\" class \/><p class=\"wp-caption-text\">PM_BA<\/p><\/div> A previs\u00e3o \u00e9 que o per\u00edodo de inscri\u00e7\u00e3o seja entre 2 e 6 de janeiro de 2017 e que o sorteio eletr\u00f4nico ocorra em 13 de janeiro. Esse ano uma exig\u00eancia diferente ser\u00e1 feita no ato da inscri\u00e7\u00e3o dos candidatos: o procedimento somente ser\u00e1 acatado pelo sistema do sorteio se forem informados os CPF do candidato \u00e0 vaga e tamb\u00e9m o do seu respons\u00e1vel.<\/p>\n<p>Informa\u00e7\u00f5es sobre disponibilidade de vagas nas unidades e outras informa\u00e7\u00f5es relativas ao certame estar\u00e3o contidas nos editais dos processos seletivos.<\/p>\n<p>&#8212;<br \/>\nhttp:\/\/www.pm.ba.gov.br\/index.php?option=com_content&#038;view=article&#038;id=8867:policia-militar-abre-processo-seletivo-para-vagas-nos-cpm-e-creche&#038;catid=87:assessoria-de-imprensa&#038;Itemid=480<\/p>\n","protected":false},"excerpt":{"rendered":"<p>A Pol\u00edcia Militar da Bahia lan\u00e7ar\u00e1 na pr\u00f3xima quinta-feira (29) os editais dos processos seletivos para preenchimento das vagas das 13 unidades dos Col\u00e9gios da Pol\u00edcia Militar e da Creche Nossa Senhora das Gra\u00e7as \u2013 Centro Municipal de Educa\u00e7\u00e3o Infantil (CEMEI) \u2013 localizado na Vila Policial Militar do Bonfim. A publica\u00e7\u00e3o ser\u00e1 atrav\u00e9s do Di\u00e1rio [&hellip;]<\/p>\n","protected":false},"author":2,"featured_media":0,"comment_status":"open","ping_status":"open","sticky":false,"template":"","format":"standard","meta":{"_links_to":"","_links_to_target":""},"categories":[8,25],"tags":[],"_links":{"self":[{"href":"https:\/\/www.r2cpress.com.br\/v1\/wp-json\/wp\/v2\/posts\/105487"}],"collection":[{"href":"https:\/\/www.r2cpress.com.br\/v1\/wp-json\/wp\/v2\/posts"}],"about":[{"href":"https:\/\/www.r2cpress.com.br\/v1\/wp-json\/wp\/v2\/types\/post"}],"author":[{"embeddable":true,"href":"https:\/\/www.r2cpress.com.br\/v1\/wp-json\/wp\/v2\/users\/2"}],"replies":[{"embeddable":true,"href":"https:\/\/www.r2cpress.com.br\/v1\/wp-json\/wp\/v2\/comments?post=105487"}],"version-history":[{"count":1,"href":"https:\/\/www.r2cpress.com.br\/v1\/wp-json\/wp\/v2\/posts\/105487\/revisions"}],"predecessor-version":[{"id":105488,"href":"https:\/\/www.r2cpress.com.br\/v1\/wp-json\/wp\/v2\/posts\/105487\/revisions\/105488"}],"wp:attachment":[{"href":"https:\/\/www.r2cpress.com.br\/v1\/wp-json\/wp\/v2\/media?parent=105487"}],"wp:term":[{"taxonomy":"category","embeddable":true,"href":"https:\/\/www.r2cpress.com.br\/v1\/wp-json\/wp\/v2\/categories?post=105487"},{"taxonomy":"post_tag","embeddable":true,"href":"https:\/\/www.r2cpress.com.br\/v1\/wp-json\/wp\/v2\/tags?post=105487"}],"curies":[{"name":"wp","href":"https:\/\/api.w.org\/{rel}","templated":true}]}}