{"id":105489,"date":"2016-12-22T14:50:12","date_gmt":"2016-12-22T17:50:12","guid":{"rendered":"http:\/\/www.r2cpress.com.br\/v1\/?p=105489"},"modified":"2016-12-22T14:50:12","modified_gmt":"2016-12-22T17:50:12","slug":"apaeanos-levaram-medalhas-no-circuito-sesc-de-corrida-e-caminhada","status":"publish","type":"post","link":"https:\/\/www.r2cpress.com.br\/v1\/2016\/12\/22\/apaeanos-levaram-medalhas-no-circuito-sesc-de-corrida-e-caminhada\/","title":{"rendered":"APAEANOS LEVARAM MEDALHAS NO CIRCUITO SESC DE CORRIDA E CAMINHADA"},"content":{"rendered":"<div id=\"attachment_105490\" style=\"width: 320px\" class=\"wp-caption alignleft\"><a href=\"http:\/\/www.r2cpress.com.br\/v1\/wp-content\/uploads\/2016\/12\/APAE_P\u00d3DIO.jpg\"><img aria-describedby=\"caption-attachment-105490\" loading=\"lazy\" class=\"size-full wp-image-105490\" src=\"http:\/\/www.r2cpress.com.br\/v1\/wp-content\/uploads\/2016\/12\/APAE_P\u00d3DIO.jpg\" alt=\"APAE_P\u00d3DIO \" width=\"310\" height=\"267\" srcset=\"https:\/\/www.r2cpress.com.br\/v1\/wp-content\/uploads\/2016\/12\/APAE_P\u00d3DIO.jpg 310w, https:\/\/www.r2cpress.com.br\/v1\/wp-content\/uploads\/2016\/12\/APAE_P\u00d3DIO-300x258.jpg 300w\" sizes=\"(max-width: 310px) 100vw, 310px\" \/><\/a><p id=\"caption-attachment-105490\" class=\"wp-caption-text\">APAE_P\u00d3DIO<\/p><\/div>\n<p>Os alunos da Apae de Ilh\u00e9us participaram do Circuito de Corrida e Caminhada realizado pelo Servi\u00e7o Social do Com\u00e9rcio (SESC) neste m\u00eas de dezembro, em Ilh\u00e9us, e foram vencedores em primeiro, segundo e terceiro lugar na categoria PCD (pessoas com defici\u00eancia), na \u00faltima etapa do evento, que contou com um percurso de 5 km, na Av. Soares Lopes e aulas de alongamento.<\/p>\n<p>A iniciativa, teve o apoio do Jornal da Manh\u00e3 da Rede Bahia de Televis\u00e3o, e foi realizada com diversas etapas em munic\u00edpios como Salvador, Vit\u00f3ria da Conquista, Jequi\u00e9, Paulo Afonso, Santo Ant\u00f4nio de Jesus, Barreira, e a finaliza\u00e7\u00e3o do circuito em Ilh\u00e9us.<\/p>\n<p>O Presidente da Apae de Ilh\u00e9us, Albervan Neves de Almeida e a equipe de professores e profissionais, ficaram muito felizes com a realiza\u00e7\u00e3o do evento, na promo\u00e7\u00e3o da inclus\u00e3o pelo esporte, e, principalmente, com o resultado. &#8220;Estas medalhas refletem o trabalho da Educa\u00e7\u00e3o F\u00edsica realizado por meio da parceria de muitos anos da Apae de Ilh\u00e9us com a UESC no projeto Pibid, e ajuda de Josley Viana e o professor Ruy \u00a0para o treino de atletismo dos nossos alunos na universidade, que contam com o acompanhamento do professor da Apae,\u00a0Alysson Siqueira, os quais somos muito gratos&#8221;, destacou a diretora geral da Apae de Ilh\u00e9us, Vit\u00f3ria Penalva.<\/p>\n<p>No p\u00f3dio, do primeiro ao terceiro lugar, os apaeanos Edson Souza, Cleiton Souza e Alan Santos.<\/p>\n<p>Segundo o coordenador de lazer do SESC, Gilson Nascimento, em mat\u00e9ria do G1, &#8220;a ideia \u00e9 criar um evento de lazer que proporcione \u00e0s pessoas est\u00edmulo para a ado\u00e7\u00e3o de h\u00e1bitos saud\u00e1veis, como a inser\u00e7\u00e3o da atividade f\u00edsica nas suas rotinas di\u00e1rias&#8221;.<\/p>\n<p>Ajude a Apae de Ilh\u00e9us a continuar cumprindo a sua miss\u00e3o. Seja doador e s\u00f3cio contribuinte! Banco do Brasil Ag\u00eancia 0019-1 Cc 55308-5<\/p>\n<p>Acesse:\u00a0<a href=\"http:\/\/www.facebook.com\/apaeilheus\">www.facebook.com\/apaeilheus<\/a>\u00a0<a href=\"http:\/\/apaeilheus.wixsite.com\/apaeilheus\">http:\/\/apaeilheus.wixsite.com\/apaeilheus<\/a>\u00a0Contato: (73) 3632-3157\u00a0<a href=\"mailto:apaedeilheus@hotmail.com\">apaedeilheus@hotmail.com<\/a><\/p>\n","protected":false},"excerpt":{"rendered":"<p>Os alunos da Apae de Ilh\u00e9us participaram do Circuito de Corrida e Caminhada realizado pelo Servi\u00e7o Social do Com\u00e9rcio (SESC) neste m\u00eas de dezembro, em Ilh\u00e9us, e foram vencedores em primeiro, segundo e terceiro lugar na categoria PCD (pessoas com defici\u00eancia), na \u00faltima etapa do evento, que contou com um percurso de 5 km, na [&hellip;]<\/p>\n","protected":false},"author":2,"featured_media":0,"comment_status":"open","ping_status":"open","sticky":false,"template":"","format":"standard","meta":{"_links_to":"","_links_to_target":""},"categories":[8,11],"tags":[],"_links":{"self":[{"href":"https:\/\/www.r2cpress.com.br\/v1\/wp-json\/wp\/v2\/posts\/105489"}],"collection":[{"href":"https:\/\/www.r2cpress.com.br\/v1\/wp-json\/wp\/v2\/posts"}],"about":[{"href":"https:\/\/www.r2cpress.com.br\/v1\/wp-json\/wp\/v2\/types\/post"}],"author":[{"embeddable":true,"href":"https:\/\/www.r2cpress.com.br\/v1\/wp-json\/wp\/v2\/users\/2"}],"replies":[{"embeddable":true,"href":"https:\/\/www.r2cpress.com.br\/v1\/wp-json\/wp\/v2\/comments?post=105489"}],"version-history":[{"count":1,"href":"https:\/\/www.r2cpress.com.br\/v1\/wp-json\/wp\/v2\/posts\/105489\/revisions"}],"predecessor-version":[{"id":105491,"href":"https:\/\/www.r2cpress.com.br\/v1\/wp-json\/wp\/v2\/posts\/105489\/revisions\/105491"}],"wp:attachment":[{"href":"https:\/\/www.r2cpress.com.br\/v1\/wp-json\/wp\/v2\/media?parent=105489"}],"wp:term":[{"taxonomy":"category","embeddable":true,"href":"https:\/\/www.r2cpress.com.br\/v1\/wp-json\/wp\/v2\/categories?post=105489"},{"taxonomy":"post_tag","embeddable":true,"href":"https:\/\/www.r2cpress.com.br\/v1\/wp-json\/wp\/v2\/tags?post=105489"}],"curies":[{"name":"wp","href":"https:\/\/api.w.org\/{rel}","templated":true}]}}