{"id":105518,"date":"2016-12-23T20:00:37","date_gmt":"2016-12-23T23:00:37","guid":{"rendered":"http:\/\/www.r2cpress.com.br\/v1\/?p=105518"},"modified":"2016-12-23T12:31:40","modified_gmt":"2016-12-23T15:31:40","slug":"do-fundo-do-bau-de-jose-leite-especial-42","status":"publish","type":"post","link":"https:\/\/www.r2cpress.com.br\/v1\/2016\/12\/23\/do-fundo-do-bau-de-jose-leite-especial-42\/","title":{"rendered":"DO FUNDO DO BA\u00da DE JOS\u00c9 LEITE (ESPECIAL)."},"content":{"rendered":"<p><center><img loading=\"lazy\" src=\"http:\/\/www.r2cpress.com.br\/v1\/wp-content\/uploads\/BAU-NOVO-COM-400.jpg\" width=\"400\" height=\"291\" class=\"aligncenter\" \/><br \/>\n<strong>1)\tRECORDANDO UMA CARTA PARA UM GRANDE L\u00cdDER.<br \/>\n2)\tAS FOTOS DESTAQUES DA SEMANA.<\/strong><\/center><\/p>\n<p><!--more--><\/p>\n<p><b><center>***************************************************************************************<\/center><\/b><\/p>\n<p>\t<b><center> 1) RECORDANDO UMA CARTA PARA UM GRANDE L\u00cdDER. <\/center><\/b><\/p>\n<p>Precisamente h\u00e1 seis anos atr\u00e1s (2010), na semana do Natal, escrevi uma carta para o meu saudoso amigo MOIS\u00c9S BOHANA. Leia abaixo. (Essa carta foi atualizada, observe no final).<\/p>\n<div style=\"width: 210px\" class=\"wp-caption aligncenter\"><img loading=\"lazy\" src=\"https:\/\/lh3.googleusercontent.com\/ZpYtRaHia9E_p88synm5mSHcCpTTDziKAlZlnTDu9g5rok1qnEn-N-SEzmkU0v37IVfXtRm3Etpx2dO8nPDkddfu3u8rnfN52fF00KF06AvMPKOGjr1JggvTshAjIiQKfq1bwNbIn8Bj3h1j6Fyf_8rAlDYMwouf9nqrIdhjmQ-HGTv3a0RimQviBeRF3oE0kGvrRd_S4S31HocSqAlai7U2QdTuZG6NzKAZQXUWSe8pcYfJ6dj4g6h_wsJANdD7nvyu6CHzIUeMvVocYXS5FN1WdAT4V1JpPJDly9XHYhUUwfKppKx-H09lI5MljGJXtW3panp6MhiDMMhFAk77kvFCzD6VuQdT5RMBBeaG5yZDwCt1uWAIDYAeN1vdmr6hbprnYtYDv0Nr0WLWfkST9HlUPnTAQMqnqXVCeQUhMRHHTNIlON57DBZzT2vHBtePJ4Ytso--kImT8yjoSKmRTxrjbA2PX4KhhB-iCf-2tAGrGPfh6MWgjD3gb076bHLKwNYTnoZnhEjSlpZ-ghRQn8efvZysyLzIXAgdaUSRY-gw5AraH7u3b_UiGdDRK9HIRVkmzdZ-ukhvBNhwtKWkh4UdJf20rgmYhfvVjIhLGNxcDyAax6TyIQ=w200-h250-no\" width=\"200\" height=\"250\" class \/><p class=\"wp-caption-text\"><i>MOIS\u00c9S BOHANA. <\/i><\/p><\/div>\n<p>Companheiro Mois\u00e9s Bohana:<\/p>\n<p>Na \u00faltima ter\u00e7a feira (20-12-2016) fez 26 anos que voc\u00ea nos deixou. Companheiro, deixar para \u201cviajar\u201d numa \u00e9poca de festas natalinas foi muito complicado, deixando seus familiares e amigos na maior tristeza, o nosso consolo foi que voc\u00ea viajou para junto do Grande Arquiteto do Universo. Companheiro MOIS\u00c9S, se depois de 26 anos voc\u00ea resolvesse nos visitar, n\u00e3o iria encontrar muitas novidades. Alegria s\u00f3 em rever a fam\u00edlia e os amigos. A nossa cidade de ILH\u00c9US cresceu de um lado e encolheu do outro. A praga da Vassoura de Bruxa, que voc\u00ea chegou a conhecer antes de partir, devastou com todo o Cacau da Regi\u00e3o. Foi preciso come\u00e7ar tudo de novo. Por esse motivo a cidade empobreceu, aumentando os crimes e o consumo de Drogas. Segundo o IBGE, a popula\u00e7\u00e3o de ILH\u00c9US encolheu e gra\u00e7as a Agencia Nacional de Avia\u00e7\u00e3o Civil (ANAC), a pista do Aeroporto Jorge Amado tamb\u00e9m encolheu. Pra voc\u00ea ver, aqui \u00e9 tudo na base do encolhe. Em 1990, viajamos nos Boeings 727 e 737 da VASP que se comparavam hoje com os A320 e A319 da TAM. Pois muito bem meu amigo, hoje s\u00f3 viajamos no A319 que \u00e9 a aeronave menor. Em 1990, quase toda semana chegava um ou dois navios no Porto. Hoje demora um m\u00eas ou mais para atracar um e a maioria para desembarcar Cacau do Exterior, que na sua \u00e9poca ainda era exportado.<\/p>\n<div style=\"width: 310px\" class=\"wp-caption aligncenter\"><img loading=\"lazy\" src=\"https:\/\/lh3.googleusercontent.com\/dEGz8-CPjvJMIybueKZkPFUumAn4RWG9yeipeA_oaVGwSoZzCLz-rqDp1djwkpGe2AwoCftXZa_IQ7TO7b3j1_HAG0rFOp2tPyoeRxhZqe3mTr1LA6vTOLfJhdSa4-Ff8KD3_CXvumh-aS4RYxX6uzUHTR_pU6Gbx4JUhYwnZ7u7ie3YmpltMnmgKS5II5rOSu_uGAzbR01V0N918so-7GkEqLOfg5GrMyRXsAzdBXzXGoKfqTY32SE-3CwQVJg8FDgshhQ7SnnKQAqdQa_wSIiAIUSXD3Pa2VzE_7wduvJPiyfL8WE0RVnA-BSBbdD07B6pNertmvmozpp8Nd0vL91acMIi-NzEvl4OJUf2p22kL1pmqPBnRzDeveFOMj2-ZAibB84hDEp-wuck6lY-PR1JyOuT9_QyGN2pg0IChv_POI91XWb1TMRphrn-HokaMo1cvq767Pr2IMhLvIQKmKT2oq0Bj2JT-SAAszrsPgdZWqKYnfxXzzgMffeAqNGQM0F_ix16QbYHJxd0di3bYk0XDco-28LRM2-edltSQ7ff9sSshRPMLnAXT3_gB7aqZTg-viOocDdH-ZLRvIXX8ZYUkcJXjpH2g5YPuxqZ7gVHK1IYip5C8g=w300-h206-no\" width=\"300\" height=\"206\" class \/><p class=\"wp-caption-text\"><i>Um BOEING 737 da VASP decolando do AEROPORTO DE ILH\u00c9US em 1985. <\/i><\/p><\/div>\n<p>Para ver os bouganvilles, os quais n\u00e3o existem mais, que voc\u00ea mandou plantar (quando estava no cargo de Secret\u00e1rio de Ind\u00fastria Com\u00e9rcio e Agricultura), na Avenida Lomanto J\u00fanior, no Pontal, junto com as \u00e1rvores no come\u00e7o da Rodovia Ilh\u00e9us\/Oliven\u00e7a, voc\u00ea vai continuar atravessando pela mesma ponte. Aquela sua brilhante ideia de mandar plantar bambus na entrada da cidade pela Rodovia Ilh\u00e9us\/Itabuna, antes de chegar \u00e0 rodovi\u00e1ria, para ficar igual com os bambus da chegada do aeroporto de Salvador parecendo um \u201ct\u00fanel ecol\u00f3gico\u201d n\u00e3o foi poss\u00edvel. O t\u00fanel n\u00e3o fechou \u201cgra\u00e7as\u201d aos moradores da Rua do Mosquito e adjac\u00eancias \u2013 ali virou uma favela.<\/p>\n<div style=\"width: 310px\" class=\"wp-caption aligncenter\"><img loading=\"lazy\" src=\"https:\/\/lh3.googleusercontent.com\/xfl6RG7Hf0TpjzjhyLu72P5Cmr1Hq2Bx36EY15VSXcu8xHNgtcahoskZ0g94ZWrwncP1kFTr_Ga0ciElcJfsUiXpJshK3He1g4GFtHEq8cspSS22ODqz7sIRYQCHnFi7o4qLP0ch5PwkwosjdwfBPSfsN8gPG43TwStpMqTHdoWfC4NCwlRnPH4EjdKg1Y8dczIGb0_SWkn2ET7bhAJQjp-GwKDCpuhj4qbP0g9Q6kZG9wdqou6qGCLvwbGTZgw5O684ms6068JHViSSyX3JWKKuHur-MMD-dKyrqw_3K9DiMYBaY5v-dsDN5Kmnaciue9UN0At-ijMekt0GYcTMwDltW5baA16ldkCCKkHd-TubydG6w1Ccx3QCQSuPmFDrb_AtXL8G5GNO2AooLvF9T-7RgpPL06_K1HfO5M4YLeoyRVNennfFANg2RlYVghkn1m-F1baxbsN81c464eps2j5z6ZaPCp720SEkFgYJHpyU5Ou2mHyB3ff-MRXgltw_SDvSm8KE4ASxLnpp_NBqismyRM71FPsdtVNMO0vVvrka03hrXxQfpM-ZjiDI55ozB32ptxyp8kA0lpAD-3QDhzh-lQhy2KRW9dXafZWzzgqQmHJZScG0pg=w300-h200-no\" width=\"300\" height=\"200\" class \/><p class=\"wp-caption-text\"><i>P\u00e9s de Bambu na entrada da cidade. J\u00e1 era para ser um T\u00daNEL ECOL\u00d3GICO. Obs. Os Bambus do lado direito n\u00e3o existem mais, a Coelba eliminou todos e colocou Postes onde deveriam colocar Cabos Subterr\u00e2neos. <\/i><\/p><\/div>\n<p>Agora companheiro, acredite! As chefias da Receita Federal, Embasa, Secretaria da Fazenda e Coelba levaram para Itabuna. O shopping que voc\u00ea sonhava e lutava n\u00e3o chegou. O de Itabuna sim, e j\u00e1 se tornou pequeno. O Tiro de Guerra de Ilh\u00e9us acabou, acabou tamb\u00e9m o 2\u00ba Batalh\u00e3o da Pol\u00edcia Militar, mas Itabuna tem. Ah, o Moinho de Trigo tamb\u00e9m fechou. Bem, com rela\u00e7\u00e3o a nossa C\u00e2mara de Dirigentes Lojistas de Ilh\u00e9us, continua pagando aluguel. Sede pr\u00f3pria nem pensar. A sede Social (Cabanas do Mirante dos Lojistas) conseguida com tanto trabalho e sacrif\u00edcio, foi repassada para terceiros. A grande \u00e1rea do sal\u00e3o anexo que foi pronta em 1990 e que todos os presidentes que passaram na CDL prometeram cobrir, o novo inquilino est\u00e1 cobrindo. Como? Ningu\u00e9m sabe. O contrato est\u00e1 com o Presidente atual. Diretores e Associados n\u00e3o t\u00eam acesso. O Instituto M\u00e9dico Legal (IML), n\u00e3o temos. Os mortos s\u00e3o levados para Itabuna para fazer a aut\u00f3psia. <\/p>\n<div style=\"width: 310px\" class=\"wp-caption aligncenter\"><img loading=\"lazy\" src=\"https:\/\/lh3.googleusercontent.com\/H5iBVvS5jkyLtshS-6_2_SDTAJZCVA8X-9xYkViYsdr2eJmCOlViQm_sJQd-LWnupzhHOG39VVOXMCCTmUfsuWOt9gBo6Bp0dL6k3uSug3hr1JLR1uZo5mDBvftFrmcu0CDubHIMB7LDhRXkf16l-zUQilf9hMQz9w8uvHrEsZEk7E-iHJ6r1Pctc3jZRF7-tcailu36Gh9zFabN4EHTEwUqEhEevLaSlXvUJUUK0HzuoqlOLloWZjeOkqylwXwc9LbHOTblT5JWfDKhQaVGljbRtj28FUIECTbZlzkCoTZIjEjUNcRsWAvnVf00ZwUXMooaw6nl2GVwcqavfvmORG0LQ4mXdE-edqWft_9CrQr6rQnnPMJxKWp6_JrS32TgP9Dj63hQoLQ-WnlnQFOrcCk8gZIOOvSzNaGyoi_fcvrNXRIMAC3KymaXdDjUnBDwf01zw2nYK1rpnT5SxLxj1tpjJOLUl2Ikj1QXrCMYGP9GLk-g8JzwpH2WPjC6Q-Gko8ipmFNABa0-PJ2ddQUT_JdEYOqnzkPkioR7K0w7ShEjepUtXXj3aJmzLzHQRTe9ZGWAIfJSKXhrDMOpi8nfjSub9tYNiVGtD8hyi0qTDVrNUL0KXzMG5Q=w300-h225-no\" width=\"300\" height=\"225\" class \/><p class=\"wp-caption-text\"><i>AS GRANDES FESTAS NATALINAS n\u00e3o existem mais, com shows para a crian\u00e7ada no EST\u00c1DIO M\u00c1RIO PESSOA quando era arrecadado mais de 5 toneladas de alimentos para os pobres. <\/i><\/p><\/div>\n<div style=\"width: 253px\" class=\"wp-caption aligncenter\"><img loading=\"lazy\" src=\"https:\/\/lh3.googleusercontent.com\/OsMTwvaSkjZHcwhzclwZlNxxbS3WvN4gTN1IXHMivVByIsgfnfZqXPVqB4DNo4Sd5-NqwBDxpkSC6U3TKbKng0NNYqIKrbJ0kbTIss6-MTDsWr-_ONt8KWk5sD7XGpF4GhFCh02-itncEwDux4US7lthxn-Cci8vazQA7zKN5DOO4lDMkt2TED7UMf7-2YZyPRIEmDystJ5rgmZCjyQMHbWSjC3BaKgozaTU0NTxsuo63bq6W7prc0K6iV729bajf99RV2p-hNAAZ3cQuysEw6q3x2-k-wUiidPpj50lhAuAAIUnOr-CVFHZtmQce-0jFJhnTAhPor7Qrv6BWIEXasnbf4PgDgp4dhq2IMo-4Gn2J1hOA0QhYv17mq52Cw15ACAEA6jcUYXNatVPklapq49EmxLmHRaZUxGRJMEimkpdiuo1sfRso1aBfcx4imeLU7KBv66tJkEBSDSUTkfdKmcBEPHh70O4uTfMgAWYh4U-xY4cwbshiZkLjsJCEvS7InziN3-jL8WX16f5xQw6M9Pn_sOxoZsqqFt4ongxYyoNf4rKYyIrWbix0KIdXIoV73p9sT9FnOAsHMK52v8rJNsd1JmW9lqsbbAjZrBMh5RmSGAFIkRMAw=w243-h300-no\" width=\"243\" height=\"300\" class \/><p class=\"wp-caption-text\"><i>A chegada de PAPAI NOEL de helic\u00f3ptero no EST\u00c1DIO M\u00c1RIO PESSOA s\u00f3 existiu naquele tempo. Na foto: da esquerda para a direita, JABES RIBEIRO, JASIEL MARTINS, ADOCIVAL ARA\u00daJO (Papai Noel), MOIS\u00c9S BOHANA e ROMUALDO PEREIRA. <\/i><\/p><\/div>\n<div style=\"width: 310px\" class=\"wp-caption aligncenter\"><img loading=\"lazy\" src=\"https:\/\/lh3.googleusercontent.com\/0EIbveWKVRAClMZt9_a5VQbTdFyV_32VbozA22fcjiEtu-p5gRNryENxFKjpkRkuNPftFA0rAcxGJekgMl2M1fadeEVOI8FD5yRXLKOXNo7O7I7_19dwVkEHT6rC3vHDhjz4489FbCxHhgpPpkB5Cp4gh98eCegQ1DdvWxdk7y0YZqDLtWQ3Yb6F7u8i2uzZJFHxNNrLk1_INiOUzVCzrU3ovQ1DjhifAlzbIgh40V4zVpDMK1VvrJlYA_vacmyr0ruq01aABpjPI5lTehpodmxEvSkjibZ7hl5KWkaNF2-BJG-Lb7QKqB1p1JqU_ul6JOfZnsi-YEq_oqn3f82i0dKI4OXO7wYTJ9NAq2TuqFhYiD3SR2ji-PUt1d1lS0yMX4kxsMxYKSJ4jvScrZfqAulKuc7luSIH9XqROz7U_EMLs2ygEQKmn_opTXaX3Wj4zQgS8-zw52G_8KMxFzH_omOO9W37umrSfLBeNluOdXrXddOksiFWgKxXqrWs7PsFVsygxk9drOhms26mO6m-lx9FomiHmsqlaliVJCgc7std01Qo-vQNkqB5fGy5AoXzbN0rdVFrhh1JEvEzDDJzHp_pw82ez5yGRVKjlpS2IBv957vKUTMMdg=w300-h242-no\" width=\"300\" height=\"242\" class \/><p class=\"wp-caption-text\"><i>A festa de Confraterniza\u00e7\u00e3o Natalina com a presen\u00e7a de todos os Associados junto com a Diretoria, n\u00e3o acontece h\u00e1 anos. Hoje os Lojistas n\u00e3o conhecem Lojistas. (Foto: Festa de final de ano do CDL na CABANAS DO MIRANTE, dezembro\/1991). <\/i><\/p><\/div>\n<div style=\"width: 310px\" class=\"wp-caption aligncenter\"><img loading=\"lazy\" src=\"https:\/\/lh3.googleusercontent.com\/yFEComUIw8kyXqH9lPNUd-E6EE6Shex0ANiAlSJ7iulJEuD9Zdu0ynVPUcz-mpTFy3PDXKskg3Ecj1XF47JLtBwoJRcVkWBOdZy9SbyiBjTrjMWX18tWHrzVunS_rqJFNdm_Vw9QF_X9PYmxCtoQRP4PlOumgDyMJbJDflfBPFllTZTtAIOY1tzzKTh0K9ERbgJKQcsdr4Hfbgx_7TUumGleKBvE7iUPuVmjnuv-XesjIJHGVsheyBsPuC5drsWDm9aoZKKpA-GRqO-7Kza0Ekx6TrcVTYnxq75Ut9qwFtEKMzpBSsylnWW_n_vdIbxpgJwLJ3t-cb8UjCALqHQSYn_Kr-zLW92jCFQXA36yKanjwA8o8gn4r_sM9G3Ye0AKXk-aEhpBZCw2w-PTCPCKGEYZunPhaxb_oN4AJZqTVc5V6FznTfzwcVkkTVCPptDymOZptmZHG518iU6UC0xsSEDS06ehh1KdWc0-a3LyAd16gZpAuV97z_v-C9TDJKm42DJnrUS7Xy85X0UlL3iqKcBmSJ4VlKgAEojLfhVJv2azR-VCAKBbCR74LZb_TBKD2X7SP5jBbwAzcnDxNeYltJdq2tKiztFpW6XT2RKB9TZ64c8gIlmRpA=w300-h195-no\" width=\"300\" height=\"195\" class \/><p class=\"wp-caption-text\"><i>MOINHO DE TRIGO DESATIVADO H\u00c1 BASTANTE TEMPO. <\/i><\/p><\/div>\n<p>Caro amigo, se voc\u00ea est\u00e1 pensando em dar uma passadinha aqui e ver como andam as coisas, esse n\u00e3o \u00e9 o melhor momento. Acho melhor deixar para vir depois que o Complexo Intermodal (Porto, Aeroporto e Ferrovia), anunciado pela Presidente da Rep\u00fablica, Governador e Prefeito estiver pronto. Receba um abra\u00e7o fraterno e um dia nos encontraremos! Do amigo e companheiro lojista Jos\u00e9 Leite de Souza, ex. Presidente da Associa\u00e7\u00e3o Comercial de Ilh\u00e9us e da C\u00e2mara de Dirigentes Lojistas de Ilh\u00e9us.<\/p>\n<p>MOIS\u00c9S BOHANA fundou, junto com outros companheiros Lojistas, o CDL de Ilh\u00e9us no dia 20 de Setembro de 1974 e foi eleito como primeiro Presidente. Tempos depois, fundou o Sindicato do Com\u00e9rcio Lojista, sendo tamb\u00e9m o primeiro Presidente. MOIS\u00c9S BOHANA foi Secret\u00e1rio de Ind\u00fastria e Com\u00e9rcio na gest\u00e3o do Prefeito Jo\u00e3o L\u00edrio e era muito cotado para ser candidato a Prefeito de Ilh\u00e9us. NOSSA CIDADE PERDEU UM GRANDE PREFEITO, QUE PENA!!! <\/p>\n<p>O Governo do Estado lhe prestou uma bonita homenagem colocando o seu nome no (COL\u00c9GIO ESTADUAL MOIS\u00c9S BOHANA) localizado na Zona Sul da cidade. O Com\u00e9rcio de Ilh\u00e9us continua devendo uma homenagem ao grande l\u00edder lojista MOIS\u00c9S BOHANA.<\/p>\n<p>Algumas observa\u00e7\u00f5es sobre a carta acima: <\/p>\n<p>\u2022\tO IML foi inaugurado anos depois.<br \/>\n\u2022\tA \u00e1rea anexa \u00e0 CABANAS DO MIRANTE n\u00e3o est\u00e1 sendo constru\u00edda e sim abandonada.<br \/>\n\u2022\tA CABANAS DO MIRANTE foi entregue pelo CDL DE ILH\u00c9US para a ASSOCIA\u00c7\u00c3O ESPORTIVA DO ALTO DO CEAR\u00c1 que est\u00e1 administrando e est\u00e1 cobrando uma taxa no valor de R$ 300,00 pela ocupa\u00e7\u00e3o do espa\u00e7o para Festas como aconteceu no \u00faltimo s\u00e1bado (17-12-2016) e o CDL DE ILH\u00c9US fica A VER NAVIOS L\u00c1 DE CIMA. QUE PENA, A QUE PONTO CHEGOU!<\/p>\n<p>\t<b><center> 2) AS FOTOS DESTAQUES DA SEMANA. <\/center><\/b><\/p>\n<div style=\"width: 610px\" class=\"wp-caption aligncenter\"><img loading=\"lazy\" src=\"https:\/\/lh3.googleusercontent.com\/_b_gt15VsfOysaq3PIccgz3KHPoF_SwcZO8AqtQaFXu14ZI18IxOqTe7SOKkGdDfidV9rAVSOZr4kxDRLhWfTYd_DeE59jO1aZ2tJzjXnE15UwR8oRaY2Pi7SF5afSpdtWYHjzVc6uDyP0Yq1LgfjbmhR8Z6Z2SM5t0EIEA7g1geiTCyrXO2c73rNVL1TlHCl-zMcQp-O2KFatMOoAeXwQS9KLlcoYuBU254dfVNC2bO5xCn5v6qqrYsC4TxTxIlLUuEeWUwH-406eWgCSnRvvuQ4d6PsE9ooQTDNT_kcxYXIB0GThSTwY5QgPQvXFFXdiVb1KXlSfA7-_vu1qLYH9gkSY5ch6vjhkkMOmnXUd8Dk83flk5eEMdm3-HvlVC4KFIk_U22yQvps0qfrSwVmTBYuz-X_IW1HndvmOoPy6QfmzsP1WNbD3oBgGDTBa_4zSYjUj-N7oU_A7ZS4y8jC37lepPr1ydNfLqAGtiW_rB_lKwx9r3OV4vWmt5kn__Kb4upbi1DPkXaFLCVVdnFHoXclpOchtRMS4MnaEzau4dloBb00GS-k__t1shJ7HQBkU1LzB3hP90LJ02IQlJq6UEpQnbVStokvTADCbx3inCu9UGNz2XFQg=w600-h500-no\" width=\"600\" height=\"500\" class \/><p class=\"wp-caption-text\"><i>Na \u00faltima segunda feira (12-12-2016), fomos surpreendidos com a morte do amigo de muito tempo NILDO BATISTA. Na d\u00e9cada de 1960 e 1970, NILDO BATISTA trabalhou na antiga FARM\u00c1CIA UNIVERSAL que ficava na esquina do antigo pr\u00e9dio da PENS\u00c3O VASCO, onde hoje \u00e9 o estacionamento do BANCO DO BRASIL. Depois de aposentado NILDO BATISTA continuou trabalhando na ACADEMIA VIGOR, de sua propriedade. NILDO faleceu aos 81 anos. FICA COM DEUS AMIGO! Na foto acima, clicada por JOS\u00c9 LEITE, lado direito NILDO BATISTA, o saudoso amigo POPOFF e a Rainha dos RM (ROLA MURCHA). NILDO tamb\u00e9m pertencia ao GRUPO RM (ROLA MURCHA). <\/i><\/p><\/div>\n<div style=\"width: 610px\" class=\"wp-caption aligncenter\"><img loading=\"lazy\" src=\"https:\/\/lh3.googleusercontent.com\/hXwMt8t53vO9A5dI3tAvGLw-DzVY24hIJnrIB7WOhSzvCCIOCspj7h-H9pxPn-XH1OGre7X-xIJO9_IzSsQ_q02y5JvSRMrNTiDN6c5xkL3_rz0w-V5942X5Zrc6Sv7aFRzcOmHFhPXTOaQvgepztD4_zzCZU4aCjzX6c5y7YfvvYRk0a37Xpj6k03CssLIy3kafNFoO6an-mg-VBIzLqmYB4Pp-gRs6uQR7YfXEi0UVtFcYw3qz980zl4TSvGImkUKsCD22hvHXacl3xNyFJ9gWDHgPac_8Tun4zojoinqop504l-U0qw34jKZMRUy1msuW9yT6zxKZxs8MK3WPHrdYjHyOCIiWNja0UqY3S3MfLD3IO8aLUIgdirgYyPss45nMr6lmMsAWLA2QJ4BGkQwjRyCSP62crnxbVkvDgHA5ynsqLxsR1bpAnfatG0vRS7Dgv_9oHTZnC1ckQdvaoIx7ZwulamsBXa_JjUjxk9bRbA_Mt0rKQiHsBROCwHhXHKpA4RAy7r03KVRVUfpG211nOrrJGhTRwi85RDgJ6NzjMacE77h_tIP0m2oIfjimsMhOiG-Rp4ET3fM66AKqVEhR3ZseL3SLRszHAKMK8cnfwPfETBDzcg=w600-h500-no\" width=\"600\" height=\"500\" class \/><p class=\"wp-caption-text\"><i>Na ter\u00e7a feira outra surpresa! Dessa vez DEUS levou o amigo M\u00c1RIO HENRIQUE (MAR\u00c3O) como era conhecido. MAR\u00c3O come\u00e7ou a trabalhar ainda jovem na Ferragem de SIN\u00c9SIO CHAGAS e logo depois, no mesmo endere\u00e7o MENDON\u00c7A IRM\u00c3OS, onde hoje funciona o SHOPPING ITARTE na Rua D. Pedro II. Tempos depois MAR\u00c3O e VIVALDO BARBOSA inaugura a HIDRALUZ (Loja de Material El\u00e9trico e Hidr\u00e1ulico) na Rua Ara\u00fajo Pinho. MAR\u00c3O tamb\u00e9m foi um grande ESPORTISTA. FICA COM DEUS MEU QUERIDO AMIGO! Na foto clicada por JOS\u00c9 LEITE, MAR\u00c3O na Av. Soares Lopes participando da Festa da INDEPEND\u00caNCIA. (Sete de Setembro). (Foto: Setembro\/2010). <\/i><\/p><\/div>\n<div style=\"width: 610px\" class=\"wp-caption aligncenter\"><img loading=\"lazy\" src=\"https:\/\/lh3.googleusercontent.com\/mxxME7O3X-3KKJuxf0CJX_WBFWeMCwOUGqqcguttfEJhBDP2ltG3LYEHjw7UYZABjgnVz1qBb4F21p-0CVnVdMhwEdMhwPG6KEDdHSvqKpzM55nKX-tqKZlfn6tRrwYjsoqUgFvYaXygaGOcGXeYImpjT3i8acDzgWDOr9i48kjF-St-NQzXvgkxjT6AP0VcmdREFj2EZq8fyZKhqbpMbNqeNZqHkrKWU99IWgaOUnhDAnP2BpO2zXlQZm38SmbB8z8PeXFh7KC3Ev8EZFQ5Sl23WgXEhEFDJ-eISdCMxs91Di6ASyDK3ZHkXVOBxLYNc25DpY1vPv8x5n46tcLPLHoeO7dkegF0q2J0gXbD4m8jJqpEyhSuxIDVPGH8o4lqCMlNXqF1Mykh7YKrlx8HGD-uA3vli3lt7as35EfE-nFLjeyEXSTvAwB8tcez_rybBcyjag-TlHwHDNpBZa00oxYOiHoo2CQk2MDLeumck1fkIiX9-M5uzGvcZ8-XnJjTu7p-Lbm5fSBVaoz7eSnrfvfFSJ3zM6EzDWMSC8JD25LWKRrdGBTGhvtICO_VQbSfMfmEYdVQ2i3vcakP1pRWQlQFPaWwi_3fU7Ogf6Txp-DiJAaTsEwpuA=w600-h500-no\" width=\"600\" height=\"500\" class \/><p class=\"wp-caption-text\"><i>JOS\u00c9 ELYSIO DE S\u00c1 ADAMI NETO (CADETE) de fam\u00edlia tradicional de ILH\u00c9US atualmente residia em SALVADOR, quando passava o final de ano em ILH\u00c9US, revendo os familiares e amigos, n\u00e3o deixava de visitar a PRA\u00c7A DR. CADETE no OUTEIRO S\u00c3O SEBASTI\u00c3O que tem o nome de seu AV\u00d4. Na foto: CADETE e JOS\u00c9 LEITE. Foto: Dezembro de 2010. O amigo CADETE faleceu no \u00faltimo domingo (18-12-2016) em SALVADOR e foi sepultado na segunda feira. DEUS ESTEJA CONTIGO AMIGO! Obs, CADETE no come\u00e7o da d\u00e9cada de 1970, foi candidato a Prefeito de ILH\u00c9US. <\/i><\/p><\/div>\n<div style=\"width: 610px\" class=\"wp-caption aligncenter\"><img loading=\"lazy\" src=\"https:\/\/lh3.googleusercontent.com\/ND-2E0JXjT3Q_WDq4Xwub0Fgw4ZrJZGrUc0QicDNi3JZmOz9E2aq5TjPA3S-Hj5rz-PxEbgZEbOiV4lU5flUWgxGkFTACtOXEsxYbqr2k0kJErziy_cXjDYJN9pBAgdaFzf6P5Jlk_ykeWib3MT-usxlEiGDoS6LlG7PoiopenY8Kbo86HgmbKYjumbc8tJKSkeZgxvge7zPPU21ZY5VX8Mv-F2BHOrxFY4UKt5YjBVTnNMjRYAgQ-hkp43_F7pL__fg6-jBwJhz_MG7i1fCwMVAc4p3qFI3fhdpC3SvtjBV83HjqXi8I_pGT3hc62YeMHtkQniQWX3zjILmAp8BGIUP0UeLSQK9b6aB491xY_aa96oE4m1DDClHPjN90yJaA6SLJJ07G_WM4caV_Eutcp3c7OhS8Kl6zRETW5C7l3Qwb5Wv_lG-uHs6xMNyvX-4ERKYYCi4dbhZObDII8hxe9iVoucWrBeq1qXLO0_o8Lej2k0e6RuaL52wFN7zyhvIxKRi9CXBPQSqC-jaXt6GEFqVzQ9RJF8sEBtfEYK2uH-lFyl4EF2RdBvVlio4CK5ZyOz2B8nYOGRA2HUA_1mCI3wkN55oyJ0fle5TrogbvqkkuVGPO8wsug=w600-h500-no\" width=\"600\" height=\"500\" class \/><p class=\"wp-caption-text\"><i>BASTA DE TRISTEZA e vamos falar de alegria. TESTE DE VIS\u00c3O! Observe com aten\u00e7\u00e3o. O que voc\u00ea v\u00ea de diferente nessa foto acima? N\u00c3O VIU? Uma dica: Mire na letra K. <\/i><\/p><\/div>\n<div style=\"width: 610px\" class=\"wp-caption aligncenter\"><img loading=\"lazy\" src=\"https:\/\/lh3.googleusercontent.com\/WNLr6NAlM2lks0-EBkwBNxxDQ-j4Us6aPP7uQ5eIDPWc1350PipJbMJQPxg0VQyJD-Tw0XZ01L7bCayEqsoSSRmh_mhhYZGZYNBDnWou5qCxSmcK00wcSQbg3Z-cLTF_PIbiVtV9oSMeCQGJo04x2jKfHaNVPIRrFlzyFw3qRcs434nLRCALJO6o2zB4so0O4JJMehH4ItBJSwrI3IKYlZCVrhGSoBPmem4i3s3DenTkLUpaE95HGnpYC4VeVMcOlmsiSb3gNeQ2xRgBgx0Y59VauhtgyyK8O4wSOtAck7Fflhc2Tel3yov_9R2BJ9fWzpLSNZg3LnCGmRpyG0FUq9BPY4g8l0CEN99ImTcDi_KeQfMpwktb1lZudV0xlwsDcDfe4uFFVs99irHf320yc2Rc0VfBX2nZPJS0unwz91KqCFffRwf-BB0dKc6vp1_HI6UeuH5kUyNPlMpRM7z-PorsbWDH3lTGtpjtCLMvXqHX9UwYomMko_H7DsAe20-nZjAE9Rc0iQKEv63B4gLqYdTMmincaJw8b-uLn_NtlF10Vr4bsSHabMvnah7YznpGBM5B5YKRi-HTX93QZblRfhQ3N9XXF9ysLwXL2SQ1oKJzhX7CAqft2w=w600-h500-no\" width=\"600\" height=\"500\" class \/><p class=\"wp-caption-text\"><i>Confraterniza\u00e7\u00e3o de Final de ano no SICOMERCIO aconteceu no \u00faltimo dia 14-12-2016. FELIZ NATAL E UM \u00d3TIMO ANO NOVO PARA TODOS! <\/i><\/p><\/div>\n<div style=\"width: 610px\" class=\"wp-caption aligncenter\"><img loading=\"lazy\" src=\"https:\/\/lh3.googleusercontent.com\/MYZCOZPXculKJpJqNpCt8mm8gXnQ0_3vGWT9XU455AmvbRwBwz5H6Q6mdd0iRT15Vjj-u4Tc182xIx3BK_zhBglyexfT6VN20lwcOm8WmGXJechiDWsqnE6G04hNBuGwzdDvwUcjYAb-sI-LbR1loJgDYFmdIovmVUNB4_2gl5hK97vXPO9xviMxuT-p9Jzw_cvjkYQjPmaFCXTUZzfJ453J9yurNmvgvBGFzWRMmQnpHjaGyAj8QHP5YxuLoeLrN3mrIJUweR-JwgYP1q8uG9sLWAmdczqNdTE6oquv8FSmyJj9C2cxqZi2_HBBBgyZNiL11UaS3EGTlguTH0S_7qd6T28T9jPsLLSj2kD0OSgDxHnuMD5hO2rpuwg0O2N578Ju8cRn2gyxP0wFFRwpvDp2Du0tTKAgeUKnf4K_PQyJLsn5Uby6i_DDVuZzt57FDsC9grMcJa56gDcghUYgye58vrdXLxmTbNPxFF4Vo-wkbDzyQa9RUjo67iTQhj3Z6wpLiYm8QcrwEokETCmm47VLyeXO334Ee9VPVyjIk090rNmewlxtr6zgXM7r25CJF40xGYFVK0cH6kdeouUMZtpDqwKi5ukATUgO0Nuo_yWgka4eZOBmVQ=w600-h500-no\" width=\"600\" height=\"500\" class \/><p class=\"wp-caption-text\"><i>Confraterniza\u00e7\u00e3o na CONFRARIA DO BAR DO ZEQUITO. S\u00d3 ALEGRIA E MUITA COMIDA! Aconteceu no \u00faltimo s\u00e1bado (18-12-2016). <\/i><\/p><\/div>\n<div style=\"width: 610px\" class=\"wp-caption aligncenter\"><img loading=\"lazy\" src=\"https:\/\/lh3.googleusercontent.com\/9fIWItnduXXDwoyLv7Y1EYVvDuuDp0dRijgzjDBursantvm9H5dfOyP1yzgrAtLZr-wOmwVzF09lIoenuJX7pri2X7zWp37l6Qlv10xd_4xt5eO1fzFjwRzyRJxrBLgZSF5INp7TrMtX7okni7Mc55d85BBHHmWda6xDjkq36WogalLB9LeqnBOHowij7PUam-k2d6bhSJYKf8tCFzY2YKh8WhbLVoW14vUMcE2jhXS8ublIIdFzc8Bnae3i0PKvgGuyg_EwpxLqJaKiSqRUOxeAeFkWEfyOCjFLPGck8keyxB1dak55Ndb63FRnoBMMq7cy5ZDpBUXLkE13QVMjtEC9tdcJSQZvx0-WmciN_HNWYhPcmLQgybWjjUp-yJEsMFfavV2rOZ6Pna8JkHVMF6FIe2xUTBgrJ93563IkKcWP_A2R7GIZgzNWJsG66ZwzHVXrChHPgL3CTNReJNDe0Q0GLe3hf7O9YsspA2TG1bnvLo18_KfUd0O7oyXIVv7quPhlUVR3nCl78mWmthSHguTmIoCxx0q-kE6HXDaVfXsmgXNvsB0q_yPcvkHtbgM9kjKOAhk_WEXGBgVFp99tiMVUK9zKfXM_eppTOMXV2REjpQDevUqtYQ=w600-h500-no\" width=\"600\" height=\"500\" class \/><p class=\"wp-caption-text\"><i>Na \u00faltima semana, outra bonita confraterniza\u00e7\u00e3o foi promovida pelo Gerente do BANCO DO BRASIL, SILVIO REIS (na foto, o primeiro da esquerda para a direita). Finalmente s\u00e3o 41ANOS de trabalho no BANCO e agora vai se aposentar. PARAB\u00c9NS AMIGO SILVIO! Muita gente perguntando se a comemora\u00e7\u00e3o n\u00e3o era pelos seus 41 ANOS DE IDADE. SILVIO REIS atualmente \u00e9 o VENER\u00c1VEL MESTRE da \u201cMINHA\u201d LOJA MA\u00c7\u00d4NICA REGENERA\u00c7\u00c3O SUL BAIANA. <\/i><\/p><\/div>\n<p><b><center> 3) E NO MAIS&#8230; <\/center><\/b><\/p>\n<div style=\"width: 510px\" class=\"wp-caption aligncenter\"><img loading=\"lazy\" src=\"https:\/\/lh3.googleusercontent.com\/ZQuxeuBjzk8YBt_KrY52zfrJ05098fPNWYhzcmiwrCnfRomcvBN7TDAUWkGiaHw40zdp0mCs-nit96tRQgRiB8IpJmS6sYFYhaIuzUTTqqpe88YdwXYLX-0Aoe82D2-ew7Sq46yPC-3auR662R6nsIRZ83LRYC1rNDx60G_SxJzN1BYe_IVcLqBFzfPqLECsCRGHzbmkdJz9xoMsXWcJQF9Xu4EGg7fhz5Zl86ctF3pIbPIwR6bh8UHfXEfNtdZX8Hdlk87ZieKw9610c86TtemkZk5eBcoBBKquTax1MMyLdmuBUybWbexg42Gr5eI7YjDoDYfyuwS449Gn0sgsr7Yx0Eyax3QU-0KMl4VMr-SOGNeTgs9ok7T6kwNzHP_3YGsxkafoVYSpKWUadZRQt3-HmzhdSOKtWdehztwcPuOwXnQQI4ER4OXiJSKEQCJ90UITJFRXHmlD0suldiqcWJ2Sc9QTZJ5YaD0p6S0J-mq4BZOe6L7YfBkkKJCaopf9z25QnkLUbvUVk2sDOz-Gg5QEcn5gZ8oq1PQGFKt-cpalXwJw8IPTBZeBGkcZfFjjLnDO3RahsGy7ZjFJXm_tSJYzRy31j2D3i34PThowUQ8UJqH9hCcm3w=w500-h600-no\" width=\"500\" height=\"600\" class \/><p class=\"wp-caption-text\"><i>UM BRINDE, DESEJANDO-LHES MUITA SA\u00daDE, PAZ, ALEGRIA, FELICIDADE, HARMONIA, ESPERAN\u00c7A, UNI\u00c3O E AMOR, COMPARTILHADOS NA PASSAGEM DO NATAL E NO DECORRER DE TODO O ANO NOVO! S\u00c3O OS VOTOS DE JOS\u00c9 LEITE DE SOUZA PARA TODOS. <\/i><\/p><\/div>\n<p>&#8212;<br \/>\n<span style=\"color: blue;\"><b>Para ver o BA\u00da da semana passada clique<\/b><a href=\"http:\/\/www.r2cpress.com.br\/v1\/2016\/12\/16\/do-fundo-do-bau-de-jose-leite-266\/\" target=\"_news\"><b> AQUI.<\/b><\/a><\/span><\/p>\n<p>&#8212;<br \/>\nTexto e fotos: Jos\u00e9 Leite de Souza<br \/>\njleitesouza@hotmail.com<br \/>\n(73) 3634-3134<\/p>\n","protected":false},"excerpt":{"rendered":"<p>1) RECORDANDO UMA CARTA PARA UM GRANDE L\u00cdDER. 2) AS FOTOS DESTAQUES DA SEMANA.<\/p>\n","protected":false},"author":2,"featured_media":0,"comment_status":"open","ping_status":"open","sticky":false,"template":"","format":"standard","meta":{"_links_to":"","_links_to_target":""},"categories":[10],"tags":[],"_links":{"self":[{"href":"https:\/\/www.r2cpress.com.br\/v1\/wp-json\/wp\/v2\/posts\/105518"}],"collection":[{"href":"https:\/\/www.r2cpress.com.br\/v1\/wp-json\/wp\/v2\/posts"}],"about":[{"href":"https:\/\/www.r2cpress.com.br\/v1\/wp-json\/wp\/v2\/types\/post"}],"author":[{"embeddable":true,"href":"https:\/\/www.r2cpress.com.br\/v1\/wp-json\/wp\/v2\/users\/2"}],"replies":[{"embeddable":true,"href":"https:\/\/www.r2cpress.com.br\/v1\/wp-json\/wp\/v2\/comments?post=105518"}],"version-history":[{"count":3,"href":"https:\/\/www.r2cpress.com.br\/v1\/wp-json\/wp\/v2\/posts\/105518\/revisions"}],"predecessor-version":[{"id":105522,"href":"https:\/\/www.r2cpress.com.br\/v1\/wp-json\/wp\/v2\/posts\/105518\/revisions\/105522"}],"wp:attachment":[{"href":"https:\/\/www.r2cpress.com.br\/v1\/wp-json\/wp\/v2\/media?parent=105518"}],"wp:term":[{"taxonomy":"category","embeddable":true,"href":"https:\/\/www.r2cpress.com.br\/v1\/wp-json\/wp\/v2\/categories?post=105518"},{"taxonomy":"post_tag","embeddable":true,"href":"https:\/\/www.r2cpress.com.br\/v1\/wp-json\/wp\/v2\/tags?post=105518"}],"curies":[{"name":"wp","href":"https:\/\/api.w.org\/{rel}","templated":true}]}}