{"id":105536,"date":"2016-12-24T09:23:19","date_gmt":"2016-12-24T12:23:19","guid":{"rendered":"http:\/\/www.r2cpress.com.br\/v1\/?p=105536"},"modified":"2016-12-24T09:23:19","modified_gmt":"2016-12-24T12:23:19","slug":"no-gotas-de-paz-809","status":"publish","type":"post","link":"https:\/\/www.r2cpress.com.br\/v1\/2016\/12\/24\/no-gotas-de-paz-809\/","title":{"rendered":"No GOTAS DE PAZ"},"content":{"rendered":"<h1 class=\"entry-title post-title\" style=\"text-align: center;\"><span style=\"color: #0000ff;\"><strong>Natal da Caridade<\/strong><\/span><\/h1>\n<div class=\"fb-quote fb_iframe_widget\" style=\"text-align: center;\">Natal, s\u00edmbolo maior da Paz e da Harmonia,\u00a0num enorme misto de Felicidade e de Alegria\u2026<\/div>\n<article>\n<div id=\"article\">\n<p style=\"text-align: center;\">Natal, confraterniza\u00e7\u00e3o em forma de total doa\u00e7\u00e3o,\u00a0onde o Trem da Solidariedade faz parada em nossos cora\u00e7\u00f5es\u2026<br \/>\nNatal, muito mais que uma costumeira comemora\u00e7\u00e3o,\u00a0\u00e9 o grito mais alto da nossa t\u00e3o contida emo\u00e7\u00e3o,\u00a0tentando bravamente abafar a voz dura e fria da raz\u00e3o\u2026<br \/>\nNatal, onde os contr\u00e1rios se igualam em sensa\u00e7\u00f5es que falam,\u00a0e b\u00ean\u00e7\u00e3os de Amor que automaticamente se espalham\u2026<br \/>\nNatal, no ano inteiro s\u00f3 se comemora uma vez\u2026<br \/>\nQuem dera que fosse Natal pelo menos uma vez em cada m\u00eas!<br \/>\nQuantas situa\u00e7\u00f5es ca\u00f3ticas deixariam de existir,\u00a0pois o envolvimento com amor ao pr\u00f3ximo iria obstinadamente resistir!<br \/>\nN\u00e3o haveria espa\u00e7o para a implac\u00e1vel for\u00e7a do mal,\u00a0j\u00e1 que toda Humanidade estaria imbu\u00edda incessantemente\u00a0com a transcend\u00eancia da Magia do Natal!<br \/>\nDesejamos a voc\u00ea muita sa\u00fade, paz, amor e prosperidade.<br \/>\nQue a virada do ano n\u00e3o seja apenas mais uma data,\u00a0mas um momento para repensar tudo o que fizemos e desejamos\u00a0para que no pr\u00f3ximo ano sejamos cada vez melhores\u2026<br \/>\nFora da caridade n\u00e3o h\u00e1 salva\u00e7\u00e3o\u2026<\/p>\n<div class=\"clear\" style=\"text-align: left;\"><span style=\"color: #0000ff;\"><em><strong>\u00a0https:\/\/www.gotasdepaz.com.br\/natal-da-caridade\/<\/strong><\/em><\/span><\/div>\n<\/div>\n<div id=\"post-after\"><\/div>\n<\/article>\n","protected":false},"excerpt":{"rendered":"<p>Natal da Caridade Natal, s\u00edmbolo maior da Paz e da Harmonia,\u00a0num enorme misto de Felicidade e de Alegria\u2026 Natal, confraterniza\u00e7\u00e3o em forma de total doa\u00e7\u00e3o,\u00a0onde o Trem da Solidariedade faz parada em nossos cora\u00e7\u00f5es\u2026 Natal, muito mais que uma costumeira comemora\u00e7\u00e3o,\u00a0\u00e9 o grito mais alto da nossa t\u00e3o contida emo\u00e7\u00e3o,\u00a0tentando bravamente abafar a voz dura [&hellip;]<\/p>\n","protected":false},"author":2,"featured_media":0,"comment_status":"open","ping_status":"open","sticky":false,"template":"","format":"standard","meta":{"_links_to":"","_links_to_target":""},"categories":[17],"tags":[],"_links":{"self":[{"href":"https:\/\/www.r2cpress.com.br\/v1\/wp-json\/wp\/v2\/posts\/105536"}],"collection":[{"href":"https:\/\/www.r2cpress.com.br\/v1\/wp-json\/wp\/v2\/posts"}],"about":[{"href":"https:\/\/www.r2cpress.com.br\/v1\/wp-json\/wp\/v2\/types\/post"}],"author":[{"embeddable":true,"href":"https:\/\/www.r2cpress.com.br\/v1\/wp-json\/wp\/v2\/users\/2"}],"replies":[{"embeddable":true,"href":"https:\/\/www.r2cpress.com.br\/v1\/wp-json\/wp\/v2\/comments?post=105536"}],"version-history":[{"count":1,"href":"https:\/\/www.r2cpress.com.br\/v1\/wp-json\/wp\/v2\/posts\/105536\/revisions"}],"predecessor-version":[{"id":105537,"href":"https:\/\/www.r2cpress.com.br\/v1\/wp-json\/wp\/v2\/posts\/105536\/revisions\/105537"}],"wp:attachment":[{"href":"https:\/\/www.r2cpress.com.br\/v1\/wp-json\/wp\/v2\/media?parent=105536"}],"wp:term":[{"taxonomy":"category","embeddable":true,"href":"https:\/\/www.r2cpress.com.br\/v1\/wp-json\/wp\/v2\/categories?post=105536"},{"taxonomy":"post_tag","embeddable":true,"href":"https:\/\/www.r2cpress.com.br\/v1\/wp-json\/wp\/v2\/tags?post=105536"}],"curies":[{"name":"wp","href":"https:\/\/api.w.org\/{rel}","templated":true}]}}