{"id":105545,"date":"2016-12-25T08:09:06","date_gmt":"2016-12-25T11:09:06","guid":{"rendered":"http:\/\/www.r2cpress.com.br\/v1\/?p=105545"},"modified":"2016-12-25T08:09:06","modified_gmt":"2016-12-25T11:09:06","slug":"no-gotas-de-paz-810","status":"publish","type":"post","link":"https:\/\/www.r2cpress.com.br\/v1\/2016\/12\/25\/no-gotas-de-paz-810\/","title":{"rendered":"No GOTAS DE PAZ"},"content":{"rendered":"<h1 class=\"entry-title post-title\" style=\"text-align: center;\"><span style=\"color: #0000ff;\"><strong>MENSAGEM DE NATAL<\/strong><\/span><\/h1>\n<div class=\"fb-quote fb_iframe_widget\" style=\"text-align: justify;\">Neste Natal vamos deixar de nos preocuparmos com tudo o que \u00e9 material e procuremos ver nesta data um momento de reflex\u00e3o.<\/div>\n<article>\n<div id=\"article\">\n<p>Pensemos naqueles que perderam seus entes queridos de forma violenta, tudo por causa do poder, de bens materiais, de causas movidas por fanatismo religioso, etc.<\/p>\n<p>Vamos refletir sobre o que temos feito at\u00e9 aqui para que ao menos no nosso n\u00facleo familiar haja paz, harmonia, afeto e amor verdadeiros. N\u00e3o podemos nos esquecer de que infelizmente muitas guerras se iniciam dentro do lar.<\/p>\n<p>Neste Natal voltemo-nos para Jesus e pensemos no legado de ensinamentos que Ele nos deixou.<\/p>\n<p>Lembremo-nos do Nazareno, que se fez o mais humilde dos humildes, que jamais recriminou ou julgou quem quer que fosse, e s\u00f3 pregou o perd\u00e3o, a paz e o amor. Lembremo-nos de suas hist\u00f3rias, contadas atrav\u00e9s das Par\u00e1bolas, que tantos ensinamentos sobre as verdades da vida trouxeram aos homens simples e humildes de cora\u00e7\u00e3o.<\/p>\n<p>Oremos com Jesus neste dia, para que os homens da Terra que det\u00e9m o poder se conscientizem do grande mal que t\u00eam causado \u00e0 humanidade, por orgulho, ego\u00edsmo, vaidade e capricho, e que possam refletir modificando as atitudes.<\/p>\n<p>Oremos com Jesus para que o homem aprenda a se colocar no lugar do pr\u00f3ximo, n\u00e3o agindo com o outro como n\u00e3o gostaria que agisse com ele.<\/p>\n<p>Oremos com Jesus para que haja paz na Terra e mais uni\u00e3o, solidariedade, fraternidade e amor entre os homens.<\/p>\n<p>Feliz Natal a todos, com Jesus no cora\u00e7\u00e3o!<\/p>\n<div class=\"clear\"><span style=\"color: #0000ff;\"><em><strong>\u00a0https:\/\/www.gotasdepaz.com.br\/mensagem-de-natal\/<\/strong><\/em><\/span><\/div>\n<\/div>\n<div id=\"post-after\"><\/div>\n<\/article>\n","protected":false},"excerpt":{"rendered":"<p>MENSAGEM DE NATAL Neste Natal vamos deixar de nos preocuparmos com tudo o que \u00e9 material e procuremos ver nesta data um momento de reflex\u00e3o. Pensemos naqueles que perderam seus entes queridos de forma violenta, tudo por causa do poder, de bens materiais, de causas movidas por fanatismo religioso, etc. Vamos refletir sobre o que [&hellip;]<\/p>\n","protected":false},"author":2,"featured_media":0,"comment_status":"open","ping_status":"open","sticky":false,"template":"","format":"standard","meta":{"_links_to":"","_links_to_target":""},"categories":[17],"tags":[],"_links":{"self":[{"href":"https:\/\/www.r2cpress.com.br\/v1\/wp-json\/wp\/v2\/posts\/105545"}],"collection":[{"href":"https:\/\/www.r2cpress.com.br\/v1\/wp-json\/wp\/v2\/posts"}],"about":[{"href":"https:\/\/www.r2cpress.com.br\/v1\/wp-json\/wp\/v2\/types\/post"}],"author":[{"embeddable":true,"href":"https:\/\/www.r2cpress.com.br\/v1\/wp-json\/wp\/v2\/users\/2"}],"replies":[{"embeddable":true,"href":"https:\/\/www.r2cpress.com.br\/v1\/wp-json\/wp\/v2\/comments?post=105545"}],"version-history":[{"count":1,"href":"https:\/\/www.r2cpress.com.br\/v1\/wp-json\/wp\/v2\/posts\/105545\/revisions"}],"predecessor-version":[{"id":105546,"href":"https:\/\/www.r2cpress.com.br\/v1\/wp-json\/wp\/v2\/posts\/105545\/revisions\/105546"}],"wp:attachment":[{"href":"https:\/\/www.r2cpress.com.br\/v1\/wp-json\/wp\/v2\/media?parent=105545"}],"wp:term":[{"taxonomy":"category","embeddable":true,"href":"https:\/\/www.r2cpress.com.br\/v1\/wp-json\/wp\/v2\/categories?post=105545"},{"taxonomy":"post_tag","embeddable":true,"href":"https:\/\/www.r2cpress.com.br\/v1\/wp-json\/wp\/v2\/tags?post=105545"}],"curies":[{"name":"wp","href":"https:\/\/api.w.org\/{rel}","templated":true}]}}