{"id":105609,"date":"2016-12-27T21:33:04","date_gmt":"2016-12-28T00:33:04","guid":{"rendered":"http:\/\/www.r2cpress.com.br\/v1\/?p=105609"},"modified":"2016-12-27T21:33:04","modified_gmt":"2016-12-28T00:33:04","slug":"algumas-do-dia-9","status":"publish","type":"post","link":"https:\/\/www.r2cpress.com.br\/v1\/2016\/12\/27\/algumas-do-dia-9\/","title":{"rendered":"Algumas do Dia"},"content":{"rendered":"<table style=\"height: 909px;\" width=\"597\">\n<tbody>\n<tr>\n<td width=\"687\">\n<h2 style=\"text-align: justify;\"><span style=\"color: #000000;\"><strong>Temer: estados e munic\u00edpios v\u00e3o receber novos recursos da repatria\u00e7\u00e3o<\/strong><\/span><\/h2>\n<p style=\"text-align: justify;\"><strong>\u00a0<\/strong><\/p>\n<p style=\"text-align: justify;\">O presidente da Rep\u00fablica, Michel Temer, afirmou que estados e munic\u00edpios tamb\u00e9m ser\u00e3o beneficiados pela multa do novo programa de repatria\u00e7\u00e3o de ativos no exterior. Temer explicou que o programa de repatria\u00e7\u00e3o prev\u00ea o pagamento de 15% de Imposto de Renda e mais 15% de multa para trazer o dinheiro de volta ao Pa\u00eds. Inicialmente, apenas o valor arrecadado com o tributo seria repartido. Agora, garantiu o presidente, a multa tamb\u00e9m entrar\u00e1 na divis\u00e3o.<\/p>\n<p style=\"text-align: right;\">\u00a0<a href=\"http:\/\/www2.planalto.gov.br\/acompanhe-planalto\/noticias\/2016\/12\/temer-afirma-que-multa-da-2a-repatriacao-sera-divida-com-estados-e-municipios\"><strong>LEIA MAIS<\/strong><\/a><\/p>\n<p style=\"text-align: justify;\"><strong>\u00a0<\/strong><\/p>\n<h2 style=\"text-align: justify;\"><span style=\"color: #000000;\"><strong>Norte, Nordeste e Centro-Oeste receber\u00e3o mais de R$ 35 bi em 2017<\/strong><\/span><\/h2>\n<p style=\"text-align: justify;\">As Regi\u00f5es Norte, Nordeste e Centro-Oeste receber\u00e3o, ao longo de 2017, cerca de R$ 35,3 bilh\u00f5es para projetos de desenvolvimento regional. A quantia representa alta de 22,9% na dota\u00e7\u00e3o dos Fundos Constitucionais de Financiamento, que subir\u00e1 dos atuais R$ 28,75 bi (2016) para R$ 35,34 bilh\u00f5es (2017). O valor pode chegar a R$ 38,78 bi se o Congresso Nacional aprovar pedido do Minist\u00e9rio da Integra\u00e7\u00e3o para o or\u00e7amento de 2017, para o Fundo Constitucional de Financiamento do Norte (FNO), Nordeste (FNE) e Centro-Oeste (FCO).<\/p>\n<p style=\"text-align: right;\">\u00a0<a href=\"http:\/\/www.brasil.gov.br\/economia-e-emprego\/2016\/12\/norte-nordeste-e-centro-oeste-receberao-mais-de-r-35-bi-em-2017\"><strong>LEIA MAIS<\/strong><\/a><\/p>\n<p style=\"text-align: justify;\"><strong>\u00a0<\/strong><\/p>\n<h2 style=\"text-align: justify;\"><span style=\"color: #000000;\"><strong>Governo aponta combate ao Aedes como maior desafio da sa\u00fade brasileira<\/strong><\/span><\/h2>\n<p style=\"text-align: justify;\">Um dos principais desafios para o segmento da sa\u00fade no Pa\u00eds, atualmente, \u00e9 o combate ao mosquito Aedes aegypti. A declara\u00e7\u00e3o foi feita pelo ministro da Sa\u00fade, Ricardo Barros, nesta segunda-feira (26), ao detalhar o balan\u00e7o de a\u00e7\u00f5es realizadas pelo governo durante os \u00faltimos 200 dias. Na vis\u00e3o dele, a popula\u00e7\u00e3o deve ajudar no combate ao Aedes, j\u00e1 que n\u00e3o h\u00e1 &#8220;for\u00e7a p\u00fablica capaz de estar em todos os lugares eliminando os focos&#8221;.<\/p>\n<p style=\"text-align: right;\"><strong>\u00a0L<\/strong><a href=\"http:\/\/www.brasil.gov.br\/saude\/2016\/12\/governo-aponta-combate-ao-aedes-como-maior-desafio-da-saude-brasileira\"><strong>EIA MAIS<\/strong><\/a><\/p>\n<h2 style=\"text-align: justify;\"><span style=\"color: #000000;\"><strong>Minist\u00e9rio da Sa\u00fade libera R$ 962,3 milh\u00f5es para atendimento e servi\u00e7os do SUS<\/strong><\/span><\/h2>\n<p style=\"text-align: justify;\"><strong>\u00a0<\/strong><\/p>\n<p style=\"text-align: justify;\">O Minist\u00e9rio da Sa\u00fade anunciou a libera\u00e7\u00e3o de R$ 962,3 milh\u00f5es para o funcionamento de mais 1.966 servi\u00e7os do Sistema \u00danico de Sa\u00fade (SUS). O valor beneficiar\u00e1 unidades de sa\u00fade que estavam em atividade sem contrapartida federal. A iniciativa tem como objetivo garantir o atendimento da popula\u00e7\u00e3o, bem como desafogar estados e munic\u00edpios, que estavam sobrecarregados.<\/p>\n<p style=\"text-align: right;\"><strong><a href=\"http:\/\/www.brasil.gov.br\/saude\/2016\/12\/ministerio-da-saude-libera-r-962-3-milhoes-para-atendimento-e-servicos-do-sus\">LEIA MAI<\/a>S<\/strong><\/p>\n<\/td>\n<\/tr>\n<\/tbody>\n<\/table>\n","protected":false},"excerpt":{"rendered":"<p>Temer: estados e munic\u00edpios v\u00e3o receber novos recursos da repatria\u00e7\u00e3o \u00a0 O presidente da Rep\u00fablica, Michel Temer, afirmou que estados e munic\u00edpios tamb\u00e9m ser\u00e3o beneficiados pela multa do novo programa de repatria\u00e7\u00e3o de ativos no exterior. Temer explicou que o programa de repatria\u00e7\u00e3o prev\u00ea o pagamento de 15% de Imposto de Renda e mais 15% [&hellip;]<\/p>\n","protected":false},"author":2,"featured_media":0,"comment_status":"open","ping_status":"open","sticky":false,"template":"","format":"standard","meta":{"_links_to":"","_links_to_target":""},"categories":[18],"tags":[],"_links":{"self":[{"href":"https:\/\/www.r2cpress.com.br\/v1\/wp-json\/wp\/v2\/posts\/105609"}],"collection":[{"href":"https:\/\/www.r2cpress.com.br\/v1\/wp-json\/wp\/v2\/posts"}],"about":[{"href":"https:\/\/www.r2cpress.com.br\/v1\/wp-json\/wp\/v2\/types\/post"}],"author":[{"embeddable":true,"href":"https:\/\/www.r2cpress.com.br\/v1\/wp-json\/wp\/v2\/users\/2"}],"replies":[{"embeddable":true,"href":"https:\/\/www.r2cpress.com.br\/v1\/wp-json\/wp\/v2\/comments?post=105609"}],"version-history":[{"count":5,"href":"https:\/\/www.r2cpress.com.br\/v1\/wp-json\/wp\/v2\/posts\/105609\/revisions"}],"predecessor-version":[{"id":105614,"href":"https:\/\/www.r2cpress.com.br\/v1\/wp-json\/wp\/v2\/posts\/105609\/revisions\/105614"}],"wp:attachment":[{"href":"https:\/\/www.r2cpress.com.br\/v1\/wp-json\/wp\/v2\/media?parent=105609"}],"wp:term":[{"taxonomy":"category","embeddable":true,"href":"https:\/\/www.r2cpress.com.br\/v1\/wp-json\/wp\/v2\/categories?post=105609"},{"taxonomy":"post_tag","embeddable":true,"href":"https:\/\/www.r2cpress.com.br\/v1\/wp-json\/wp\/v2\/tags?post=105609"}],"curies":[{"name":"wp","href":"https:\/\/api.w.org\/{rel}","templated":true}]}}