{"id":105623,"date":"2016-12-28T13:28:15","date_gmt":"2016-12-28T16:28:15","guid":{"rendered":"http:\/\/www.r2cpress.com.br\/v1\/?p=105623"},"modified":"2016-12-28T13:28:15","modified_gmt":"2016-12-28T16:28:15","slug":"heckel-januario-em-degringolou-de-vez","status":"publish","type":"post","link":"https:\/\/www.r2cpress.com.br\/v1\/2016\/12\/28\/heckel-januario-em-degringolou-de-vez\/","title":{"rendered":"Heckel Janu\u00e1rio em: DEGRINGOLOU DE VEZ!"},"content":{"rendered":"<p><img loading=\"lazy\" class=\"alignleft\" src=\"http:\/\/www.r2cpress.com.br\/v1\/wp-content\/uploads\/HECKEL-NOVA.jpg\" alt=\"\" width=\"300\" height=\"129\" \/>N\u00e3o \u00e9 de hoje meu descr\u00e9dito para com o Congresso Nacional, claro \u2013tamb\u00e9m por ser a raiz chave principal no contexto\u2013, para com os partidos pol\u00edticos, conceito esse externado em escrevinhados passados. Presentemente, sem alternativa, tive de adotar igual crit\u00e9rio com os portadores da \u2018capa preta\u2019.<\/p>\n<p>\u00c9 isso. Parece que o Brasil do p\u00f3s-impeachment degringolou de vez! Os acontecidos mostram claramente ministros da Lei fazendo pol\u00edtica e pol\u00edticos, justi\u00e7a, numa inaceit\u00e1vel invers\u00e3o de fun\u00e7\u00f5es. Para este inocente cidad\u00e3o, o epis\u00f3dio envolvendo o presidente do Senado e a Suprema Corte em que prevaleceu esdr\u00faxulos argumentos do tipo \u201cvoc\u00ea \u00e9, mas n\u00e3o \u00e9, ou, mas n\u00e3o pode\u201d foi o fim da picada. Isso insistindo em desconhecer o ecoado das ruas de ter rolado um \u201cacord\u00e3o\u201d (\u201cacord\u00e3o\u201d, n\u00e3o ac\u00f3rd\u00e3o) na parada, porque assim seria como preparar antecipadamente o caix\u00e3o e vela de nossa Rep\u00fablica Democr\u00e1tica e Soberana.<\/p>\n<p><!--more--><\/p>\n<p>Como uma coisa puxa outra, n\u00e3o \u00e9 que a recente proposta de \u201cabuso de autoridade\u201d pode ser considerada just\u00edssima, mesmo o proponente n\u00e3o ser l\u00e1, como propagado, nenhuma flor que se cheire! \u00c9, mas os incomodados se insurgiram. Sinceramente n\u00e3o os entendi, pois ainda quero crer que \u201cningu\u00e9m est\u00e1 acima da lei\u201d. Alegar que iria atrapalhar a Lava Jato \u2013n\u00e3o desfazendo a sua import\u00e2ncia\u2013 possui um cunho il\u00f3gico, uma vez que, ao se pugnar por justi\u00e7a e se for comparado numa fria observa\u00e7\u00e3o o quase ilimitado poder da Opera\u00e7\u00e3o com o direito de defesa a conclus\u00e3o est\u00e1 na cara. Ao tema \u00e9 sempre oportuno anexar a corajosa afirma\u00e7\u00e3o da jurista Eliana Calmon em considerar haver no Judici\u00e1rio &#8220;bandidos que est\u00e3o escondidos atr\u00e1s da toga&#8221;, uma clara vis\u00e3o da inerente fragilidade humana, pass\u00edvel, portanto, de ilicitudes, mesmo se tratando de autoridades. Este foi um, entre outros fatos como por exemplo o de magistrados legislarem em causa pr\u00f3pria. \u00c0 quest\u00e3o sugere que se inclua a m\u00e1xima \u201cquem n\u00e3o deve n\u00e3o teme\u201d.<\/p>\n<p>Fim de ano, vontade de exteriorizar \u2013na busca de novos ares\u2013 em ebuli\u00e7\u00e3o, n\u00e3o poderia deixar passar em branco, como de nosso regime, o poder Presidencial. Este, at\u00e9 agora s\u00f3 ficou no de \u201cvenha a n\u00f3s\u201d com os reiterados pedidos de sacrif\u00edcio da popula\u00e7\u00e3o, nas restri\u00e7\u00f5es de direitos, nas contradi\u00e7\u00f5es e, no apagar das luzes, mais um dos \u201csalvadores\u201d atos governamentais: a promessa de doa\u00e7\u00e3o de 100 bilh\u00f5es de reais \u00e0s empresas de telecomunica\u00e7\u00f5es. Para n\u00e3o ser repetitivo, basta o caro leito deste escrevinhado agu\u00e7ar a butuca pro Pal\u00e1cio do Planalto: logo perceber\u00e1 que as vassouras de limpeza quebram em sequ\u00eancia tamanha a sujeira, apesar da pompa exibida. Com a m\u00eddia, especialmente a chamada grande m\u00eddia, tida como um dos poderes republicano pela grande condi\u00e7\u00e3o de influenciar, vale atentar como uma not\u00edcia ou outra exposi\u00e7\u00e3o qualquer \u00e9 divulgada. Analistas apontam que, em conformidade com o interesse da casa, ela \u00e9 apresentada no modo subliminar ou, com o avan\u00e7o do poderio hoje em dia, diretamente sem muita cerim\u00f4nia. A respeito, recentemente uma emissora televisiva ao reportar a proposta de reforma trabalhista do atual governo igualou a economia brasileira \u00e0 norte-americana, como se equivalessem, num n\u00edtido emprego de ju\u00edzo de valor.<\/p>\n<p>Contudo, voltando \u00e0 referida cren\u00e7a negativa em raz\u00e3o da quebra de decoro de mandat\u00e1rios, n\u00e3o hesitara na inclus\u00e3o das palavrinhas \u201cexce\u00e7\u00e3o\u201d e \u201cinfelizmente\u201d, justamente por acreditar ainda na exist\u00eancia de \u201chomens de bem\u201d na posi\u00e7\u00e3o de comando dispostos a minimizar a desigualdade social e econ\u00f4mica do pa\u00eds e, por eleger \u2013apesar dos pesares, dos maus pol\u00edticos e de incessantemente clamar por reforma\u2013 a Pol\u00edtica como meio mais adequado na solu\u00e7\u00e3o desses problemas. Muito ao contr\u00e1rio da orquestra\u00e7\u00e3o no ar \u2013embora n\u00e3o saiba dos maestros e das batutas\u2013 para minimiza-la, ou seja, diminui-la de sua import\u00e2ncia, conforme rumores absorvidos, O que \u2018tornar-se-ia\u2019 uma ponte para um futuro nada promissor e, perigos\u00edssimo. Nada n\u00e3o! Por enquanto somente um pressentimento ruidoso!<\/p>\n<p>Ah. O perigo \u00e9 a cont\u00e1gio, pois se for juntado os prevaricados do Judici\u00e1rio (minoria) mais a maioria do Legislativo, este conjunto, conquanto naquele poder a resist\u00eancia humana seja mais caracterizada, n\u00e3o se \u00e9 descart\u00e1vel a possibilidade de contamina\u00e7\u00e3o, e a\u00ed bicho, se infectados outros tantos de vestes togadas, fud&#8230; tudo.<\/p>\n<p>Heckel Janu\u00e1rio<\/p>\n<p>&nbsp;<\/p>\n","protected":false},"excerpt":{"rendered":"<p>N\u00e3o \u00e9 de hoje meu descr\u00e9dito para com o Congresso Nacional, claro \u2013tamb\u00e9m por ser a raiz chave principal no contexto\u2013, para com os partidos pol\u00edticos, conceito esse externado em escrevinhados passados. Presentemente, sem alternativa, tive de adotar igual crit\u00e9rio com os portadores da \u2018capa preta\u2019. \u00c9 isso. Parece que o Brasil do p\u00f3s-impeachment degringolou [&hellip;]<\/p>\n","protected":false},"author":2,"featured_media":0,"comment_status":"open","ping_status":"open","sticky":false,"template":"","format":"standard","meta":{"_links_to":"","_links_to_target":""},"categories":[10],"tags":[],"_links":{"self":[{"href":"https:\/\/www.r2cpress.com.br\/v1\/wp-json\/wp\/v2\/posts\/105623"}],"collection":[{"href":"https:\/\/www.r2cpress.com.br\/v1\/wp-json\/wp\/v2\/posts"}],"about":[{"href":"https:\/\/www.r2cpress.com.br\/v1\/wp-json\/wp\/v2\/types\/post"}],"author":[{"embeddable":true,"href":"https:\/\/www.r2cpress.com.br\/v1\/wp-json\/wp\/v2\/users\/2"}],"replies":[{"embeddable":true,"href":"https:\/\/www.r2cpress.com.br\/v1\/wp-json\/wp\/v2\/comments?post=105623"}],"version-history":[{"count":2,"href":"https:\/\/www.r2cpress.com.br\/v1\/wp-json\/wp\/v2\/posts\/105623\/revisions"}],"predecessor-version":[{"id":105625,"href":"https:\/\/www.r2cpress.com.br\/v1\/wp-json\/wp\/v2\/posts\/105623\/revisions\/105625"}],"wp:attachment":[{"href":"https:\/\/www.r2cpress.com.br\/v1\/wp-json\/wp\/v2\/media?parent=105623"}],"wp:term":[{"taxonomy":"category","embeddable":true,"href":"https:\/\/www.r2cpress.com.br\/v1\/wp-json\/wp\/v2\/categories?post=105623"},{"taxonomy":"post_tag","embeddable":true,"href":"https:\/\/www.r2cpress.com.br\/v1\/wp-json\/wp\/v2\/tags?post=105623"}],"curies":[{"name":"wp","href":"https:\/\/api.w.org\/{rel}","templated":true}]}}