{"id":105626,"date":"2016-12-28T16:53:09","date_gmt":"2016-12-28T19:53:09","guid":{"rendered":"http:\/\/www.r2cpress.com.br\/v1\/?p=105626"},"modified":"2016-12-28T16:53:09","modified_gmt":"2016-12-28T19:53:09","slug":"com-agenda-cheia-nesta-quinta-29-rui-inaugura-obras-e-faz-visitas-a-castro-alves-e-maracas","status":"publish","type":"post","link":"https:\/\/www.r2cpress.com.br\/v1\/2016\/12\/28\/com-agenda-cheia-nesta-quinta-29-rui-inaugura-obras-e-faz-visitas-a-castro-alves-e-maracas\/","title":{"rendered":"Com agenda cheia nesta quinta (29), Rui inaugura obras e faz visitas a Castro Alves e Marac\u00e1s"},"content":{"rendered":"<p>Em uma extensa agenda de trabalho nesta quinta-feira (29), o governador Rui Costa entrega v\u00e1rias obras nas \u00e1reas de educa\u00e7\u00e3o, sa\u00fade, infraestrutura, esporte e abastecimento de \u00e1gua no munic\u00edpio de Marac\u00e1s, no centro-sul baiano. No mesmo dia, o governador leva mais esporte, sa\u00fade e abastecimento de \u00e1gua a Castro Alves, no rec\u00f4ncavo baiano.<\/p>\n<p><strong>Castro Alves: mais esporte, sa\u00fade e abastecimento de \u00e1gua<\/strong><\/p>\n<p>Em viagem a Castro Alves, nesta quinta-feira (29), o governador Rui Costa inaugura obras nas \u00e1reas de esporte, sa\u00fade e abastecimento de \u00e1gua. O primeiro compromisso do governador, \u00e0s 9h30, ser\u00e1 a inaugura\u00e7\u00e3o de uma quadra poliesportiva coberta com vesti\u00e1rio. Logo em seguida, \u00e0s 10h, o governador entrega a unidade do Programa Sa\u00fade da Fam\u00edlia (PSF) Salvador Costa Ribeiro, na comunidade de Vira\u00e7\u00e3o. Ao final, \u00e0s 10h30, Rui inaugura o sistema integrado de abastecimento de \u00e1gua que beneficiar\u00e1 nove localidades do munic\u00edpio. A solenidade ocorre na Rua das Pedrinhas, no centro da cidade.<\/p>\n<p><strong>Marac\u00e1s: agenda extensa com mais obras e servi\u00e7os<\/strong><\/p>\n<p>Em Marac\u00e1s, a partir das 13h, Rui inaugura a pavimenta\u00e7\u00e3o e ilumina\u00e7\u00e3o da Rua Castro Alves, na entrada da sede municipal; entrega equipamentos e a reforma e amplia\u00e7\u00e3o do Centro de Especialidades; e inaugura duas quadras poliesportivas cobertas, uma delas no Centro Educacional Vanda Lacerda de Matos \u2013 Cevla, e a outra no bairro Irm\u00e3 Dulce. Rui tamb\u00e9m inaugura a Academia da Sa\u00fade e Sala de Fisioterapia no Povoado de Porto Alegre e a implanta\u00e7\u00e3o do sistema simplificado de abastecimento de \u00e1gua nas localidades de Moenda Dois e Mat\u00e3o.<\/p>\n<p>Al\u00e9m da solenidade de inaugura\u00e7\u00e3o, Rui faz visita \u00e0s obras da Unidade B\u00e1sica de Sa\u00fade, no bairro Maracaezinho; da creche ProInf\u00e2ncia, na sede; e \u00e0s obras de pavimenta\u00e7\u00e3o em paralelep\u00edpedo na Rua Osvaldo Portela, no bairro Iara; e os servi\u00e7os de amplia\u00e7\u00e3o da Pra\u00e7a da Bandeira. Antes, pela manh\u00e3, o governador vai a Castro Alves, onde entrega obras de esporte, sa\u00fade e abastecimento de \u00e1gua. <\/p>\n","protected":false},"excerpt":{"rendered":"<p>Em uma extensa agenda de trabalho nesta quinta-feira (29), o governador Rui Costa entrega v\u00e1rias obras nas \u00e1reas de educa\u00e7\u00e3o, sa\u00fade, infraestrutura, esporte e abastecimento de \u00e1gua no munic\u00edpio de Marac\u00e1s, no centro-sul baiano. No mesmo dia, o governador leva mais esporte, sa\u00fade e abastecimento de \u00e1gua a Castro Alves, no rec\u00f4ncavo baiano. Castro Alves: [&hellip;]<\/p>\n","protected":false},"author":2,"featured_media":0,"comment_status":"open","ping_status":"open","sticky":false,"template":"","format":"standard","meta":{"_links_to":"","_links_to_target":""},"categories":[29],"tags":[],"_links":{"self":[{"href":"https:\/\/www.r2cpress.com.br\/v1\/wp-json\/wp\/v2\/posts\/105626"}],"collection":[{"href":"https:\/\/www.r2cpress.com.br\/v1\/wp-json\/wp\/v2\/posts"}],"about":[{"href":"https:\/\/www.r2cpress.com.br\/v1\/wp-json\/wp\/v2\/types\/post"}],"author":[{"embeddable":true,"href":"https:\/\/www.r2cpress.com.br\/v1\/wp-json\/wp\/v2\/users\/2"}],"replies":[{"embeddable":true,"href":"https:\/\/www.r2cpress.com.br\/v1\/wp-json\/wp\/v2\/comments?post=105626"}],"version-history":[{"count":1,"href":"https:\/\/www.r2cpress.com.br\/v1\/wp-json\/wp\/v2\/posts\/105626\/revisions"}],"predecessor-version":[{"id":105627,"href":"https:\/\/www.r2cpress.com.br\/v1\/wp-json\/wp\/v2\/posts\/105626\/revisions\/105627"}],"wp:attachment":[{"href":"https:\/\/www.r2cpress.com.br\/v1\/wp-json\/wp\/v2\/media?parent=105626"}],"wp:term":[{"taxonomy":"category","embeddable":true,"href":"https:\/\/www.r2cpress.com.br\/v1\/wp-json\/wp\/v2\/categories?post=105626"},{"taxonomy":"post_tag","embeddable":true,"href":"https:\/\/www.r2cpress.com.br\/v1\/wp-json\/wp\/v2\/tags?post=105626"}],"curies":[{"name":"wp","href":"https:\/\/api.w.org\/{rel}","templated":true}]}}