{"id":105631,"date":"2016-12-28T17:00:06","date_gmt":"2016-12-28T20:00:06","guid":{"rendered":"http:\/\/www.r2cpress.com.br\/v1\/?p=105631"},"modified":"2016-12-28T17:00:06","modified_gmt":"2016-12-28T20:00:06","slug":"sudesb-entrega-obras-de-equipamentos-esportivos-no-interior","status":"publish","type":"post","link":"https:\/\/www.r2cpress.com.br\/v1\/2016\/12\/28\/sudesb-entrega-obras-de-equipamentos-esportivos-no-interior\/","title":{"rendered":"Sudesb entrega obras de equipamentos esportivos no interior"},"content":{"rendered":"<p>Os munic\u00edpios de Ibicara\u00ed e Riach\u00e3o das Neves est\u00e3o mobilizados para receber, do Governo da Bahia, por meio da Superintend\u00eancia dos Desportos do Estado, autarquia da Secretaria do Trabalho, Emprego e Esporte (Setre), investimentos na \u00e1rea do esporte. Cerca de R$ 900 mil foram aplicados para a reforma do Gin\u00e1sio de Esporte e para a constru\u00e7\u00e3o de uma quadra poliesportiva, respectivamente.<\/p>\n<p>Em Ibicara\u00ed, munic\u00edpio localizado no sul do estado, a popula\u00e7\u00e3o a guarda ansiosa para a inaugura\u00e7\u00e3o que ser\u00e1 nesta sexta-feira (29), \u00e0s 09h. Para a reforma do Gin\u00e1sio de Esporte do munic\u00edpio, a Sudesb investiu cerca de R$ 623 mil para servi\u00e7os de infraestrutura, superestrutura, alvenaria, cobertura, revestimento, pavimenta\u00e7\u00e3o, esquadrias de madeira, esquadria met\u00e1lica, impermeabiliza\u00e7\u00e3o, pintura, lou\u00e7as e metais, \u00e1rea externa, instala\u00e7\u00f5es el\u00e9tricas, sanit\u00e1rias e hidr\u00e1ulicas, al\u00e9m de equipamentos esportivos e alambrado.<\/p>\n<p>J\u00e1 em Riach\u00e3o das Neves, no extremo Oeste baiano, a quadra poliesportiva\u00a0 constru\u00edda no povoado do Cruzeiro do Oeste, tem dimens\u00f5es de 28x15m, arquibancada com tr\u00eas degraus, ilumina\u00e7\u00e3o el\u00e9trica e alambrado. Al\u00e9m de futsal, handebol, basquete e v\u00f4lei, o equipamento tamb\u00e9m servir\u00e1 para a realiza\u00e7\u00e3o de eventos culturais, sociais e religiosos.<\/p>\n<p>O equipamento esportivo ser\u00e1 inaugurado nesta sexta-feira (30), \u00e0s 15h, com a presen\u00e7a de autoridades locais. A constru\u00e7\u00e3o da quadra poliesportiva foi poss\u00edvel gra\u00e7as ao investimento na ordem de R$ 244 mil fruto de repasse do Tesouro Federal (80%) e do Tesouro Estadual (20%).<\/p>\n<p>Para o diretor geral da Sudesb, Elias Dourado, \u201ccom essas entregas, damos continuidade \u00e0 pol\u00edtica p\u00fablica de investir e fortalecer a infraestrutura esportiva do interior, pois sabemos a import\u00e2ncia que cada espa\u00e7o servindo para a pr\u00e1tica do esporte\u201d, disse.<\/p>\n<p>&nbsp;<\/p>\n","protected":false},"excerpt":{"rendered":"<p>Os munic\u00edpios de Ibicara\u00ed e Riach\u00e3o das Neves est\u00e3o mobilizados para receber, do Governo da Bahia, por meio da Superintend\u00eancia dos Desportos do Estado, autarquia da Secretaria do Trabalho, Emprego e Esporte (Setre), investimentos na \u00e1rea do esporte. Cerca de R$ 900 mil foram aplicados para a reforma do Gin\u00e1sio de Esporte e para a [&hellip;]<\/p>\n","protected":false},"author":2,"featured_media":0,"comment_status":"open","ping_status":"open","sticky":false,"template":"","format":"standard","meta":{"_links_to":"","_links_to_target":""},"categories":[11,29],"tags":[],"_links":{"self":[{"href":"https:\/\/www.r2cpress.com.br\/v1\/wp-json\/wp\/v2\/posts\/105631"}],"collection":[{"href":"https:\/\/www.r2cpress.com.br\/v1\/wp-json\/wp\/v2\/posts"}],"about":[{"href":"https:\/\/www.r2cpress.com.br\/v1\/wp-json\/wp\/v2\/types\/post"}],"author":[{"embeddable":true,"href":"https:\/\/www.r2cpress.com.br\/v1\/wp-json\/wp\/v2\/users\/2"}],"replies":[{"embeddable":true,"href":"https:\/\/www.r2cpress.com.br\/v1\/wp-json\/wp\/v2\/comments?post=105631"}],"version-history":[{"count":1,"href":"https:\/\/www.r2cpress.com.br\/v1\/wp-json\/wp\/v2\/posts\/105631\/revisions"}],"predecessor-version":[{"id":105632,"href":"https:\/\/www.r2cpress.com.br\/v1\/wp-json\/wp\/v2\/posts\/105631\/revisions\/105632"}],"wp:attachment":[{"href":"https:\/\/www.r2cpress.com.br\/v1\/wp-json\/wp\/v2\/media?parent=105631"}],"wp:term":[{"taxonomy":"category","embeddable":true,"href":"https:\/\/www.r2cpress.com.br\/v1\/wp-json\/wp\/v2\/categories?post=105631"},{"taxonomy":"post_tag","embeddable":true,"href":"https:\/\/www.r2cpress.com.br\/v1\/wp-json\/wp\/v2\/tags?post=105631"}],"curies":[{"name":"wp","href":"https:\/\/api.w.org\/{rel}","templated":true}]}}