{"id":105633,"date":"2016-12-28T20:27:26","date_gmt":"2016-12-28T23:27:26","guid":{"rendered":"http:\/\/www.r2cpress.com.br\/v1\/?p=105633"},"modified":"2016-12-28T20:27:26","modified_gmt":"2016-12-28T23:27:26","slug":"algumas-do-dia-10","status":"publish","type":"post","link":"https:\/\/www.r2cpress.com.br\/v1\/2016\/12\/28\/algumas-do-dia-10\/","title":{"rendered":"ALGUMAS DO DIA"},"content":{"rendered":"<h2><span style=\"color: #000000;\"><strong>MEC anuncia pagamento antecipado de R$ 1,25 bi do Fundeb para piso do professor<\/strong><\/span><\/h2>\n<p>O governo federal vai quitar os valores referentes ao repasse de recursos do Fundo de Manuten\u00e7\u00e3o e Desenvolvimento da Educa\u00e7\u00e3o B\u00e1sica e de Valoriza\u00e7\u00e3o dos Profissionais de Educa\u00e7\u00e3o (Fundeb) para complementar o piso salarial dos professores, nos estados e munic\u00edpios, referente a 2016, quatro meses antes do prazo previsto. O pagamento de R$ 1,25 bilh\u00e3o ser\u00e1 liberado na pr\u00f3xima quinta-feira (29). Nos \u00faltimos anos, esse repasse era realizado apenas no m\u00eas de abril, em parcela \u00fanica, quatro meses ap\u00f3s o exerc\u00edcio fiscal. De acordo com o ministro Mendon\u00e7a Filho, a partir de 2017, esse pagamento ser\u00e1 feito mensalmente. Antes, portanto, da data limite para pagamento dos sal\u00e1rios dos professores.<\/p>\n<p style=\"text-align: right;\"><a href=\"http:\/\/www.brasil.gov.br\/educacao\/2016\/12\/mec-anuncia-pagamento-antecipado-de-r-1-25-bi-do-fundeb-para-piso-do-professor\"><strong>LEIA MAIS<\/strong><\/a><\/p>\n<h2><span style=\"color: #000000;\"><strong>\u00a0<\/strong><strong>Pronatec ter\u00e1 82 mil vagas para cursos t\u00e9cnicos no pr\u00f3ximo ano<\/strong><\/span><\/h2>\n<p>O Programa Nacional de Acesso ao Ensino T\u00e9cnico e Emprego (Pronatec) ter\u00e1 82 mil vagas para cursos de longa dura\u00e7\u00e3o, na modalidade Bolsa Forma\u00e7\u00e3o, em 2017. A oferta das aulas, destinadas aos estudantes do ensino m\u00e9dio de escolas p\u00fablicas do Pa\u00eds, ser\u00e1 quase dez vezes maior em rela\u00e7\u00e3o a esse ano, que registrou matr\u00edcula de 9 mil jovens. O ministro da Educa\u00e7\u00e3o, Mendon\u00e7a Filho, explica que o curso t\u00e9cnico, que ter\u00e1 pelo menos 800 horas de aula, passa a ter novos indicadores de monitoramento e avalia\u00e7\u00e3o da pol\u00edtica no pr\u00f3ximo ano. Cerca de R$ 700 milh\u00f5es em recursos foram liberados, em dezembro, para as secretarias estaduais de Educa\u00e7\u00e3o e funda\u00e7\u00f5es que oferecem cursos t\u00e9cnicos nessa modalidade e de acordo com as demandas do mercado.<\/p>\n<p style=\"text-align: right;\"><a href=\"http:\/\/www.brasil.gov.br\/educacao\/2016\/12\/pronatec-tera-82-mil-vagas-para-cursos-tecnicos-no-proximo-ano\"><strong>LEIA MAIS<\/strong><\/a><\/p>\n<h2><span style=\"color: #000000;\"><strong>Decreto do governo federal regulamenta Lei das Estatais<\/strong><\/span><\/h2>\n<p>O governo federal editou nesta quarta-feira (28) um decreto para regulamentar a Lei das Estatais, que estabeleceu regras mais r\u00edgidas para as nomea\u00e7\u00f5es em cargos de dire\u00e7\u00e3o e em licita\u00e7\u00f5es. Com a publica\u00e7\u00e3o do documento no Di\u00e1rio Oficial da Uni\u00e3o de hoje, as novas regras passam a valer de forma imediata. Segundo o Minist\u00e9rio do Planejamento, Desenvolvimento e Gest\u00e3o, o decreto disciplina aspectos de governan\u00e7a e de licita\u00e7\u00e3o previstos no Estatuto Jur\u00eddico das Empresas Estatais. O documento traz ainda regras espec\u00edficas para empresas de menor porte e detalhamento dos mecanismos e estruturas de transpar\u00eancia e governan\u00e7a. As regras passam a valer para todas as estatais federais: empresas p\u00fablicas, sociedades de economia mista e suas subsidi\u00e1rias, e qualquer sociedade cuja maioria do capital votante perten\u00e7a direta ou indiretamente \u00e0 Uni\u00e3o.<\/p>\n<p style=\"text-align: right;\"><a href=\"http:\/\/www.brasil.gov.br\/economia-e-emprego\/2016\/12\/decreto-do-governo-federal-regulamenta-lei-das-estatais\"><strong>LEIA MAIS<\/strong><\/a><\/p>\n<h2><span style=\"color: #000000;\"><strong>\u00a0<\/strong><strong>Cerca de 290 mil trabalhadores sacaram abono salarial\u00a0<\/strong><strong>nesta semana<\/strong><\/span><\/h2>\n<p>At\u00e9 o in\u00edcio desta semana, 296.780 trabalhadores sacaram o abono salarial de 2014, totalizando R$ 259.634.871,71. O prazo para o saque nas ag\u00eancias banc\u00e1rias termina nesta quinta-feira (29). Os trabalhadores que t\u00eam o Cart\u00e3o Cidad\u00e3o com senha registrada ainda poder\u00e3o buscar o recurso nas lot\u00e9ricas e nos terminais de autoatendimento da Caixa Econ\u00f4mica at\u00e9 a pr\u00f3xima sexta-feira (30). O prazo inicial para saque ocorreu no per\u00edodo de julho de 2015 a junho de 2016. O Minist\u00e9rio do Trabalho estendeu o prazo at\u00e9 30 de dezembro deste ano, porque ainda existiam cerca de 1,2 milh\u00e3o de trabalhadores que n\u00e3o haviam buscado o benef\u00edcio. Dados de saques do Minist\u00e9rio do Trabalho indicam que 908.501 trabalhadores ainda n\u00e3o sacaram o abono. Esse n\u00famero representa R$ 794.972.575,59, considerado o valor m\u00e9dio de saque individual de R$ 874,84.<\/p>\n<p style=\"text-align: right;\"><strong><a href=\"http:\/\/www.brasil.gov.br\/economia-e-emprego\/2016\/12\/cerca-de-290-mil-trabalhadores-sacaram-abono-salarial-nesta-semana\">LEIA MAIS<\/a><\/strong><\/p>\n<p>&nbsp;<\/p>\n","protected":false},"excerpt":{"rendered":"<p>MEC anuncia pagamento antecipado de R$ 1,25 bi do Fundeb para piso do professor O governo federal vai quitar os valores referentes ao repasse de recursos do Fundo de Manuten\u00e7\u00e3o e Desenvolvimento da Educa\u00e7\u00e3o B\u00e1sica e de Valoriza\u00e7\u00e3o dos Profissionais de Educa\u00e7\u00e3o (Fundeb) para complementar o piso salarial dos professores, nos estados e munic\u00edpios, referente [&hellip;]<\/p>\n","protected":false},"author":2,"featured_media":0,"comment_status":"open","ping_status":"open","sticky":false,"template":"","format":"standard","meta":{"_links_to":"","_links_to_target":""},"categories":[18],"tags":[],"_links":{"self":[{"href":"https:\/\/www.r2cpress.com.br\/v1\/wp-json\/wp\/v2\/posts\/105633"}],"collection":[{"href":"https:\/\/www.r2cpress.com.br\/v1\/wp-json\/wp\/v2\/posts"}],"about":[{"href":"https:\/\/www.r2cpress.com.br\/v1\/wp-json\/wp\/v2\/types\/post"}],"author":[{"embeddable":true,"href":"https:\/\/www.r2cpress.com.br\/v1\/wp-json\/wp\/v2\/users\/2"}],"replies":[{"embeddable":true,"href":"https:\/\/www.r2cpress.com.br\/v1\/wp-json\/wp\/v2\/comments?post=105633"}],"version-history":[{"count":2,"href":"https:\/\/www.r2cpress.com.br\/v1\/wp-json\/wp\/v2\/posts\/105633\/revisions"}],"predecessor-version":[{"id":105635,"href":"https:\/\/www.r2cpress.com.br\/v1\/wp-json\/wp\/v2\/posts\/105633\/revisions\/105635"}],"wp:attachment":[{"href":"https:\/\/www.r2cpress.com.br\/v1\/wp-json\/wp\/v2\/media?parent=105633"}],"wp:term":[{"taxonomy":"category","embeddable":true,"href":"https:\/\/www.r2cpress.com.br\/v1\/wp-json\/wp\/v2\/categories?post=105633"},{"taxonomy":"post_tag","embeddable":true,"href":"https:\/\/www.r2cpress.com.br\/v1\/wp-json\/wp\/v2\/tags?post=105633"}],"curies":[{"name":"wp","href":"https:\/\/api.w.org\/{rel}","templated":true}]}}