{"id":105643,"date":"2016-12-28T23:05:00","date_gmt":"2016-12-29T02:05:00","guid":{"rendered":"http:\/\/www.r2cpress.com.br\/v1\/?p=105643"},"modified":"2016-12-28T23:05:00","modified_gmt":"2016-12-29T02:05:00","slug":"nao-sou-salvador-da-patria-mas-estou-muito-otimista-diz-marao-ao-jbo","status":"publish","type":"post","link":"https:\/\/www.r2cpress.com.br\/v1\/2016\/12\/28\/nao-sou-salvador-da-patria-mas-estou-muito-otimista-diz-marao-ao-jbo\/","title":{"rendered":"N\u00e3o sou Salvador da P\u00e1tria mas estou muito otimista, diz Mar\u00e3o ao JBO"},"content":{"rendered":"<h1 style=\"text-align: center;\"><strong><span style=\"color: #0000ff;\">JORNAL BAHIA ONLINE<\/span><\/strong><\/h1>\n<h1><strong><span style=\"color: #ff0000;\">Entrevista<\/span><\/strong><\/h1>\n<div style=\"width: 327px\" class=\"wp-caption alignleft\"><img loading=\"lazy\" class=\"\" src=\"http:\/\/www.jornalbahiaonline.com.br\/fotos\/32300_250.jpg\" alt=\"\" width=\"317\" height=\"180\" \/><p class=\"wp-caption-text\">M\u00e1rio ao lado do vice, Nazal Cr\u00e9dito: Arquivo<\/p><\/div>\n<p>Nesta quarta-feira, ultimando os preparativos da posse, M\u00e1rio aceitou conceder uma entrevista exclusiva ao <strong>Jornal Bahia Online<\/strong>. Recebeu o editor do JBO, jornalista Maur\u00edcio Maron, para falar sobre os seus projetos e sobre o futuro de Ilh\u00e9us.O m\u00e9dico M\u00e1rio Alexandre completar\u00e1 45 anos de idade em mar\u00e7o. \u00c9 jovem e cheio de energia. Eleito com uma boa margem de diferen\u00e7a sobre o seu principal advers\u00e1rio, o empres\u00e1rio Cac\u00e1 Machado, em outubro \u00faltimo, ele j\u00e1 prepara o terno para a posse, que ocorrer\u00e1 no pr\u00f3ximo domingo \u00e0 tarde, no Centro de Conven\u00e7\u00f5es de Ilh\u00e9us. A partir da pr\u00f3xima semana ocupar\u00e1 a principal cadeira com poder pol\u00edtico em Ilh\u00e9us, cidade onde nasceu, exerce a medicina e mant\u00e9m os seus neg\u00f3cios.<\/p>\n<p>O sorriso e a gentileza, marcas do anfitri\u00e3o, nortearam mais de uma hora de grava\u00e7\u00e3o sobre temas pol\u00eamicos, como a nomea\u00e7\u00e3o da pr\u00f3pria esposa e de um tio como secret\u00e1rios municipais remunerados e a op\u00e7\u00e3o por nomes j\u00e1 testados em governos reprovados para compor a sua equipe de trabalho. Falou sobre a rela\u00e7\u00e3o com o governador Rui Costa e qual ser\u00e1 o tamanho da presen\u00e7a da deputada \u00c2ngela Sousa, sua m\u00e3e, na gest\u00e3o municipal.<\/p>\n<p>A entrevista que Mar\u00e3o concedeu a Maron prima por um crit\u00e9rio, negociado desde o in\u00edcio quando come\u00e7ou a ser cogitado o encontro: o jornalista poderia perguntar o que a popula\u00e7\u00e3o, na rua, gostaria de saber. M\u00e1rio n\u00e3o titubeou. Topou responder todas.<\/p>\n<p>A seguir, o resumo deste encontro que resultou na primeira grande entrevista concedida por M\u00e1rio a um site da regi\u00e3o.<\/p>\n<p>Imperd\u00edvel.<\/p>\n<p><strong>Qual o seu sentimento \u00e0s v\u00e9speras de tomar posse, pela primeira vez, como prefeito de Ilh\u00e9us?<\/strong><\/p>\n<p><!--more--><\/p>\n<p>De honra, de felicidade, de compromisso e responsabilidade. Sou filho de Ilh\u00e9us, eleito pelo povo de Ilh\u00e9us, nascido e criado aqui. Concorri ao cargo com mais nove candidatos e o povo me deu um voto de credibilidade, de confian\u00e7a. Pra mim \u00e9 uma honra, uma alegria e vou at\u00e9 o \u00faltimo dia do meu governo trabalhar com a mesma disposi\u00e7\u00e3o do primeiro dia.<\/p>\n<p><strong>Qual a prioridade n\u00famero 1 da sua gest\u00e3o?<\/strong><\/p>\n<p>Atender a todos. Mas com um olhar especial aos mais necessitados, aos que est\u00e3o sofrendo. Por ser m\u00e9dico acho que a \u00e1rea de sa\u00fade deva ser uma prioridade tamb\u00e9m. Quero aumentar o atendimento e minimizar o sofrimento das pessoas, principalmente \u00e0quelas que residem em locais mais distantes. E para atender melhor \u00e9 tamb\u00e9m fundamental fortalecer a preven\u00e7\u00e3o, a aten\u00e7\u00e3o b\u00e1sica e buscar excel\u00eancia no atendimento de alta complexidade. Al\u00e9m da sa\u00fade, o turismo \u00e9 priorit\u00e1rio. Precisamos profissionalizar o setor. \u00c9 inadmiss\u00edvel que Ilh\u00e9us perca (em visita\u00e7\u00e3o) para munic\u00edpios como Prado, Porto Seguro, Itacar\u00e9. N\u00e3o estou desmerecendo estas cidades, mas acho que Ilh\u00e9us, com a hist\u00f3ria e a cultura que tem, a gente tem muito mais a oferecer. Repito: vamos profissionalizar o setor.<\/p>\n<p>&nbsp;<\/p>\n<p><strong>(Sobre a indica\u00e7\u00e3o da pr\u00f3pria esposa como secret\u00e1ria)<\/strong><\/p>\n<p>&nbsp;<\/p>\n<p><strong>Preparada. Se eu n\u00e3o acreditar na minha esposa, vou acreditar em quem?<\/strong><\/p>\n<p><strong>O senhor ganhou uma elei\u00e7\u00e3o, derrotando candidaturas fortes, apoiadas por setores fortes da pol\u00edtica tradicional de Ilh\u00e9us. O senhor foi protagonista desta hist\u00f3ria. Como, a partir de agora, no mandato, conseguir desvencilhar o prefeito M\u00e1rio Alexandre da m\u00e3e e deputada \u00c2ngela Sousa?<\/strong><\/p>\n<p>(risos). Interessante. Ele (a m\u00e3e e deputada \u00c2ngela Sousa) \u00e9 uma protagonista \u00e0 n\u00edvel estadual e vai poder estar ajudando muito ao munic\u00edpio. Na linha de racioc\u00ednio do desenvolvimento regional, a deputada \u00e9 protagonista na Assembl\u00e9ia Legislativa. E n\u00f3s vamos estar juntos, sendo protagonistas da cidade de Ilh\u00e9us. Sem esquecer que, como prefeito de Ilh\u00e9us, temos que fazer um modelo de pol\u00edtica que posicione Ilh\u00e9us como o maior l\u00edder regional. Eu e Fernando Gomes (prefeito eleito de Itabuna) vamos estar unidos, discutindo nossa regi\u00e3o com a ajuda da deputada e de outros deputados tamb\u00e9m votados aqui, com Bebeto Galv\u00e3o (atual deputado federal) e com o pr\u00f3prio Jabes (Ribeiro, seu antecessor) que, acredito, n\u00e3o ir\u00e1 trabalhar pelo sentimento do quanto pior melhor. \u00c9 claro que a cidade conta com o compromisso de todo mundo que foi votado aqui, que traga investimentos para a cidade. O cara tem quatro, cinco mil votos aqui&#8230; N\u00f3s n\u00e3o temos uma deputada estadual daqui. Temos mais de 15 deputados votados que nunca trouxeram uma agulha sequer para a cidade. Eu vou, sim, bater \u00e0 porta de todos eles. N\u00e3o estou pensando em partido A ou B. Nossa bandeira \u00e9 a bandeira de Ilh\u00e9us. Vamos cobrar e reconhecer a quem nos ajudar.<\/p>\n<p><strong>Daqui a dois anos teremos elei\u00e7\u00e3o estadual com o PSD, hoje, pensando em candidatura pr\u00f3pria ou at\u00e9 com possibilidade de alian\u00e7as novas, que n\u00e3o seriam com o governador Rui Costa. Como ser\u00e1 esta rela\u00e7\u00e3o com o atual governador?<\/strong><\/p>\n<p>O governador tem trabalhado muito pela cidade. Inclusive vai estar aqui agora no R\u00e9veillon. Temos conversado, nossos la\u00e7os s\u00e3o muito pr\u00f3ximos. O senador Oto (Alencar, lideran\u00e7a e dirigente do \u00a0PSD) tem conversado muito com o governador a respeito do futuro e eu sigo o que meu partido determinar. Tenho muita admira\u00e7\u00e3o pelo governador e ele tem trabalhado e lutado pela regi\u00e3o. Ta\u00ed o Hospital Costa do Cacau, a nova ponte&#8230; Mas o que o meu partido definir serei soldado para que a gente ou reeleja o governador ou opte pelo melhor candidato para as elei\u00e7\u00f5es de 2018. Eu sou grupo, eu estou aqui. Ent\u00e3o o que o partido me orientar &#8211; e me dizer &#8211; eu vou seguir.<\/p>\n<p><strong>Tenho dito a eles. Voc\u00eas ter\u00e3o que atender a meu comando. S\u00e3o todos muito preparados. Mas o prefeito tem que fica em cima, cobrando. O prefeito \u00e9 o maestro.<\/strong><\/p>\n<p><strong>O seu gabinete ser\u00e1 na Conquista ou voltar\u00e1 para o Pal\u00e1cio Paranagu\u00e1?<\/strong><\/p>\n<p>\u00c9 tanta coisa para resolver&#8230; Vou deixar isso para o segundo momento.<\/p>\n<p><strong>Mas&#8230; e inicialmente?<\/strong><\/p>\n<p>No primeiro momento vou atender na Conquista. As instala\u00e7\u00f5es s\u00e3o boas. S\u00f3 precisa ter algumas benfeitorias no seu entorno. A Prefeitura n\u00e3o pode ir para o bairro e bem na frente dela ter escurid\u00e3o, lixo&#8230; Onde a Prefeitura vai, tem que levar benfeitorias, n\u00e3o tem sentido que o bairro continue o mesmo. Vamos organizar, mostrar que a Prefeitura est\u00e1 l\u00e1, levando benef\u00edcios para a comunidade do entorno.<\/p>\n<p><strong>Depois pode mudar?<\/strong><\/p>\n<p>Pode ser. Podemos mudar, sim.<\/p>\n<p><strong>S\u00f3 de horas extras a Prefeitura paga uns 500 mil reais por m\u00eas. Tem servidor que ganha dois mil reais e quando computa as horas extras chega a seis mil reais. Ent\u00e3o a gente tem que reavaliar isso.<\/strong><\/p>\n<p><strong>Com a inaugura\u00e7\u00e3o do Hospital do Cacau, o Regional vai ser municipalizado. Qual projeto o senhor tem para aquele espa\u00e7o?<\/strong><\/p>\n<p>Vamos instalar o Centro Administrativo da Sa\u00fade. Vamos tirar o n\u00famero excessivo de alugu\u00e9is como o da sede da secretaria de Sa\u00fade, Samu e outros setores. Vamos avan\u00e7ar isso. Vamos economizar tirando alugu\u00e9is dos cofres municipais.<\/p>\n<p><strong>Seu advers\u00e1rio, Cac\u00e1 Machado, prop\u00f4s na campanha implantar um Hospital Materno-Infantil naquele espa\u00e7o. Pelo jeito o senhor discorda.<\/strong><\/p>\n<p>Mas com hospital tamb\u00e9m. Administrativo com hospital. N\u00e3o sei se materno-infantil. Isso demanda muitos recursos para voc\u00ea fazer funcionar 24 horas. Nos j\u00e1 temos uma, inclusive (Maternidade Santa Helena). Busco suporte financeiro para implantar um Hospital Pedi\u00e1trico, que \u00e9 um outro gargalo da cidade. Se conseguirmos isso ser\u00e1 um grande avan\u00e7o para o nosso sistema de sa\u00fade.<\/p>\n<p><strong>Vai ser pronto-socorro para primeiro atendimento, como tamb\u00e9m Cac\u00e1 prop\u00f4s na campanha?<\/strong><\/p>\n<p>N\u00e3o. Vou manter outros pronto socorros, como o VidaMedi, na zona sul. A id\u00e9ia \u00e9 chegar a funcionar 24 horas para que o cidad\u00e3o esteja seguro. Mesma coisa a Coci, no Malhado. Todas elas com ambul\u00e2ncia para que se n\u00e3o conseguirem recuperar o paciente, a\u00ed sim, encaminhar para o Hospital Costa do Cacau. Vamos tamb\u00e9m fortalecer o Posto 24 horas no Teot\u00f4nio Vilela.<\/p>\n<p><strong>Digo todos os dias: o secret\u00e1rio, mesmo com sal\u00e1rio defasado, ele n\u00e3o pode fazer bico na prefeitura. Eles ser\u00e3o permanentemente avaliados e quem vai decidir se permanece no cargo ser\u00e1 ele pr\u00f3prio, por seu desempenho e dedica\u00e7\u00e3o.<\/strong><\/p>\n<p><strong>Como ser\u00e3o os 15 primeiros dias e os primeiros 100 dias do seu governo?<\/strong><\/p>\n<p>Nos primeiros dias vamos atuar nos locais mais movimentados para atender a cidade e aos turistas, os acessos. Vamos fazer um faxina\u00e7o. Limpar, iluminar, tapar buraco. \u00c9 o que a gente vai poder fazer. Mas n\u00e3o \u00e9 o que a gente sonha para a cidade. Nos 100 primeiros dias vamos fazer um enxugamento cortando horas extras. O momento \u00e9 de reavalia\u00e7\u00e3o, de uma reforma administrativa dialogada com os setores organizados para que possamos, dentro deste reforma, termos economia com efici\u00eancia administrativa.<\/p>\n<p><strong>O senhor tem mantido um respeit\u00e1vel namoro com o servidor p\u00fablico, visitando sindicatos, dialogando&#8230;<\/strong><\/p>\n<p>&#8230; N\u00e3o falo em namoro. Falo em di\u00e1logo permanente. O prefeito tem a obriga\u00e7\u00e3o de mostrar a realidade e pedir ajuda ao servidor. O bom servidor. Na maioria das nossas indica\u00e7\u00f5es eu tenho procurado trazer o pr\u00f3prio servidor para cargos comissionados. At\u00e9 por que isso diminui o custo da indica\u00e7\u00e3o e eles est\u00e3o se animando com isso. O sindicato, inclusive, est\u00e1 nos ajudando, indicando quem trabalha, quem n\u00e3o trabalha. Nunca vi isso antes e isso \u00e9 importante para a gest\u00e3o. Vamos fazer um recadastramento do servidor. Vamos tentar baixar entre 10 e 15 por cento a folha, com o enxugamento destes excessos. S\u00f3 de horas extras a Prefeitura paga uns 500 mil reais por m\u00eas. Tem servidor que ganha dois mil reais e quando computa as horas extras chega a seis mil reais. Ent\u00e3o a gente tem que reavaliar isso. A mesma coisa \u00e9 com a quantidade de alugu\u00e9is. Vamos visitar estes espa\u00e7os e avaliar cada um deles sem contar se \u00e9 de A ou B.<\/p>\n<p><strong>Jabes \u00e9 um cara que eu n\u00e3o tenho dificuldade nenhuma. Me trata bem, \u00e9 sempre sol\u00edcito.<\/strong><\/p>\n<p><strong>O senhor j\u00e1 foi vice. E sabe das limita\u00e7\u00f5es nas a\u00e7\u00f5es do vice em um governo. Que papel Jos\u00e9 Nazal ter\u00e1 na sua gest\u00e3o?<\/strong><\/p>\n<p>A que eu n\u00e3o tive quando fui vice de Newton Lima. A valoriza\u00e7\u00e3o do Jos\u00e9 Nazal \u00e9 de extrema import\u00e2ncia. \u00c9 um conhecedor da cidade. \u00c9 um grande aconselhador meu. Ele tem me dito: olha, M\u00e1rio. Eu quero lhe fazer um grande prefeito da cidade! Eu acredito nisso.<\/p>\n<p><strong>O senhor acha que economiza dinheiro na medida em que economiza nomea\u00e7\u00f5es de secret\u00e1rios? Por que n\u00e3o anunciar logo todos e viabilizar a cidade em todos os setores?<\/strong><\/p>\n<p>Maramata: um exemplo. Eu estive na Funda\u00e7\u00e3o do Mar e da Mata. S\u00f3 encontrei mato. Perguntei o que foi feito ali em quatro anos, ningu\u00e9m me respondeu. Ent\u00e3o \u00e9 preciso avaliar algumas coisas, estes custos. Temos que pontuar porque uma economia de 40, 50 mil reais numa cidade como Ilh\u00e9us faz diferen\u00e7a. Nesse enxugamento a\u00ed, agreguei algumas secretarias. Em outras secretarias, indiquei um servidor da pr\u00f3pria pasta para que ele elabore um diagn\u00f3stico para me dizer se vale a pena seguir&#8230;<\/p>\n<p><strong>Pode decidir pelo fim de alguns projetos, programas?<\/strong><\/p>\n<p>Ou unificar.<\/p>\n<p><strong>O que o senhor pretende manter de a\u00e7\u00f5es da atual administra\u00e7\u00e3o e o que o senhor, logo no primeiro dia vai dizer, p\u00e1ra aqui, cancela isso imediatamente?<\/strong><\/p>\n<p>N\u00e3o come\u00e7arei com o incha\u00e7o da m\u00e1quina. N\u00e3o d\u00e1 para suportar essa grande quantidade de pessoas na administra\u00e7\u00e3o p\u00fablica. N\u00f3s temos que diminuir custos com indica\u00e7\u00f5es.<\/p>\n<p><strong>O que acha que fica de positivo desta administra\u00e7\u00e3o?<\/strong><\/p>\n<p>A lembran\u00e7a do prefeito Jabes. A hist\u00f3ria dele. A hist\u00f3ria de quem contribuiu com a cidade.<\/p>\n<p><strong>N\u00e3o esperava esse elogio desta forma.<\/strong><\/p>\n<p>Jabes \u00e9 um cara que eu n\u00e3o tenho dificuldade nenhuma. Me trata bem, \u00e9 sempre sol\u00edcito.<\/p>\n<p><strong>Hoje quando o senhor tenta fechar a conta dos votos deve ser muito dif\u00edcil n\u00e9. A conta n\u00e3o fecha. Parece que todo mundo votou no senhor e os pedidos devem ser muitos, gente pedindo ajuda, emprego. Qual o sentimento de andar nas ruas depois de eleito e at\u00e9 mesmo antes de assumir a fun\u00e7\u00e3o?<\/strong><\/p>\n<p>(risos) De equil\u00edbrio. E saber dizer que a Prefeitura n\u00e3o pode ser o maior empregador da cidade. A fun\u00e7\u00e3o dela \u00e9 buscar empreendimentos que gerem empregos, oportunidades. E j\u00e1 estamos trabalhando com algumas possibilidades de implanta\u00e7\u00e3o de neg\u00f3cios para fevereiro em diante&#8230;<\/p>\n<p><strong>J\u00e1 existem conversas?<\/strong><\/p>\n<p>J\u00e1 existem sim.<\/p>\n<p><strong>Quais setores?<\/strong><\/p>\n<p>Com\u00e9rcio, supermercado, turismo e habita\u00e7\u00e3o.<\/p>\n<p><strong>Muitas vezes tudo, todos os problemas caem nos bra\u00e7os do gestor municipal. At\u00e9 mesmo o que, na teoria, n\u00e3o lhe pertencem \u00c9 muita coisa para poucas condi\u00e7\u00f5es pr\u00e1ticas de resolv\u00ea-las. \u00c9 cultural isso&#8230;<\/strong><\/p>\n<p>&#8230; Vamos trabalhar muito para que o cidad\u00e3o comum ajude a cidade, a administra\u00e7\u00e3o p\u00fablica. Por que um cidad\u00e3o n\u00e3o pode pegar uma crian\u00e7a na creche para um final de semana? Por que um m\u00e9dico n\u00e3o pode fazer um mutir\u00e3o no interior, zona rural, por conta pr\u00f3pria?&#8230;<\/p>\n<p><strong>Maramata: um exemplo. Eu estive na funda\u00e7\u00e3o do Mar e da Mata. S\u00f3 encontrei mato. Perguntei o que foi feito ali em quatro anos, ningu\u00e9m me respondeu. Ent\u00e3o \u00e9 preciso avaliar algumas coisas, estes custos. Temos que pontuar porque uma economia de 40, 50 mil reais numa cidade como Ilh\u00e9us faz diferen\u00e7a.<\/strong><\/p>\n<p><strong>&#8230; Porque a leitura do cidad\u00e3o \u00e9 simples, prefeito. Ele paga muito imposto. Precisa continuar dando mais sem ter retorno em servi\u00e7os p\u00fablicos?<\/strong><\/p>\n<p>Mas precisamos mudar este pensamento. O governo precisa de parceiros. Todo mundo ajudando a cidade, tudo se torna bem melhor.<\/p>\n<p><strong>Em Itabuna, o prefeito Claudevane Leite optou por uma gest\u00e3o onde mesclou pol\u00edtica e religi\u00e3o e ao que parece n\u00e3o foi bem sucedido. O senhor vem de uma fam\u00edlia evang\u00e9lica, nomeou alguns secret\u00e1rios evang\u00e9licos e anunciou sua equipe em um show gospel. Que papel a religi\u00e3o e, mais especificamente os evang\u00e9licos, ter\u00e1 na sua gest\u00e3o?<\/strong><\/p>\n<p>Minha m\u00e3e \u00e9 evang\u00e9lica, todos sabem. Mas meu pai \u00e9 cat\u00f3lico de carteirinha. N\u00e3o h\u00e1 prefer\u00eancias. N\u00e3o h\u00e1 esta rela\u00e7\u00e3o direta nas escolhas que fa\u00e7o. O que quero \u00e9 que todos trabalhem pela cidade. Digo todos os dias: o secret\u00e1rio, mesmo com sal\u00e1rio defasado, ele n\u00e3o pode fazer bico na prefeitura. Eles ser\u00e3o permanentemente avaliados e quem vai decidir se permanece no cargo ser\u00e1 ele pr\u00f3prio, por seu desempenho e dedica\u00e7\u00e3o.<\/p>\n<p><strong>Mas por que anunciar um equipe pol\u00edtica em um evento gospel?<\/strong><\/p>\n<p>Coincid\u00eancia. Poderia ser qualquer evento. O que eu queria mostrar que o governo \u00e9 para o povo.<\/p>\n<p><strong>N\u00e3o foi cuidadosamente escolhido para ser algo espetaculoso?<\/strong><\/p>\n<p>N\u00e3o. Aproveitei que tinha essa agenda eu quis fazer em pra\u00e7a p\u00fablica. E n\u00e3o tinha s\u00f3 evang\u00e9licos. Foi um show de atra\u00e7\u00e3o nacional que reuniu diversos segmentos da sociedade. Quis fazer em pra\u00e7a p\u00fablica para mostrar que estaremos em contato com a popula\u00e7\u00e3o. Secret\u00e1rio meu, dentro de gabinete \u00e9 s\u00f3 para despachar. Mas ele ter\u00e1 que estar visitando a cidade, conhecendo de perto os problemas. Eu mesmo vou chegar de surpresa em todos os setores. N\u00e3o vou dizer que vou. Mas vou visitar posto, escola, obras&#8230; Tudo de surpresa. Nem secret\u00e1rio vai saber. O povo gosta disso.<\/p>\n<p><strong>O senhor escolheu uma m\u00e9dica s\u00f3cia em diversas clinicas particulares para gerir a sa\u00fade p\u00fablica. N\u00e3o h\u00e1 um contrassenso nisso? Os riscos de n\u00e3o dar certo n\u00e3o se tornam maiores?<\/strong><\/p>\n<p>(risos). Ela \u00e9 uma gestora. A Luciene Moura vai ter uma equipe de pessoas competentes ao lado dela. Como eu tinha um compromisso com os colegas que nos apoiaram com muita for\u00e7a e para que a gente possa ter essa boa rela\u00e7\u00e3o com os colegas, ent\u00e3o a Luciene, dentro da perspectiva que tivemos, foi a escolhida, a que teve a maior aceita\u00e7\u00e3o na classe m\u00e9dica. Ela foi gestora do Hospital Regional, tem um curr\u00edculo invej\u00e1vel, \u00e9 \u201cdura\u201d, austera, um perfil que preciso para a sa\u00fade. E todo mundo sabe: o prefeito sou eu. Ela pode ser dona de algumas coisas, como eu tamb\u00e9m sou, sou dono de cl\u00ednica h\u00e1 muitos anos, isso n\u00e3o significa que v\u00e1 estar agradando a minha parte, privilegiando algu\u00e9m. Ter\u00e1 todo o meu apoio, se prestar um servi\u00e7o de qualidade. Desde quando setores da sa\u00fade, que ela seja s\u00f3cia ou n\u00e3o, atendam bem a popula\u00e7\u00e3o, isso \u00e9 que importa. Todos os servi\u00e7os, independentemente de quem seja dono, tamb\u00e9m ser\u00e3o avaliados.<\/p>\n<p><strong>E sobre o aumento do sal\u00e1rio do prefeito, vice e secret\u00e1rios. O senhor j\u00e1 tomou uma decis\u00e3o?<\/strong><\/p>\n<p>Vou estar com Jabes amanh\u00e3 (quinta). \u00c9 constitucional. Cabe a n\u00f3s aceitar ou n\u00e3o aceitar. Provavelmente nestes primeiros 100 dias n\u00f3s n\u00e3o iremos acatar. Depois a gente v\u00ea. Por que n\u00e3o posso tamb\u00e9m ficar quatro anos com secret\u00e1rio ganhando sete mil reais. Vou terminar ficando sem ningu\u00e9m no governo. Eu n\u00e3o sei por que este tema resultou em tanto debate, tanta conversa. Em todo lugar ele est\u00e1 acontecendo.<\/p>\n<p><strong>O senhor tamb\u00e9m repete diversos nomes de secret\u00e1rios de governos que terminaram ou foram interrompidos com impopularidade extrema. E isso tem um peso na avalia\u00e7\u00e3o da sociedade: por que o senhor apostou nestes nomes?<\/strong><\/p>\n<p>Tenho dito a eles. Voc\u00eas ter\u00e3o que atender a meu comando. S\u00e3o todos muito preparados. Mas o prefeito tem que fica em cima, cobrando. O prefeito \u00e9 o maestro. Todos s\u00e3o meus amigos, mas se n\u00e3o estiver funcionando, sai. O meu maior amigo neste projeto \u00e9 o povo de Ilh\u00e9us. Onde erraram vamos corrigir. Onde acertaram vamos voltar a fazer, vamos melhorar.<\/p>\n<p><strong>Nos primeiros dias vamos atuar nos locais mais movimentados para atender a cidade e aos turistas, os acessos. Vamos fazer um faxina\u00e7o. Limpar, iluminar, tapar buraco. \u00c9 o que a gente vai poder fazer.<\/strong><\/p>\n<p><strong>Na sua equipe de secret\u00e1rios o senhor j\u00e1 confirmou a presen\u00e7a de um tio e da sua esposa. O que j\u00e1 caracteriza ingredientes de nepotismo. O senhor n\u00e3o acha isso?<\/strong><\/p>\n<p>De forma alguma. Preparada. Se eu n\u00e3o acreditar na minha esposa, vou acreditar em quem? S\u00f3 se o Minist\u00e9rio P\u00fablico se manifestar. Os secret\u00e1rios n\u00e3o s\u00e3o secret\u00e1rios de M\u00e1rio Alexandre. S\u00e3o secret\u00e1rios do munic\u00edpio. Inclusive o Fernando Gomes n\u00e3o ia nomear a esposa. Depois que teve um encontro neste final de semana comigo, decidiu nomear. Por que a primeira dama tem que trabalhar. Em muitos lugares a primeira dama do governador \u00e9 presidente das Volunt\u00e1rias Sociais, n\u00e9 isso?<\/p>\n<p><strong>E seu tio?<br \/>\n<\/strong>No caso de S\u00e9rgio, ele \u00e9 irm\u00e3o da minha m\u00e3e. Ele n\u00e3o \u00e9 nomeado ainda.<\/p>\n<p><strong>Est\u00e1 na lista divulgada pelo senhor. Vai ocupar uma secretaria a ser criada. A de Governo.<\/strong><\/p>\n<p>Ah, secret\u00e1rio. Provavelmente. Na reforma administrativa (quando ser\u00e1 criada esta pasta) e que n\u00f3s vamos fazer a avalia\u00e7\u00e3o.<\/p>\n<p><strong>Vamos instalar o centro administrativo da Sa\u00fade (onde hoje funciona o Hospital Regional). Vamos tirar o n\u00famero excessivo de alugu\u00e9is de sede de secretaria de Sa\u00fade, Samu e outros setores.<\/strong><\/p>\n<p><strong>A primeira dama que ser\u00e1 secret\u00e1ria, vai receber sal\u00e1rio de secret\u00e1ria?<\/strong><\/p>\n<p>Claro. Ela vai trabalhar, p\u00f4.<\/p>\n<p><strong>Podia trabalhar de gra\u00e7a, como volunt\u00e1ria.<\/strong><\/p>\n<p>Ai voc\u00ea me quebra.<\/p>\n<p><strong>O senhor <a href=\"http:\/\/www.veiculosemconquista.com.br\/\">veiculo<\/a>u nota p\u00fablica dizendo que vai rever as \u00faltimas medidas adotadas pelo atual governo podendo, inclusive, cancelar algumas delas. O atual prefeito tamb\u00e9m emitiu uma nota dizendo que todas as medidas adotadas eram do conhecimento e com o consentimento da sua equipe de transi\u00e7\u00e3o. Quem \u00e9 que est\u00e1 jogando pra torcida?<\/strong><\/p>\n<p>Na verdade, o que colocamos foi para alguns setores da imprensa. Jabes at\u00e9 me ligou e eu conversei com ele. N\u00e3o foi falando das medidas do governo. E, sim, dando opini\u00e3o que foi cobrada por alguns setores da imprensa. At\u00e9 31 de dezembro o governo \u00e9 de Jabes. Se ele quiser publicar uma medida dia 31, ele pode, ele ainda ser\u00e1 o prefeito. Dia primeiro, depois do feriado, vamos avaliar. O que \u00e9 bom vamos manter e melhorar. O que \u00e9 ruim a gente vai fazer reestrutura\u00e7\u00f5es necess\u00e1rias sim.<\/p>\n<p><strong>O que o meu partido definir serei soldado para que a gente ou reeleja o governador ou opte pelo melhor candidato para as elei\u00e7\u00f5es de 2018. Eu sou grupo, eu estou aqui. Ent\u00e3o o que o partido me orientar e me dizer eu vou seguir.<\/strong><\/p>\n<p><strong>E os vereadores, geralmente vistos como agentes que negociam em alta voltagem cargos p\u00fablicos para dar apoio em troca?<\/strong><\/p>\n<p>Tenho conversado com todos. As indica\u00e7\u00f5es, eles podem fazer. Mas n\u00f3s faremos a avalia\u00e7\u00e3o se a pessoa estar\u00e1 preparada para a fun\u00e7\u00e3o. N\u00e3o basta ser uma indica\u00e7\u00e3o do vereador tal. Se n\u00e3o estiver dando resultados, eu mudo.<\/p>\n<p><strong>A Prefeitura n\u00e3o pode ir para o bairro e bem na frente dela ter escurid\u00e3o, lixo&#8230; Onde a Prefeitura vai, tem que levar benfeitorias.<\/strong><\/p>\n<p><strong>E a rea\u00e7\u00e3o deles a este modelo?<\/strong><\/p>\n<p>Todo mundo t\u00e1 entendendo. Me dou bem com todos eles.<\/p>\n<p><strong>Mas \u00e9 a primeira vez que o senhor lida com eles como prefeito eleito&#8230;<\/strong><\/p>\n<p>&#8230; Mas a gente vai conduzir bem. Agora: eles sabendo que estamos ajustando a estrutura. N\u00e3o posso abrir demais.<\/p>\n<p><strong>Na linha de racioc\u00ednio do desenvolvimento regional, a deputada \u00e9 protagonista na Assembl\u00e9ia Legislativa. E n\u00f3s vamos estar juntos, sendo protagonista da cidade de Ilh\u00e9us.<\/strong><\/p>\n<p><strong>O senhor tem medo, receio das cr\u00edticas?<\/strong><\/p>\n<p>J\u00e1 tomei tanta porrada&#8230; Isso n\u00e3o me abala. Falo isso quando a cr\u00edtica \u00e9 construtiva, quando vejo que tem baixaria, a\u00ed j\u00e1 n\u00e3o interessa para a nossa discuss\u00e3o.<\/p>\n<p><strong>O que a popula\u00e7\u00e3o de Ilh\u00e9us pode esperar dom senhor a partir da pr\u00f3xima semana, sentado na cadeira mais poderosa da cidade?<\/strong><\/p>\n<p>Sou um filho de Ilh\u00e9us, trabalhador, que quer fazer a diferen\u00e7a, come\u00e7ar uma reconstru\u00e7\u00e3o, levantar o novo momento da cidade trabalhando para os mais necessitados. Pensando no futuro de Ilh\u00e9us. N\u00e3o sou Salvador da P\u00e1tria mas o momento que vivo \u00e9 de muito otimismo.<\/p>\n<p>&#8212;<\/p>\n<p><span style=\"color: #0000ff;\"><em><strong>http:\/\/www.jornalbahiaonline.com.br\/noticia\/33402\/nao_sou_salvador_da_patria_mas_estou_muito_otimista,_diz_marao_ao_jbo<\/strong><\/em><\/span><\/p>\n","protected":false},"excerpt":{"rendered":"<p>JORNAL BAHIA ONLINE Entrevista Nesta quarta-feira, ultimando os preparativos da posse, M\u00e1rio aceitou conceder uma entrevista exclusiva ao Jornal Bahia Online. Recebeu o editor do JBO, jornalista Maur\u00edcio Maron, para falar sobre os seus projetos e sobre o futuro de Ilh\u00e9us.O m\u00e9dico M\u00e1rio Alexandre completar\u00e1 45 anos de idade em mar\u00e7o. \u00c9 jovem e cheio [&hellip;]<\/p>\n","protected":false},"author":2,"featured_media":0,"comment_status":"open","ping_status":"open","sticky":false,"template":"","format":"standard","meta":{"_links_to":"","_links_to_target":""},"categories":[1],"tags":[],"_links":{"self":[{"href":"https:\/\/www.r2cpress.com.br\/v1\/wp-json\/wp\/v2\/posts\/105643"}],"collection":[{"href":"https:\/\/www.r2cpress.com.br\/v1\/wp-json\/wp\/v2\/posts"}],"about":[{"href":"https:\/\/www.r2cpress.com.br\/v1\/wp-json\/wp\/v2\/types\/post"}],"author":[{"embeddable":true,"href":"https:\/\/www.r2cpress.com.br\/v1\/wp-json\/wp\/v2\/users\/2"}],"replies":[{"embeddable":true,"href":"https:\/\/www.r2cpress.com.br\/v1\/wp-json\/wp\/v2\/comments?post=105643"}],"version-history":[{"count":2,"href":"https:\/\/www.r2cpress.com.br\/v1\/wp-json\/wp\/v2\/posts\/105643\/revisions"}],"predecessor-version":[{"id":105645,"href":"https:\/\/www.r2cpress.com.br\/v1\/wp-json\/wp\/v2\/posts\/105643\/revisions\/105645"}],"wp:attachment":[{"href":"https:\/\/www.r2cpress.com.br\/v1\/wp-json\/wp\/v2\/media?parent=105643"}],"wp:term":[{"taxonomy":"category","embeddable":true,"href":"https:\/\/www.r2cpress.com.br\/v1\/wp-json\/wp\/v2\/categories?post=105643"},{"taxonomy":"post_tag","embeddable":true,"href":"https:\/\/www.r2cpress.com.br\/v1\/wp-json\/wp\/v2\/tags?post=105643"}],"curies":[{"name":"wp","href":"https:\/\/api.w.org\/{rel}","templated":true}]}}