{"id":105673,"date":"2016-12-29T21:04:07","date_gmt":"2016-12-30T00:04:07","guid":{"rendered":"http:\/\/www.r2cpress.com.br\/v1\/?p=105673"},"modified":"2016-12-29T21:04:07","modified_gmt":"2016-12-30T00:04:07","slug":"opus-dei-108","status":"publish","type":"post","link":"https:\/\/www.r2cpress.com.br\/v1\/2016\/12\/29\/opus-dei-108\/","title":{"rendered":"OPUS DEI"},"content":{"rendered":"<table border=\"0\" width=\"100%\" cellspacing=\"0\" cellpadding=\"0\" align=\"center\" bgcolor=\"#ffffff\">\n<tbody>\n<tr>\n<td valign=\"middle\" bgcolor=\"#efede7\" width=\"100%\" height=\"70\">\n<table border=\"0\" width=\"92%\" cellspacing=\"0\" cellpadding=\"0\" align=\"center\" bgcolor=\"#efede7\">\n<tbody>\n<tr>\n<td align=\"left\" valign=\"middle\" bgcolor=\"#efede7\" width=\"60%\"><a href=\"http:\/\/opusdei.us7.list-manage1.com\/track\/click?u=1af5d7b530cb590152589eba5&amp;id=5d09904451&amp;e=f88f8593e5\" target=\"_blank\" rel=\"noreferrer\"><img src=\"http:\/\/odnmedia.s3.amazonaws.com\/static\/images\/newsletter\/logo.gif\" alt=\"Opus Dei\" border=\"0\" \/><\/a><\/td>\n<td bgcolor=\"#efede7\" width=\"4%\"><\/td>\n<td align=\"right\" valign=\"middle\" bgcolor=\"#efede7\" width=\"36%\"><a href=\"http:\/\/opusdei.us7.list-manage.com\/track\/click?u=1af5d7b530cb590152589eba5&amp;id=1678e72619&amp;e=f88f8593e5\" target=\"_blank\" rel=\"noreferrer\"><img src=\"http:\/\/odnmedia.s3.amazonaws.com\/static\/images\/newsletter\/facebook.gif\" alt=\"facebook\" border=\"0\" \/><\/a> <a href=\"http:\/\/opusdei.us7.list-manage.com\/track\/click?u=1af5d7b530cb590152589eba5&amp;id=b8c92f1e57&amp;e=f88f8593e5\" target=\"_blank\" rel=\"noreferrer\"><img src=\"http:\/\/odnmedia.s3.amazonaws.com\/static\/images\/newsletter\/twitter.gif\" alt=\"twitter\" border=\"0\" \/><\/a> <a href=\"http:\/\/opusdei.us7.list-manage.com\/track\/click?u=1af5d7b530cb590152589eba5&amp;id=5f979d0562&amp;e=f88f8593e5\" target=\"_blank\" rel=\"noreferrer\"><img src=\"http:\/\/odnmedia.s3.amazonaws.com\/static\/images\/newsletter\/youtube.gif\" alt=\"youtube\" border=\"0\" \/><\/a> <a href=\"http:\/\/opusdei.us7.list-manage.com\/track\/click?u=1af5d7b530cb590152589eba5&amp;id=08b64e1fb1&amp;e=f88f8593e5\" target=\"_blank\" rel=\"noreferrer\"><img src=\"http:\/\/odnmedia.s3.amazonaws.com\/static\/images\/newsletter\/flickr.gif\" alt=\"flickr\" border=\"0\" \/><\/a><\/td>\n<\/tr>\n<\/tbody>\n<\/table>\n<\/td>\n<\/tr>\n<tr>\n<td valign=\"top\" width=\"100%\">\n<table border=\"0\" width=\"92%\" cellspacing=\"0\" cellpadding=\"0\" align=\"center\">\n<tbody>\n<tr>\n<td valign=\"top\" width=\"100%\"><i>29 de Dezembro de 2016<\/i><\/td>\n<\/tr>\n<tr>\n<td valign=\"top\" width=\"100%\"><img loading=\"lazy\" src=\"http:\/\/odnmedia.s3.amazonaws.com\/static\/images\/newsletter\/bulletintro.gif\" alt=\"\" width=\"14\" height=\"14\" border=\"0\" \/> Um ano novo: come\u00e7ar e recome\u00e7ar. S\u00e3o Josemaria costumava dizer: &#8220;A tua vida interior deve ser isso precisamente: come\u00e7ar&#8230;e recome\u00e7ar.&#8221; Esperamos que neste ano de 2017 os textos e not\u00edcias do site ajudem todos a se aproximarem de Deus na sua vida di\u00e1ria. Nesta edi\u00e7\u00e3o oferecemos textos sobre o Natal, uma entrevista com o Vig\u00e1rio Auxiliar do Opus Dei, e um editorial sobre a fam\u00edlia.<\/td>\n<\/tr>\n<tr>\n<td height=\"29\"><\/td>\n<\/tr>\n<tr>\n<td valign=\"top\" width=\"100%\">\n<table border=\"0\" width=\"100%\" cellspacing=\"0\" cellpadding=\"0\">\n<tbody>\n<tr>\n<td align=\"right\" valign=\"top\" width=\"30%\"><a href=\"http:\/\/opusdei.us7.list-manage.com\/track\/click?u=1af5d7b530cb590152589eba5&amp;id=e18cd11abd&amp;e=f88f8593e5\" target=\"_blank\" rel=\"noreferrer\"><img loading=\"lazy\" class=\"aligncenter\" src=\"http:\/\/odnmedia.s3.amazonaws.com\/image\/amorhumano_20161024160755306774_20161229004247372449.jpg\" alt=\"\" width=\"228\" height=\"141\" border=\"0\" \/><\/a><\/td>\n<td width=\"4%\"><\/td>\n<td valign=\"top\" width=\"66%\">\n<table border=\"0\" width=\"100%\" cellspacing=\"0\" cellpadding=\"0\">\n<tbody>\n<tr>\n<td valign=\"top\"><a href=\"http:\/\/opusdei.us7.list-manage1.com\/track\/click?u=1af5d7b530cb590152589eba5&amp;id=60e96671d5&amp;e=f88f8593e5\" target=\"_blank\" rel=\"noreferrer\"><b>AMOR HUMANO<\/b><\/a><\/td>\n<\/tr>\n<tr>\n<td valign=\"top\"><a href=\"http:\/\/opusdei.us7.list-manage.com\/track\/click?u=1af5d7b530cb590152589eba5&amp;id=b0063f8db5&amp;e=f88f8593e5\" target=\"_blank\" rel=\"noreferrer\"><b>Ambiente de lar, escola de amor<\/b><\/a><\/td>\n<\/tr>\n<tr>\n<td valign=\"top\">Para conseguir que o amor cres\u00e7a, cada fam\u00edlia tem de procurar aumentar a sua capacidade de dar e receber.<\/td>\n<\/tr>\n<\/tbody>\n<\/table>\n<\/td>\n<\/tr>\n<\/tbody>\n<\/table>\n<\/td>\n<\/tr>\n<tr>\n<td height=\"18\"><\/td>\n<\/tr>\n<tr>\n<td valign=\"top\" width=\"100%\">\n<table border=\"0\" width=\"100%\" cellspacing=\"0\" cellpadding=\"0\">\n<tbody>\n<tr>\n<td align=\"right\" valign=\"top\" width=\"30%\"><a href=\"http:\/\/opusdei.us7.list-manage.com\/track\/click?u=1af5d7b530cb590152589eba5&amp;id=7977fb67c8&amp;e=f88f8593e5\" target=\"_blank\" rel=\"noreferrer\"><img loading=\"lazy\" class=\"aligncenter\" src=\"http:\/\/odnmedia.s3.amazonaws.com\/image\/modelo-600x370-(81)_20161228135347017024.png\" alt=\"\" width=\"225\" height=\"138\" border=\"0\" \/><\/a><\/td>\n<td width=\"4%\"><\/td>\n<td valign=\"top\" width=\"66%\">\n<table border=\"0\" width=\"100%\" cellspacing=\"0\" cellpadding=\"0\">\n<tbody>\n<tr>\n<td valign=\"top\"><a href=\"http:\/\/opusdei.us7.list-manage.com\/track\/click?u=1af5d7b530cb590152589eba5&amp;id=29617d5954&amp;e=f88f8593e5\" target=\"_blank\" rel=\"noreferrer\"><b>AUDI\u00caNCIAS<\/b><\/a><\/td>\n<\/tr>\n<tr>\n<td valign=\"top\"><a href=\"http:\/\/opusdei.us7.list-manage.com\/track\/click?u=1af5d7b530cb590152589eba5&amp;id=f7155d457c&amp;e=f88f8593e5\" target=\"_blank\" rel=\"noreferrer\"><b>&#8220;A esperan\u00e7a abre novos horizontes&#8221;<\/b><\/a><\/td>\n<\/tr>\n<tr>\n<td valign=\"top\">Na audi\u00eancia geral com o Papa Francisco desta quarta-feira, na Sala Paulo VI, em que Francisco dedicou a sua catequese ao tema da f\u00e9 e da esperan\u00e7a.<\/td>\n<\/tr>\n<\/tbody>\n<\/table>\n<\/td>\n<\/tr>\n<\/tbody>\n<\/table>\n<\/td>\n<\/tr>\n<tr>\n<td height=\"18\"><\/td>\n<\/tr>\n<tr>\n<td valign=\"top\" width=\"100%\">\n<table border=\"0\" width=\"100%\" cellspacing=\"0\" cellpadding=\"0\">\n<tbody>\n<tr>\n<td align=\"right\" valign=\"top\" width=\"30%\"><a href=\"http:\/\/opusdei.us7.list-manage.com\/track\/click?u=1af5d7b530cb590152589eba5&amp;id=c9bcbdd9f2&amp;e=f88f8593e5\" target=\"_blank\" rel=\"noreferrer\"><img loading=\"lazy\" class=\"aligncenter\" src=\"http:\/\/odnmedia.s3.amazonaws.com\/image\/modelo-600x370-(80)_20161227172329446686.png\" alt=\"\" width=\"215\" height=\"132\" border=\"0\" \/><\/a><\/td>\n<td width=\"4%\"><\/td>\n<td valign=\"top\" width=\"66%\">\n<table border=\"0\" width=\"100%\" cellspacing=\"0\" cellpadding=\"0\">\n<tbody>\n<tr>\n<td valign=\"top\"><a href=\"http:\/\/opusdei.us7.list-manage.com\/track\/click?u=1af5d7b530cb590152589eba5&amp;id=38c367b926&amp;e=f88f8593e5\" target=\"_blank\" rel=\"noreferrer\"><b>PAPA<\/b><\/a><\/td>\n<\/tr>\n<tr>\n<td valign=\"top\"><a href=\"http:\/\/opusdei.us7.list-manage.com\/track\/click?u=1af5d7b530cb590152589eba5&amp;id=a2195bfa73&amp;e=f88f8593e5\" target=\"_blank\" rel=\"noreferrer\"><b>Palavras do Papa Francisco no Natal de 2016<\/b><\/a><\/td>\n<\/tr>\n<tr>\n<td valign=\"top\">Disponibilizaremos aqui as palavras do Papa nas celebra\u00e7\u00f5es do Natal deste ano.<\/td>\n<\/tr>\n<\/tbody>\n<\/table>\n<\/td>\n<\/tr>\n<\/tbody>\n<\/table>\n<\/td>\n<\/tr>\n<tr>\n<td height=\"18\"><\/td>\n<\/tr>\n<tr>\n<td valign=\"top\" width=\"100%\">\n<table border=\"0\" width=\"100%\" cellspacing=\"0\" cellpadding=\"0\">\n<tbody>\n<tr>\n<td align=\"right\" valign=\"top\" width=\"30%\"><a href=\"http:\/\/opusdei.us7.list-manage.com\/track\/click?u=1af5d7b530cb590152589eba5&amp;id=eddd871175&amp;e=f88f8593e5\" target=\"_blank\" rel=\"noreferrer\"><img loading=\"lazy\" class=\"aligncenter\" src=\"http:\/\/odnmedia.s3.amazonaws.com\/image\/modelo-600x370-4_20161224205732396957.png\" alt=\"\" width=\"212\" height=\"130\" border=\"0\" \/><\/a><\/td>\n<td width=\"4%\"><\/td>\n<td valign=\"top\" width=\"66%\">\n<table border=\"0\" width=\"100%\" cellspacing=\"0\" cellpadding=\"0\">\n<tbody>\n<tr>\n<td valign=\"top\"><a href=\"http:\/\/opusdei.us7.list-manage1.com\/track\/click?u=1af5d7b530cb590152589eba5&amp;id=8e16b5c11f&amp;e=f88f8593e5\" target=\"_blank\" rel=\"noreferrer\"><b>OUTROS DOCUMENTOS<\/b><\/a><\/td>\n<\/tr>\n<tr>\n<td valign=\"top\"><a href=\"http:\/\/opusdei.us7.list-manage.com\/track\/click?u=1af5d7b530cb590152589eba5&amp;id=8f597a1717&amp;e=f88f8593e5\" target=\"_blank\" rel=\"noreferrer\"><b>&#8220;Venite adoremus&#8221;: Livro eletr\u00f4nico de Dom Echevarr\u00eda sobre o Natal<\/b><\/a><\/td>\n<\/tr>\n<tr>\n<td valign=\"top\">Este ebook recolhe fragmentos das cartas que entre 2006 e 2016 escreveu Dom. Javier Echevarr\u00eda aos fi\u00e9is do Opus Dei. Foram agrupados textos que ajudam a refletir sobre o Natal.<\/td>\n<\/tr>\n<\/tbody>\n<\/table>\n<\/td>\n<\/tr>\n<\/tbody>\n<\/table>\n<\/td>\n<\/tr>\n<tr>\n<td height=\"18\"><\/td>\n<\/tr>\n<tr>\n<td valign=\"top\" width=\"100%\">\n<table border=\"0\" width=\"100%\" cellspacing=\"0\" cellpadding=\"0\">\n<tbody>\n<tr>\n<td align=\"right\" valign=\"top\" width=\"30%\"><a href=\"http:\/\/opusdei.us7.list-manage.com\/track\/click?u=1af5d7b530cb590152589eba5&amp;id=6c59e819b7&amp;e=f88f8593e5\" target=\"_blank\" rel=\"noreferrer\"><img loading=\"lazy\" class=\"aligncenter\" src=\"http:\/\/odnmedia.s3.amazonaws.com\/image\/fernando_ocariz_20161223122811125760.jpg\" alt=\"\" width=\"228\" height=\"140\" border=\"0\" \/><\/a><\/td>\n<td width=\"4%\"><\/td>\n<td valign=\"top\" width=\"66%\">\n<table border=\"0\" width=\"100%\" cellspacing=\"0\" cellpadding=\"0\">\n<tbody>\n<tr>\n<td valign=\"top\"><a href=\"http:\/\/opusdei.us7.list-manage.com\/track\/click?u=1af5d7b530cb590152589eba5&amp;id=2e3a03d74c&amp;e=f88f8593e5\" target=\"_blank\" rel=\"noreferrer\"><b>CONGRESSO ELETIVO 2017<\/b><\/a><\/td>\n<\/tr>\n<tr>\n<td valign=\"top\"><a href=\"http:\/\/opusdei.us7.list-manage2.com\/track\/click?u=1af5d7b530cb590152589eba5&amp;id=c60e46a059&amp;e=f88f8593e5\" target=\"_blank\" rel=\"noreferrer\"><b>Mons Oc\u00e1riz. &#8220;Esperamos a elei\u00e7\u00e3o do novo prelado com uma atitude de ora\u00e7\u00e3o ao Esp\u00edrito Santo&#8221;<\/b><\/a><\/td>\n<\/tr>\n<tr>\n<td valign=\"top\">Reproduzimos uma entrevista na qual Mons. Fernando Oc\u00e1riz fala sobre o caminho do congresso eletivo do Opus Dei, que ocorrer\u00e1 em janeiro, em Roma.<\/td>\n<\/tr>\n<\/tbody>\n<\/table>\n<\/td>\n<\/tr>\n<\/tbody>\n<\/table>\n<\/td>\n<\/tr>\n<tr>\n<td height=\"29\"><\/td>\n<\/tr>\n<\/tbody>\n<\/table>\n<\/td>\n<\/tr>\n<tr>\n<td valign=\"top\" bgcolor=\"#140f07\" width=\"100%\"><\/td>\n<\/tr>\n<\/tbody>\n<\/table>\n","protected":false},"excerpt":{"rendered":"<p>29 de Dezembro de 2016 Um ano novo: come\u00e7ar e recome\u00e7ar. S\u00e3o Josemaria costumava dizer: &#8220;A tua vida interior deve ser isso precisamente: come\u00e7ar&#8230;e recome\u00e7ar.&#8221; Esperamos que neste ano de 2017 os textos e not\u00edcias do site ajudem todos a se aproximarem de Deus na sua vida di\u00e1ria. Nesta edi\u00e7\u00e3o oferecemos textos sobre o Natal, [&hellip;]<\/p>\n","protected":false},"author":2,"featured_media":0,"comment_status":"open","ping_status":"open","sticky":false,"template":"","format":"standard","meta":{"_links_to":"","_links_to_target":""},"categories":[28],"tags":[],"_links":{"self":[{"href":"https:\/\/www.r2cpress.com.br\/v1\/wp-json\/wp\/v2\/posts\/105673"}],"collection":[{"href":"https:\/\/www.r2cpress.com.br\/v1\/wp-json\/wp\/v2\/posts"}],"about":[{"href":"https:\/\/www.r2cpress.com.br\/v1\/wp-json\/wp\/v2\/types\/post"}],"author":[{"embeddable":true,"href":"https:\/\/www.r2cpress.com.br\/v1\/wp-json\/wp\/v2\/users\/2"}],"replies":[{"embeddable":true,"href":"https:\/\/www.r2cpress.com.br\/v1\/wp-json\/wp\/v2\/comments?post=105673"}],"version-history":[{"count":1,"href":"https:\/\/www.r2cpress.com.br\/v1\/wp-json\/wp\/v2\/posts\/105673\/revisions"}],"predecessor-version":[{"id":105674,"href":"https:\/\/www.r2cpress.com.br\/v1\/wp-json\/wp\/v2\/posts\/105673\/revisions\/105674"}],"wp:attachment":[{"href":"https:\/\/www.r2cpress.com.br\/v1\/wp-json\/wp\/v2\/media?parent=105673"}],"wp:term":[{"taxonomy":"category","embeddable":true,"href":"https:\/\/www.r2cpress.com.br\/v1\/wp-json\/wp\/v2\/categories?post=105673"},{"taxonomy":"post_tag","embeddable":true,"href":"https:\/\/www.r2cpress.com.br\/v1\/wp-json\/wp\/v2\/tags?post=105673"}],"curies":[{"name":"wp","href":"https:\/\/api.w.org\/{rel}","templated":true}]}}