{"id":10574,"date":"2011-03-15T07:06:31","date_gmt":"2011-03-15T10:06:31","guid":{"rendered":"http:\/\/www.r2cpress.com.br\/v1\/?p=10574"},"modified":"2011-03-15T07:06:31","modified_gmt":"2011-03-15T10:06:31","slug":"palestra-comemorativa-folha-e-aci-2","status":"publish","type":"post","link":"https:\/\/www.r2cpress.com.br\/v1\/2011\/03\/15\/palestra-comemorativa-folha-e-aci-2\/","title":{"rendered":"PALESTRA COMEMORATIVA FOLHA E ACI"},"content":{"rendered":"<p><strong>100 ANOS DA ASSOCIA\u00c7\u00c3O COMERCIAL DE ILH\u00c9US E 20 ANOS DA REVISTA FOLHA DA PRAIA TRAZ PARA ILH\u00c9US A PALESTRA MAIS COMENTADA DO BRASIL<\/strong><\/p>\n<p><a href=\"http:\/\/www.r2cpress.com.br\/v1\/wp-content\/uploads\/OUTDOOR-1-PALESTRAok.jpg\"><img loading=\"lazy\" src=\"http:\/\/www.r2cpress.com.br\/v1\/wp-content\/uploads\/OUTDOOR-1-PALESTRAok-300x99.jpg\" alt=\"\" title=\"OUTDOOR 1 PALESTRAok\" width=\"300\" height=\"99\" class=\"alignleft size-medium wp-image-10197\" srcset=\"https:\/\/www.r2cpress.com.br\/v1\/wp-content\/uploads\/OUTDOOR-1-PALESTRAok-300x99.jpg 300w, https:\/\/www.r2cpress.com.br\/v1\/wp-content\/uploads\/OUTDOOR-1-PALESTRAok.jpg 685w\" sizes=\"(max-width: 300px) 100vw, 300px\" \/><\/a>O desenvolvimento est\u00e1 chegando a Ilh\u00e9us e para que o com\u00e9rcio e novos empreendedores da terra n\u00e3o sejam engolidos por empresas de fora que j\u00e1 vislumbram seus espa\u00e7os no lucro que ser\u00e1 gerado, a Associa\u00e7\u00e3o Comercial de Ilh\u00e9us e a Revista Folha da Praia <b>fecharam parceria com um dos nomes mais contratados para ministrar palestras do pa\u00eds.<\/b> S\u00e3o cerca de 25 anos dedicados \u00e0 \u00e1rea comercial, mais de 16 livros publicados e praticamente todos esgotados, diretor da maior revista de vendas e lideran\u00e7a do Brasil, mestre na \u00e1rea pelos Estados Unidos e <b>um dos cach\u00eas mais alto de sua categoria.<\/b><\/p>\n<p>Foram 6 meses de negocia\u00e7\u00e3o para encontrar uma data em sua agenda, mas enfim Ilh\u00e9us e regi\u00e3o poder\u00e3o desfrutar <b>no Centro de Conven\u00e7\u00f5es, dia 14 de abril \u00e0s 19h,<\/b> de um profissional qualificado e gabaritado e conseq\u00fcentemente aprender a ter um com\u00e9rcio forte e preparado para o presente e o futuro entendendo de fato o caminho para o lucro milion\u00e1rio. N\u00e3o perca tempo e j\u00e1 esteja preparado junto a sua equipe de funcion\u00e1rios, em breve voc\u00eas conhecer\u00e3o este nome. <b>Maiores informa\u00e7\u00f5es e reservas pelo fone: 73 8875.0800. <i>(Associado da CDL tem vantagens \u2013 Consulte-nos)<\/i><\/b><\/p>\n","protected":false},"excerpt":{"rendered":"<p>100 ANOS DA ASSOCIA\u00c7\u00c3O COMERCIAL DE ILH\u00c9US E 20 ANOS DA REVISTA FOLHA DA PRAIA TRAZ PARA ILH\u00c9US A PALESTRA MAIS COMENTADA DO BRASIL O desenvolvimento est\u00e1 chegando a Ilh\u00e9us e para que o com\u00e9rcio e novos empreendedores da terra n\u00e3o sejam engolidos por empresas de fora que j\u00e1 vislumbram seus espa\u00e7os no lucro que [&hellip;]<\/p>\n","protected":false},"author":2,"featured_media":0,"comment_status":"open","ping_status":"open","sticky":false,"template":"","format":"standard","meta":{"_links_to":"","_links_to_target":""},"categories":[28],"tags":[],"_links":{"self":[{"href":"https:\/\/www.r2cpress.com.br\/v1\/wp-json\/wp\/v2\/posts\/10574"}],"collection":[{"href":"https:\/\/www.r2cpress.com.br\/v1\/wp-json\/wp\/v2\/posts"}],"about":[{"href":"https:\/\/www.r2cpress.com.br\/v1\/wp-json\/wp\/v2\/types\/post"}],"author":[{"embeddable":true,"href":"https:\/\/www.r2cpress.com.br\/v1\/wp-json\/wp\/v2\/users\/2"}],"replies":[{"embeddable":true,"href":"https:\/\/www.r2cpress.com.br\/v1\/wp-json\/wp\/v2\/comments?post=10574"}],"version-history":[{"count":2,"href":"https:\/\/www.r2cpress.com.br\/v1\/wp-json\/wp\/v2\/posts\/10574\/revisions"}],"predecessor-version":[{"id":10576,"href":"https:\/\/www.r2cpress.com.br\/v1\/wp-json\/wp\/v2\/posts\/10574\/revisions\/10576"}],"wp:attachment":[{"href":"https:\/\/www.r2cpress.com.br\/v1\/wp-json\/wp\/v2\/media?parent=10574"}],"wp:term":[{"taxonomy":"category","embeddable":true,"href":"https:\/\/www.r2cpress.com.br\/v1\/wp-json\/wp\/v2\/categories?post=10574"},{"taxonomy":"post_tag","embeddable":true,"href":"https:\/\/www.r2cpress.com.br\/v1\/wp-json\/wp\/v2\/tags?post=10574"}],"curies":[{"name":"wp","href":"https:\/\/api.w.org\/{rel}","templated":true}]}}