{"id":10628,"date":"2011-03-15T16:43:33","date_gmt":"2011-03-15T19:43:33","guid":{"rendered":"http:\/\/www.r2cpress.com.br\/v1\/?p=10628"},"modified":"2011-03-15T16:43:33","modified_gmt":"2011-03-15T19:43:33","slug":"iluminados-pela-gloria-do-senhor","status":"publish","type":"post","link":"https:\/\/www.r2cpress.com.br\/v1\/2011\/03\/15\/iluminados-pela-gloria-do-senhor\/","title":{"rendered":"ILUMINADOS PELA GL\u00d3RIA DO SENHOR"},"content":{"rendered":"<p><div id=\"attachment_10133\" style=\"width: 246px\" class=\"wp-caption alignleft\"><a href=\"http:\/\/www.r2cpress.com.br\/v1\/wp-content\/uploads\/dom-Mauro_2261.jpg\"><img aria-describedby=\"caption-attachment-10133\" loading=\"lazy\" src=\"http:\/\/www.r2cpress.com.br\/v1\/wp-content\/uploads\/dom-Mauro_2261.jpg\" alt=\"\" title=\"dom Mauro_226\" width=\"236\" height=\"255\" class=\"size-full wp-image-10133\" \/><\/a><p id=\"caption-attachment-10133\" class=\"wp-caption-text\">Dom Mauro Montagnoli \/ Bispo diocesano de Ilh\u00e9us<\/p><\/div>A transfigura\u00e7\u00e3o de Cristo nos sugere que, se escutarmos a palavra do Filho amado do Pai, seremos fortalecidos na decis\u00e3o de trabalhar por um mundo melhor. Atrav\u00e9s da escuta da Palavra, compreenderemos que Deus nos chama a ter as atitudes necess\u00e1rias para cuidar bem da vida, valorizando aquilo que contribui para o bem comum. <\/p>\n<p>A narrativa da Transfigura\u00e7\u00e3o (Mt 17,1-9) assinala para o horizonte vitorioso do crist\u00e3o que, no seguimento de Jesus Cristo, n\u00e3o se envergonha da cruz. Ela encoraja para que ningu\u00e9m tenha medo de sofrer por causa da justi\u00e7a ou duvide da recompensa prometida, pois pelo trabalho chega-se ao repouso e, pela morte, \u00e0 vida. O Senhor assumiu toda a fraqueza de nossa condi\u00e7\u00e3o humana e, se permanecermos fi\u00e9is na f\u00e9 e na proclama\u00e7\u00e3o de sua Boa Nova, venceremos o que ele venceu e contemplaremos a plenitude de sua gl\u00f3ria. Quem foi escolhido e aceitou o chamado, esse sabe que ser\u00e1 transfigurado tal como o Filho amado de Deus.<\/p>\n<p><!--more--><\/p>\n<p>O problema das mudan\u00e7as clim\u00e1ticas tem sido causa de grandes preocupa\u00e7\u00f5es. O ano de 2010 contou com eventos sem precedentes: grandes enchentes na \u00c1sia e grandes inc\u00eandios na R\u00fassia. No Brasil presenciamos grandes queimadas e tamb\u00e9m enchentes em Pernambuclo e em Alagoas. No in\u00edcio de 2011 assistimos horrorizados os deslizamentos de terra no Estado do Rio de Janeiro. E nestes dias estamos vivenciando os horrores do terremoto e tsunami no Jap\u00e3o e mais enchentes nos Estados do Paran\u00e1, Santa Catarina e Mato Grosso do Sul.<\/p>\n<p>O n\u00famero de mortos em consequencia dessas trag\u00e9dias ambientais aumentam a cada dia. A situa\u00e7\u00e3o \u00e9 grav\u00edssima e o quadro est\u00e1 evoluindo muito, e para pior, a cada ano. Provid\u00eancias devem ser tomadas, e com urg\u00eancia, nos \u00e2mbitos internacional, nacional, regional, municipal, comunit\u00e1rio, pessoal e eclesial.<\/p>\n<p>A Campanha da Fraternidade 2011 quer motivar para o envolvimento de todas as pessoas e na\u00e7\u00f5es num grande mutir\u00e3o para o enfrentamento desses problemas, desde suas causas at\u00e9 as suas consequencias, dada a gravidade da situa\u00e7\u00e3o e o n\u00famero de vidas humanas ceifadas. <\/p>\n<p>Para o crist\u00e3o, afora essa motiva\u00e7\u00e3o, existe a f\u00e9; n\u00f3s acreditamos no Deus da vida e sabemos que temos responsabilidades diante da pr\u00f3pria f\u00e9. A Campanha da Fraternidade 2011 visa despertar essa responsabilidade para que todos n\u00f3s, buscando ser fi\u00e9is cada vez mais ao Deus da vida e ao seu projeto de Pai, nos envolvamos no esfor\u00e7o para diminuir as causas do aquecimento global, gerador das mudan\u00e7as clim\u00e1ticas, e tamb\u00e9m ser solid\u00e1rios para com as v\u00edtimas das cat\u00e1strofes.<\/p>\n<p>A boa nova do 2\u00ba domingo da Quaresma nos d\u00e1 uma certeza: \u201capesar de tudo, permanece a esperan\u00e7a\u201d. No meio de tanta insensibilidade e fome de lucro, surgem muitas rea\u00e7oes e iniciativas em defesa da vida do planeta. \u201cO ser humano, feito por Deus com maestria, tamb\u00e9m \u00e9 capaz de corrgir o que ele mesmo estragou e pode se recolocar num caminho inteligente de respeito aos tesouros que Deus lhe connfiou\u201d . (Texto-base)<\/p>\n<p>S\u00e3o Le\u00e3o Magno nos ilumina com estas palavras: \u201csirva, portanto, a proclama\u00e7\u00e3o do santo Evangelho para confirmar a f\u00e9 de todos, e ningu\u00e9m se envergonhe da cruz de Cristo, pela qual o mundo foi redimido. Assim, que cumprindo os mandamentos ou suportando a adversidade, deve sempre ressoar aos nossos ouvidos a voz do Pai, que se fez ouvir, dizendo: Este \u00e9 o meu Filho amado, no qual pus todo o meu agrado. Escutai-o\u201d.<\/p>\n<p>&#8212;<br \/>\nDom Mauro Montagnoli<br \/>\nBispo Diocesano de Ilh\u00e9us<\/p>\n","protected":false},"excerpt":{"rendered":"<p>A transfigura\u00e7\u00e3o de Cristo nos sugere que, se escutarmos a palavra do Filho amado do Pai, seremos fortalecidos na decis\u00e3o de trabalhar por um mundo melhor. Atrav\u00e9s da escuta da Palavra, compreenderemos que Deus nos chama a ter as atitudes necess\u00e1rias para cuidar bem da vida, valorizando aquilo que contribui para o bem comum. A [&hellip;]<\/p>\n","protected":false},"author":2,"featured_media":0,"comment_status":"open","ping_status":"open","sticky":false,"template":"","format":"standard","meta":{"_links_to":"","_links_to_target":""},"categories":[17],"tags":[],"_links":{"self":[{"href":"https:\/\/www.r2cpress.com.br\/v1\/wp-json\/wp\/v2\/posts\/10628"}],"collection":[{"href":"https:\/\/www.r2cpress.com.br\/v1\/wp-json\/wp\/v2\/posts"}],"about":[{"href":"https:\/\/www.r2cpress.com.br\/v1\/wp-json\/wp\/v2\/types\/post"}],"author":[{"embeddable":true,"href":"https:\/\/www.r2cpress.com.br\/v1\/wp-json\/wp\/v2\/users\/2"}],"replies":[{"embeddable":true,"href":"https:\/\/www.r2cpress.com.br\/v1\/wp-json\/wp\/v2\/comments?post=10628"}],"version-history":[{"count":2,"href":"https:\/\/www.r2cpress.com.br\/v1\/wp-json\/wp\/v2\/posts\/10628\/revisions"}],"predecessor-version":[{"id":10630,"href":"https:\/\/www.r2cpress.com.br\/v1\/wp-json\/wp\/v2\/posts\/10628\/revisions\/10630"}],"wp:attachment":[{"href":"https:\/\/www.r2cpress.com.br\/v1\/wp-json\/wp\/v2\/media?parent=10628"}],"wp:term":[{"taxonomy":"category","embeddable":true,"href":"https:\/\/www.r2cpress.com.br\/v1\/wp-json\/wp\/v2\/categories?post=10628"},{"taxonomy":"post_tag","embeddable":true,"href":"https:\/\/www.r2cpress.com.br\/v1\/wp-json\/wp\/v2\/tags?post=10628"}],"curies":[{"name":"wp","href":"https:\/\/api.w.org\/{rel}","templated":true}]}}