{"id":106427,"date":"2017-01-28T11:32:50","date_gmt":"2017-01-28T14:32:50","guid":{"rendered":"http:\/\/www.r2cpress.com.br\/v1\/?p=106427"},"modified":"2017-01-28T11:32:50","modified_gmt":"2017-01-28T14:32:50","slug":"trumpecando","status":"publish","type":"post","link":"https:\/\/www.r2cpress.com.br\/v1\/2017\/01\/28\/trumpecando\/","title":{"rendered":"TRUMPE\u00c7ANDO"},"content":{"rendered":"<div id=\"messagebody\">\n<div class=\"message-htmlpart\">\n<div class=\"rcmBody\" dir=\"ltr\">\n<div id=\"divtagdefaultwrapper\" dir=\"ltr\">\n<div id=\"divtagdefaultwrapper\" dir=\"ltr\">\n<div id=\"divtagdefaultwrapper\" dir=\"ltr\">\n<p><img loading=\"lazy\" class=\"alignleft\" src=\"http:\/\/www.r2cpress.com.br\/v1\/wp-content\/uploads\/NILSON-PESSOA_MODIFICADA.jpg\" alt=\"\" width=\"300\" height=\"209\" \/>&#8220;Racista&#8221;, &#8220;ditador&#8221;, &#8220;machista&#8221;, &#8220;radical nacionalista&#8221;, &#8220;exc\u00eantrico&#8221;, &#8220;doido varrido&#8221;. N\u00e3o faltam qualificativos atribu\u00eddos ao cara.<\/p>\n<p>Eleito sob um sistema democr\u00e1tico de vota\u00e7\u00e3o confuso e esquisito\u00a0que, na pr\u00e1tica, nem parece ser o de uma\u00a0plena e absoluta democracia, Trump j\u00e1 come\u00e7ou o mandato dando trope\u00e7os e caminhando para tr\u00e1s, ao iniciar um processo de &#8220;fechamento&#8221; do pa\u00eds (l\u00e1 dele), como faria, por exemplo, um descompensado l\u00edder norte-coreano. Rapidinho, j\u00e1 usa a caneta para decretar aberra\u00e7\u00f5es, como faria qualquer ditador de republiqueta africana. Seus olhos brilham e transmitem uma baita disposi\u00e7\u00e3o (l\u00e1 dele) para exercitar sua indisfar\u00e7\u00e1vel xenofobia, tal e qual um famoso alem\u00e3o do s\u00e9culo passado. Tudo isso dentro do pa\u00eds mais rico, mais poderoso e mais influente nos des\u00edgnios do mundo.<\/p>\n<p>Feitos de vanguarda consolidados pelo seu antecessor Obama come\u00e7am a ser revogados e destru\u00eddos, num retrocesso intrigante que poder\u00e1 conturbar ainda mais as sempre conturbadas rela\u00e7\u00f5es internacionais do planeta e at\u00e9 culminar, quem sabe, numa crise interna s\u00f3cio-econ\u00f4mico-existencial (e existe?) que o Tio Sam jamais teria sentido na pele.<\/p>\n<div id=\"attachment_106428\" style=\"width: 610px\" class=\"wp-caption aligncenter\"><a href=\"http:\/\/www.r2cpress.com.br\/v1\/wp-content\/uploads\/2017\/01\/foto-internet.jpg\"><img aria-describedby=\"caption-attachment-106428\" loading=\"lazy\" class=\"size-full wp-image-106428\" src=\"http:\/\/www.r2cpress.com.br\/v1\/wp-content\/uploads\/2017\/01\/foto-internet.jpg\" alt=\"Foto \/ internet\" width=\"600\" height=\"334\" srcset=\"https:\/\/www.r2cpress.com.br\/v1\/wp-content\/uploads\/2017\/01\/foto-internet.jpg 600w, https:\/\/www.r2cpress.com.br\/v1\/wp-content\/uploads\/2017\/01\/foto-internet-300x167.jpg 300w\" sizes=\"(max-width: 600px) 100vw, 600px\" \/><\/a><p id=\"caption-attachment-106428\" class=\"wp-caption-text\">Foto \/ internet<\/p><\/div>\n<p>Donald por Donald, sou mais o pato.<\/p>\n<p><b><i>Nilson Pessoa<\/i><\/b><\/div>\n<\/div>\n<\/div>\n<\/div>\n<\/div>\n<\/div>\n","protected":false},"excerpt":{"rendered":"<p>&#8220;Racista&#8221;, &#8220;ditador&#8221;, &#8220;machista&#8221;, &#8220;radical nacionalista&#8221;, &#8220;exc\u00eantrico&#8221;, &#8220;doido varrido&#8221;. N\u00e3o faltam qualificativos atribu\u00eddos ao cara. Eleito sob um sistema democr\u00e1tico de vota\u00e7\u00e3o confuso e esquisito\u00a0que, na pr\u00e1tica, nem parece ser o de uma\u00a0plena e absoluta democracia, Trump j\u00e1 come\u00e7ou o mandato dando trope\u00e7os e caminhando para tr\u00e1s, ao iniciar um processo de &#8220;fechamento&#8221; do pa\u00eds (l\u00e1 [&hellip;]<\/p>\n","protected":false},"author":2,"featured_media":0,"comment_status":"open","ping_status":"open","sticky":false,"template":"","format":"standard","meta":{"_links_to":"","_links_to_target":""},"categories":[10],"tags":[],"_links":{"self":[{"href":"https:\/\/www.r2cpress.com.br\/v1\/wp-json\/wp\/v2\/posts\/106427"}],"collection":[{"href":"https:\/\/www.r2cpress.com.br\/v1\/wp-json\/wp\/v2\/posts"}],"about":[{"href":"https:\/\/www.r2cpress.com.br\/v1\/wp-json\/wp\/v2\/types\/post"}],"author":[{"embeddable":true,"href":"https:\/\/www.r2cpress.com.br\/v1\/wp-json\/wp\/v2\/users\/2"}],"replies":[{"embeddable":true,"href":"https:\/\/www.r2cpress.com.br\/v1\/wp-json\/wp\/v2\/comments?post=106427"}],"version-history":[{"count":2,"href":"https:\/\/www.r2cpress.com.br\/v1\/wp-json\/wp\/v2\/posts\/106427\/revisions"}],"predecessor-version":[{"id":106430,"href":"https:\/\/www.r2cpress.com.br\/v1\/wp-json\/wp\/v2\/posts\/106427\/revisions\/106430"}],"wp:attachment":[{"href":"https:\/\/www.r2cpress.com.br\/v1\/wp-json\/wp\/v2\/media?parent=106427"}],"wp:term":[{"taxonomy":"category","embeddable":true,"href":"https:\/\/www.r2cpress.com.br\/v1\/wp-json\/wp\/v2\/categories?post=106427"},{"taxonomy":"post_tag","embeddable":true,"href":"https:\/\/www.r2cpress.com.br\/v1\/wp-json\/wp\/v2\/tags?post=106427"}],"curies":[{"name":"wp","href":"https:\/\/api.w.org\/{rel}","templated":true}]}}