{"id":106513,"date":"2017-02-01T11:34:06","date_gmt":"2017-02-01T14:34:06","guid":{"rendered":"http:\/\/www.r2cpress.com.br\/v1\/?p=106513"},"modified":"2017-02-01T11:34:06","modified_gmt":"2017-02-01T14:34:06","slug":"democracia-participativa-em-um-estado-de-direito","status":"publish","type":"post","link":"https:\/\/www.r2cpress.com.br\/v1\/2017\/02\/01\/democracia-participativa-em-um-estado-de-direito\/","title":{"rendered":"DEMOCRACIA PARTICIPATIVA EM UM ESTADO DE DIREITO"},"content":{"rendered":"<p>Acabou-se o tempo, em que o cidad\u00e3o votava, e esperava que o leito, cumprisse e o seu papel de seu \u00a0representante, hoje o cidad\u00e3o detentor da titularidade dos seus direitos, \u00a0usa esse direito inalien\u00e1vel \u00e9 exercido atrav\u00e9s da sua participa\u00e7\u00e3o democr\u00e1tica.<\/p>\n<p>Obrigado amigo Rabat pela sua corajosa, publica\u00e7\u00e3o da minha indigna\u00e7\u00e3o, a respeito da n\u00e3o divulga\u00e7\u00e3o da reuni\u00e3o dos Conselhos, e entidade representativas da nossa comunidade. \u00c9 preciso que haja imprensa livre, para fazer o contradit\u00f3rio, se n\u00e3o, n\u00e3o haver\u00e1 democracia, em especial a necess\u00e1ria &#8220;Democracia Participativa&#8221;, que permite ao terceiro setor manifestar a sua opini\u00e3o, e a Secretaria de Comunica\u00e7\u00e3o da Prefeitura Municipal, que retardou a divulga\u00e7\u00e3o da reuni\u00e3o nas redes sociais, e, ap\u00f3s sua publica\u00e7\u00e3o no seu blog,, o fizeram com apenas uma foto apagada e e dif\u00edcil visualiza\u00e7\u00e3o, entre dezenas de outras \u00a0que foram tiradas pela equipe de fot\u00f3grafos presentes a reuni\u00e3o.. N\u00e3o publicaram os pronunciamentos do conselho, dos l\u00edderes comunit\u00e1rios e outras representa\u00e7\u00f5es presentes a reuni\u00e3o, como o representante da FEDERA\u00c7\u00c3O DOS CONSELHOS COMUNIT\u00c1RIOS DA BAHIA E PRESIDENTE DO CONSEG SUL Sr. CELSO DA SILVA. Enfim quero mais uma vez a gradecer penhoradamente a este BLOG livre e independente, pela nossa publica\u00e7\u00e3o e na condi\u00e7\u00e3o de lideran\u00e7a comunit\u00e1ria do bairro de Banco da Vit\u00f3ria, o mais antigo da cidade (400 ) anos de fundado, quero agradecer ao Prefeito MARIO AlEXANDrE, o apoio dispensado aos seguimentos comunit\u00e1rios, que se empenha para reativarem os Conselhos Comunit\u00e1rios do Centro e Norte da Cidade de Ilh\u00e9us.<br \/>\nA comunidade n\u00e3o mais aceita que grupos, oligarquias pol\u00edticas e econ\u00f4micos\u00a0\u00a0fa\u00e7am este\u00a0Governo ref\u00e9m dos seus interesses particulares. se ama sua cidade vai juntar for\u00e7as e n\u00e3o inviabilizar o governo rec\u00e9m eleito com esmagadora maioria da popula\u00e7\u00e3o ilheense. que clamou por mudan\u00e7as no imperialismo passado<br \/>\nObrigado mais uma vez a RABAT pela compet\u00eancia e lisura<\/p>\n<p>ARNALDO ALVES DE ABREU -TITI<br \/>\nL\u00cdDER COMUNIT\u00c1RIO.<\/p>\n","protected":false},"excerpt":{"rendered":"<p>Acabou-se o tempo, em que o cidad\u00e3o votava, e esperava que o leito, cumprisse e o seu papel de seu \u00a0representante, hoje o cidad\u00e3o detentor da titularidade dos seus direitos, \u00a0usa esse direito inalien\u00e1vel \u00e9 exercido atrav\u00e9s da sua participa\u00e7\u00e3o democr\u00e1tica. Obrigado amigo Rabat pela sua corajosa, publica\u00e7\u00e3o da minha indigna\u00e7\u00e3o, a respeito da n\u00e3o [&hellip;]<\/p>\n","protected":false},"author":2,"featured_media":0,"comment_status":"open","ping_status":"open","sticky":false,"template":"","format":"standard","meta":{"_links_to":"","_links_to_target":""},"categories":[10],"tags":[],"_links":{"self":[{"href":"https:\/\/www.r2cpress.com.br\/v1\/wp-json\/wp\/v2\/posts\/106513"}],"collection":[{"href":"https:\/\/www.r2cpress.com.br\/v1\/wp-json\/wp\/v2\/posts"}],"about":[{"href":"https:\/\/www.r2cpress.com.br\/v1\/wp-json\/wp\/v2\/types\/post"}],"author":[{"embeddable":true,"href":"https:\/\/www.r2cpress.com.br\/v1\/wp-json\/wp\/v2\/users\/2"}],"replies":[{"embeddable":true,"href":"https:\/\/www.r2cpress.com.br\/v1\/wp-json\/wp\/v2\/comments?post=106513"}],"version-history":[{"count":1,"href":"https:\/\/www.r2cpress.com.br\/v1\/wp-json\/wp\/v2\/posts\/106513\/revisions"}],"predecessor-version":[{"id":106514,"href":"https:\/\/www.r2cpress.com.br\/v1\/wp-json\/wp\/v2\/posts\/106513\/revisions\/106514"}],"wp:attachment":[{"href":"https:\/\/www.r2cpress.com.br\/v1\/wp-json\/wp\/v2\/media?parent=106513"}],"wp:term":[{"taxonomy":"category","embeddable":true,"href":"https:\/\/www.r2cpress.com.br\/v1\/wp-json\/wp\/v2\/categories?post=106513"},{"taxonomy":"post_tag","embeddable":true,"href":"https:\/\/www.r2cpress.com.br\/v1\/wp-json\/wp\/v2\/tags?post=106513"}],"curies":[{"name":"wp","href":"https:\/\/api.w.org\/{rel}","templated":true}]}}