{"id":106517,"date":"2017-02-01T13:51:31","date_gmt":"2017-02-01T16:51:31","guid":{"rendered":"http:\/\/www.r2cpress.com.br\/v1\/?p=106517"},"modified":"2017-02-01T13:51:31","modified_gmt":"2017-02-01T16:51:31","slug":"ta-limpo-por-enquanto","status":"publish","type":"post","link":"https:\/\/www.r2cpress.com.br\/v1\/2017\/02\/01\/ta-limpo-por-enquanto\/","title":{"rendered":"T\u00c1 LIMPO (POR ENQUANTO)"},"content":{"rendered":"<p><img loading=\"lazy\" class=\"alignleft\" src=\"http:\/\/www.r2cpress.com.br\/v1\/wp-content\/uploads\/NILSON-PESSOA_MODIFICADA.jpg\" alt=\"\" width=\"300\" height=\"209\" \/>J\u00e1 n\u00e3o era sem tempo. Foram retiradas toneladas de lixo acumulado no lix\u00e3o ao lado do CAIC Hernani S\u00e1, lix\u00e3o tamb\u00e9m conhecido como &#8220;A Vergonha de Ilh\u00e9us&#8221;.<br \/>\nMoradores do entorno estavam vivendo mais um pico de ver\u00e3o, com suas casas infestadas de moscas e a via quase totalmente obstru\u00edda pelo lixo. Isso sem falar na presen\u00e7a acentuada de urubus, ratos, cobras (atra\u00eddas pelos ratos), al\u00e9m do risco maior de dengue, zika, chicungunha e uma infinidade de outras doen\u00e7as.<br \/>\nFrustrante seria ver repetida, mais uma vez, a novela dos \u00faltimos 20 anos; o tradicional ciclo &#8220;acumulou-limpou-sujou-acumulou&#8221;, sem se aplicar solu\u00e7\u00e3o definitiva a essa grave quest\u00e3o de sa\u00fade p\u00fablica, vizinha dum col\u00e9gio e incrustada numa \u00e1rea residencial. Quero crer que a atual gest\u00e3o municipal dedicar\u00e1 melhor aten\u00e7\u00e3o ao assunto.<br \/>\nO propriet\u00e1rio do terreno, at\u00e9 que enfim, deu uma chance ao bom senso e iniciou a constru\u00e7\u00e3o do muro. A\u00ed o povo, como era de se esperar, resolveu descartar na via p\u00fablica tudo que descartava antes no terreno e na pr\u00f3pria via p\u00fablica. S\u00f3 n\u00e3o obstru\u00edram totalmente a via com lixo e entulho porque deixariam de ter acesso para descartar mais. Para essa esperteza os poluidores s\u00e3o organizados e inteligentes.<br \/>\nEnfim, caber\u00e1 ao Munic\u00edpio urbanizar o local com pavimento, meio-fio, ilumina\u00e7\u00e3o e, na sequ\u00eancia, campanhas de conscientiza\u00e7\u00e3o, fiscaliza\u00e7\u00e3o e duras san\u00e7\u00f5es aos infratores remanescentes. A\u00ed, sim, poder\u00edamos sonhar com o fim do absurdo que \u00e9 esse maldito e hist\u00f3rico lix\u00e3o.<\/p>\n<div id=\"attachment_106518\" style=\"width: 610px\" class=\"wp-caption aligncenter\"><a href=\"http:\/\/www.r2cpress.com.br\/v1\/wp-content\/uploads\/2017\/02\/Poucos-dias-atr\u00e1s..jpg\"><img aria-describedby=\"caption-attachment-106518\" loading=\"lazy\" class=\"size-full wp-image-106518\" src=\"http:\/\/www.r2cpress.com.br\/v1\/wp-content\/uploads\/2017\/02\/Poucos-dias-atr\u00e1s..jpg\" alt=\"Poucos dias atr\u00e1s.\" width=\"600\" height=\"450\" srcset=\"https:\/\/www.r2cpress.com.br\/v1\/wp-content\/uploads\/2017\/02\/Poucos-dias-atr\u00e1s..jpg 600w, https:\/\/www.r2cpress.com.br\/v1\/wp-content\/uploads\/2017\/02\/Poucos-dias-atr\u00e1s.-300x225.jpg 300w\" sizes=\"(max-width: 600px) 100vw, 600px\" \/><\/a><p id=\"caption-attachment-106518\" class=\"wp-caption-text\">Poucos dias atr\u00e1s.<\/p><\/div>\n<div id=\"attachment_106519\" style=\"width: 610px\" class=\"wp-caption aligncenter\"><a href=\"http:\/\/www.r2cpress.com.br\/v1\/wp-content\/uploads\/2017\/02\/Hoje..jpg\"><img aria-describedby=\"caption-attachment-106519\" loading=\"lazy\" class=\"size-full wp-image-106519\" src=\"http:\/\/www.r2cpress.com.br\/v1\/wp-content\/uploads\/2017\/02\/Hoje..jpg\" alt=\"Hoje\" width=\"600\" height=\"450\" srcset=\"https:\/\/www.r2cpress.com.br\/v1\/wp-content\/uploads\/2017\/02\/Hoje..jpg 600w, https:\/\/www.r2cpress.com.br\/v1\/wp-content\/uploads\/2017\/02\/Hoje.-300x225.jpg 300w\" sizes=\"(max-width: 600px) 100vw, 600px\" \/><\/a><p id=\"caption-attachment-106519\" class=\"wp-caption-text\">Hoje<\/p><\/div>\n<p><b><i>Nilson Pessoa<\/i><\/b><\/p>\n","protected":false},"excerpt":{"rendered":"<p>J\u00e1 n\u00e3o era sem tempo. Foram retiradas toneladas de lixo acumulado no lix\u00e3o ao lado do CAIC Hernani S\u00e1, lix\u00e3o tamb\u00e9m conhecido como &#8220;A Vergonha de Ilh\u00e9us&#8221;. Moradores do entorno estavam vivendo mais um pico de ver\u00e3o, com suas casas infestadas de moscas e a via quase totalmente obstru\u00edda pelo lixo. Isso sem falar na [&hellip;]<\/p>\n","protected":false},"author":2,"featured_media":0,"comment_status":"open","ping_status":"open","sticky":false,"template":"","format":"standard","meta":{"_links_to":"","_links_to_target":""},"categories":[10],"tags":[],"_links":{"self":[{"href":"https:\/\/www.r2cpress.com.br\/v1\/wp-json\/wp\/v2\/posts\/106517"}],"collection":[{"href":"https:\/\/www.r2cpress.com.br\/v1\/wp-json\/wp\/v2\/posts"}],"about":[{"href":"https:\/\/www.r2cpress.com.br\/v1\/wp-json\/wp\/v2\/types\/post"}],"author":[{"embeddable":true,"href":"https:\/\/www.r2cpress.com.br\/v1\/wp-json\/wp\/v2\/users\/2"}],"replies":[{"embeddable":true,"href":"https:\/\/www.r2cpress.com.br\/v1\/wp-json\/wp\/v2\/comments?post=106517"}],"version-history":[{"count":1,"href":"https:\/\/www.r2cpress.com.br\/v1\/wp-json\/wp\/v2\/posts\/106517\/revisions"}],"predecessor-version":[{"id":106520,"href":"https:\/\/www.r2cpress.com.br\/v1\/wp-json\/wp\/v2\/posts\/106517\/revisions\/106520"}],"wp:attachment":[{"href":"https:\/\/www.r2cpress.com.br\/v1\/wp-json\/wp\/v2\/media?parent=106517"}],"wp:term":[{"taxonomy":"category","embeddable":true,"href":"https:\/\/www.r2cpress.com.br\/v1\/wp-json\/wp\/v2\/categories?post=106517"},{"taxonomy":"post_tag","embeddable":true,"href":"https:\/\/www.r2cpress.com.br\/v1\/wp-json\/wp\/v2\/tags?post=106517"}],"curies":[{"name":"wp","href":"https:\/\/api.w.org\/{rel}","templated":true}]}}