{"id":106530,"date":"2017-02-01T18:21:04","date_gmt":"2017-02-01T21:21:04","guid":{"rendered":"http:\/\/www.r2cpress.com.br\/v1\/?p=106530"},"modified":"2017-02-01T18:21:04","modified_gmt":"2017-02-01T21:21:04","slug":"algumas-do-dia-23","status":"publish","type":"post","link":"https:\/\/www.r2cpress.com.br\/v1\/2017\/02\/01\/algumas-do-dia-23\/","title":{"rendered":"Algumas do dia"},"content":{"rendered":"<h2><span style=\"color: #000000;\"><strong>Cadastro para receber alertas da Defesa Civil por SMS come\u00e7a nesta quarta (1\u00ba)<\/strong><\/span><\/h2>\n<p>Moradores de 20 munic\u00edpios de Santa Catarina j\u00e1 podem se cadastrar para receber alertas da Defesa Civil sobre riscos de desastres naturais por SMS. As notifica\u00e7\u00f5es devem come\u00e7ar a ser enviadas em 7 de fevereiro. Os interessados em receber as mensagens\u00a0devem enviar um SMS para o n\u00famero 40199 com o C\u00f3digo de Endere\u00e7amento Postal (CEP) de interesse. O usu\u00e1rio receber\u00e1 ent\u00e3o uma mensagem informando que o celular est\u00e1 apto a receber os alertas. Tamb\u00e9m ser\u00e1 poss\u00edvel cancelar o servi\u00e7o por mensagem de celular. N\u00e3o h\u00e1 custo para receber, nem enviar as mensagens.<\/p>\n<p style=\"text-align: right;\"><strong>\u00a0<a href=\"http:\/\/www.brasil.gov.br\/defesa-e-seguranca\/2017\/01\/cadastro-para-receber-alertas-da-defesa-civil-por-sms-comeca-nesta-quarta-1o\">LEIA MAIS<\/a><\/strong><\/p>\n<h2><span style=\"color: #000000;\"><strong>Censo abre sistema online para coletar dados de 2016<\/strong><\/span><\/h2>\n<p><span style=\"color: #000000;\">As institui\u00e7\u00f5es de educa\u00e7\u00e3o superior de todo o Pa\u00eds, p\u00fablicas e particulares, devem preencher on-line os dados do Censo da Educa\u00e7\u00e3o Superior 2016. O prazo, aberto nesta quarta-feira, 1\u00ba de fevereiro, vai at\u00e9 7 de abril para as institui\u00e7\u00f5es federais e at\u00e9 20 do mesmo m\u00eas para as demais. Ap\u00f3s a divulga\u00e7\u00e3o oficial dos dados consolidados do Censo, as informa\u00e7\u00f5es prestadas pelas institui\u00e7\u00f5es passam a figurar como estat\u00edstica oficial da educa\u00e7\u00e3o superior. N\u00e3o ser\u00e1 poss\u00edvel fazer inclus\u00e3o, exclus\u00e3o ou altera\u00e7\u00e3o nesses dados. As institui\u00e7\u00f5es devem <a style=\"color: #000000;\" href=\"http:\/\/sistemascensosuperior.inep.gov.br\/censosuperior_2016\/\">preencher os dados no Sistema Censup 2016<\/a>.<\/span><\/p>\n<p style=\"text-align: right;\"><strong>\u00a0<a href=\"http:\/\/portal.mec.gov.br\/component\/content\/article?id=44701\">LEIA MAIS<\/a><\/strong><\/p>\n<h2><span style=\"color: #000000;\"><strong>Receita passa a exigir CPF de dependentes acima de 12 anos no Imposto de Renda<\/strong><\/span><\/h2>\n<p>A partir deste ano, os contribuintes que desejarem incluir\u00a0dependentes com\u00a012 anos ou mais\u00a0na declara\u00e7\u00e3o do Imposto de Renda de 2017 dever\u00e3o registr\u00e1-los\u00a0no Cadastro de Pessoas F\u00edsicas (CPF).\u00a0A Instru\u00e7\u00e3o Normativa da Receita Federal\u00a0foi publicada\u00a0nesta quarta-feira (1\u00ba) no Di\u00e1rio Oficial da Uni\u00e3o. At\u00e9\u00a0ent\u00e3o, a obrigatoriedade valia somente para dependentes com 14 anos ou\u00a0mais.<\/p>\n<p style=\"text-align: right;\"><strong>\u00a0<a href=\"http:\/\/www.brasil.gov.br\/economia-e-emprego\/2017\/02\/receita-passa-a-exigir-cpf-de-dependentes-acima-de-12-anos-no-imposto-de-renda\">LEIA MAIS<\/a><\/strong><\/p>\n<h2><span style=\"color: #000000;\"><strong>Brasil e Col\u00f4mbia firmam acordo de combate ao narcotr\u00e1fico na fronteira<\/strong><\/span><\/h2>\n<p>Os ministros da Defesa do Brasil, Raul Jungmann, e da Col\u00f4mbia, Lu\u00eds Carlos Villegas, firmaram acordo, na \u00faltima ter\u00e7a-feira (31), em Manaus (AM), para combater a\u00e7\u00f5es de quadrilhas que atuam entre os dois pa\u00edses. As autoridades informaram que haver\u00e1 refor\u00e7o nos 1,4 mil km de fronteira, para n\u00e3o permitir que dissidentes das For\u00e7as Armadas Revolucion\u00e1rias da Col\u00f4mbia (Farc) ajam na regi\u00e3o. Segundo os ministros, os dois pa\u00edses v\u00e3o implantar mecanismos de coopera\u00e7\u00e3o e combate aos crimes transfronteiri\u00e7os, bem como o apoio das For\u00e7as Armadas brasileiras no processo de desminagem de parte do territ\u00f3rio colombiano.<\/p>\n<p style=\"text-align: right;\"><strong>\u00a0<a href=\"http:\/\/www.brasil.gov.br\/defesa-e-seguranca\/2017\/02\/brasil-e-colombia-firmam-acordo-de-combate-ao-narcotrafico-na-fronteira\">LEIA MAIS<\/a><\/strong><\/p>\n<h2><span style=\"color: #000000;\"><strong>Produ\u00e7\u00e3o industrial registra alta de 2,3%\u00a0<\/strong><strong>em dezembro de 2016<\/strong><\/span><\/h2>\n<p><span style=\"color: #000000;\">Em dezembro do ano passado, a produ\u00e7\u00e3o industrial nacional aumentou 2,3% em rela\u00e7\u00e3o ao m\u00eas anterior. Foi a segunda vez consecutiva em que o \u00edndice foi positivo, acumulando crescimento de 2,6% nos dois \u00faltimos meses do ano. Acesse <a style=\"color: #000000;\" href=\"http:\/\/www.ibge.gov.br\/home\/estatistica\/indicadores\/industria\/pimpf\/br\/default.shtm\">aqui<\/a> a pesquisa completa. Entre novembro e dezembro de 2016, tr\u00eas das quatro grandes categorias econ\u00f4micas e 16 dos 24 ramos pesquisados apresentaram taxas positivas. Entre os setores, o destaque foi o de ve\u00edculos automotores, reboques e carrocerias, com alta de 10,8% que intensificou o \u00edndice do m\u00eas anterior, de 6,9%. O resultado para esse segmento foi o maior desde junho de 2016, quando houve alta de 11,7%.<\/span><\/p>\n<p style=\"text-align: right;\"><strong>\u00a0<a href=\"http:\/\/www.brasil.gov.br\/economia-e-emprego\/2017\/01\/producao-industrial-registra-alta-de-2-3-em-dezembro-de-2016\">LEIA MAIS<\/a><\/strong><\/p>\n<p style=\"text-align: right;\">\n","protected":false},"excerpt":{"rendered":"<p>Cadastro para receber alertas da Defesa Civil por SMS come\u00e7a nesta quarta (1\u00ba) Moradores de 20 munic\u00edpios de Santa Catarina j\u00e1 podem se cadastrar para receber alertas da Defesa Civil sobre riscos de desastres naturais por SMS. As notifica\u00e7\u00f5es devem come\u00e7ar a ser enviadas em 7 de fevereiro. Os interessados em receber as mensagens\u00a0devem enviar [&hellip;]<\/p>\n","protected":false},"author":2,"featured_media":0,"comment_status":"open","ping_status":"open","sticky":false,"template":"","format":"standard","meta":{"_links_to":"","_links_to_target":""},"categories":[18],"tags":[],"_links":{"self":[{"href":"https:\/\/www.r2cpress.com.br\/v1\/wp-json\/wp\/v2\/posts\/106530"}],"collection":[{"href":"https:\/\/www.r2cpress.com.br\/v1\/wp-json\/wp\/v2\/posts"}],"about":[{"href":"https:\/\/www.r2cpress.com.br\/v1\/wp-json\/wp\/v2\/types\/post"}],"author":[{"embeddable":true,"href":"https:\/\/www.r2cpress.com.br\/v1\/wp-json\/wp\/v2\/users\/2"}],"replies":[{"embeddable":true,"href":"https:\/\/www.r2cpress.com.br\/v1\/wp-json\/wp\/v2\/comments?post=106530"}],"version-history":[{"count":3,"href":"https:\/\/www.r2cpress.com.br\/v1\/wp-json\/wp\/v2\/posts\/106530\/revisions"}],"predecessor-version":[{"id":106533,"href":"https:\/\/www.r2cpress.com.br\/v1\/wp-json\/wp\/v2\/posts\/106530\/revisions\/106533"}],"wp:attachment":[{"href":"https:\/\/www.r2cpress.com.br\/v1\/wp-json\/wp\/v2\/media?parent=106530"}],"wp:term":[{"taxonomy":"category","embeddable":true,"href":"https:\/\/www.r2cpress.com.br\/v1\/wp-json\/wp\/v2\/categories?post=106530"},{"taxonomy":"post_tag","embeddable":true,"href":"https:\/\/www.r2cpress.com.br\/v1\/wp-json\/wp\/v2\/tags?post=106530"}],"curies":[{"name":"wp","href":"https:\/\/api.w.org\/{rel}","templated":true}]}}