{"id":106534,"date":"2017-02-01T18:35:35","date_gmt":"2017-02-01T21:35:35","guid":{"rendered":"http:\/\/www.r2cpress.com.br\/v1\/?p=106534"},"modified":"2017-02-01T18:35:35","modified_gmt":"2017-02-01T21:35:35","slug":"rui-entrega-obras-de-saneamento-basico-em-ipiau-e-licinio-de-almeida","status":"publish","type":"post","link":"https:\/\/www.r2cpress.com.br\/v1\/2017\/02\/01\/rui-entrega-obras-de-saneamento-basico-em-ipiau-e-licinio-de-almeida\/","title":{"rendered":"Rui entrega obras de saneamento b\u00e1sico em Ipia\u00fa e Lic\u00ednio de Almeida"},"content":{"rendered":"<p>Nesta sexta-feira (03), na regi\u00e3o do Sul baiano, no munic\u00edpio de Ipia\u00fa, o governador Rui inaugura o sistema de esgotamento sanit\u00e1rio e entrega m\u00e1quina motoniveladora e uma ca\u00e7amba \u00e0 Prefeitura de Ipia\u00fa. O evento acontece, \u00e0s 9h30, com a presen\u00e7a de outras autoridades.<\/p>\n<p>J\u00e1 no s\u00e1bado (04), em Lic\u00ednio de Almeida, Rui inaugura o sistema integrado de abastecimento de \u00e1gua na localidade de Tauape e o sistema simplificado de abastecimento de \u00e1gua para a localidade de Cov\u00e3o. Al\u00e9m de assinar ordem de servi\u00e7o para in\u00edcio das obras de reforma do Est\u00e1dio Municipal e inaugurar a Unidade de Sa\u00fade da Fam\u00edlia no Bairro Jurema.<\/p>\n<p>&nbsp;<\/p>\n","protected":false},"excerpt":{"rendered":"<p>Nesta sexta-feira (03), na regi\u00e3o do Sul baiano, no munic\u00edpio de Ipia\u00fa, o governador Rui inaugura o sistema de esgotamento sanit\u00e1rio e entrega m\u00e1quina motoniveladora e uma ca\u00e7amba \u00e0 Prefeitura de Ipia\u00fa. O evento acontece, \u00e0s 9h30, com a presen\u00e7a de outras autoridades. J\u00e1 no s\u00e1bado (04), em Lic\u00ednio de Almeida, Rui inaugura o sistema [&hellip;]<\/p>\n","protected":false},"author":2,"featured_media":0,"comment_status":"open","ping_status":"open","sticky":false,"template":"","format":"standard","meta":{"_links_to":"","_links_to_target":""},"categories":[29],"tags":[],"_links":{"self":[{"href":"https:\/\/www.r2cpress.com.br\/v1\/wp-json\/wp\/v2\/posts\/106534"}],"collection":[{"href":"https:\/\/www.r2cpress.com.br\/v1\/wp-json\/wp\/v2\/posts"}],"about":[{"href":"https:\/\/www.r2cpress.com.br\/v1\/wp-json\/wp\/v2\/types\/post"}],"author":[{"embeddable":true,"href":"https:\/\/www.r2cpress.com.br\/v1\/wp-json\/wp\/v2\/users\/2"}],"replies":[{"embeddable":true,"href":"https:\/\/www.r2cpress.com.br\/v1\/wp-json\/wp\/v2\/comments?post=106534"}],"version-history":[{"count":1,"href":"https:\/\/www.r2cpress.com.br\/v1\/wp-json\/wp\/v2\/posts\/106534\/revisions"}],"predecessor-version":[{"id":106535,"href":"https:\/\/www.r2cpress.com.br\/v1\/wp-json\/wp\/v2\/posts\/106534\/revisions\/106535"}],"wp:attachment":[{"href":"https:\/\/www.r2cpress.com.br\/v1\/wp-json\/wp\/v2\/media?parent=106534"}],"wp:term":[{"taxonomy":"category","embeddable":true,"href":"https:\/\/www.r2cpress.com.br\/v1\/wp-json\/wp\/v2\/categories?post=106534"},{"taxonomy":"post_tag","embeddable":true,"href":"https:\/\/www.r2cpress.com.br\/v1\/wp-json\/wp\/v2\/tags?post=106534"}],"curies":[{"name":"wp","href":"https:\/\/api.w.org\/{rel}","templated":true}]}}