{"id":106564,"date":"2017-02-03T20:00:35","date_gmt":"2017-02-03T23:00:35","guid":{"rendered":"http:\/\/www.r2cpress.com.br\/v1\/?p=106564"},"modified":"2017-02-02T22:43:34","modified_gmt":"2017-02-03T01:43:34","slug":"do-fundo-do-bau-de-jose-leite-272","status":"publish","type":"post","link":"https:\/\/www.r2cpress.com.br\/v1\/2017\/02\/03\/do-fundo-do-bau-de-jose-leite-272\/","title":{"rendered":"DO FUNDO DO BA\u00da DE JOS\u00c9 LEITE."},"content":{"rendered":"<p><center><img loading=\"lazy\" src=\"http:\/\/www.r2cpress.com.br\/v1\/wp-content\/uploads\/Novo-visual-do-Bau_400L21.jpg\" width=\"400\" height=\"320\" class=\"aligncenter\" \/><br \/>\n<strong>1)\tHOMENS QUE AJUDARAM A CIDADE DE ILH\u00c9US A CRESCER.<br \/>\n2)\tO ANIVERS\u00c1RIO DE MICHAEL KARAM.<br \/>\n3)\tAS FOTOS DESTAQUES DA SEMANA.<\/strong><\/center><\/p>\n<p><!--more--><\/p>\n<p><b><center>*************************************************************************<\/center><\/b><\/p>\n<p><b><center> 1) HOMENS QUE AJUDARAM A CIDADE DE ILH\u00c9US A CRESCER. <\/center><\/b><\/p>\n<div style=\"width: 499px\" class=\"wp-caption aligncenter\"><img loading=\"lazy\" src=\"https:\/\/lh3.googleusercontent.com\/FJvysCQF8tjzSQU7VItegSMVlCoXz-Cp-ISPFn35CQ17EC8Mo3P9SpRc0EVReDmaVwgm0rKdq0ykkfMC7RJYW2WEkC6Ol1JGeNAIN_IjXzPlLtTxN3IEPFJ7BWffxrUsCXREP0AyXYXSE6ju2ixUoxsYHI_hITYJstfpM2wgiGhjICL22ROT-lfYn6LyU_urzPaQQ2Z2FTytXgnvUKZXVzleNIUJRMXDj6XaK9ZhBiHHmQxXloWDSuStpbaRR_TwSE4TAbvHA5NOBmJy4WiG4KN1rZm9waSkfFD86ie6VWwpsxlXzmda1RBDfy9WcY4LE5Flp4Euyx2kEG16ITmBQxwmXBKS2uuGSaReJLADwlamuw4EfH1Nj5VkGPAnqjBbrFKmmhEr_KjSLBGHXyvd_1duKQeaqnF21bSO5OpE61ea-1WsYv2aUkoxc0QOnYCPWrIdNWySdEA29VfawP5Hw7TIvkiFvGTNVvwrOHSs7dIRuN_99M7TpsJiRmr5VPn4mJbyOiclwuzerpnI4WuL-fFthIcZ27pSfbUyH_EAqUSp_vlZD4bijUlhH3STnVrA61E6u08cZK_9msxCU4cS-Sf8UldKVXnHPiq3Z7hDlo0m_iyPCf5S6A=w489-h500-no\" width=\"489\" height=\"500\" class \/><p class=\"wp-caption-text\"><i>\u00c1LVARO MELO VIEIRA foi Prefeito de ILH\u00c9US em 1946\/1947. Como Prefeito sua gest\u00e3o foi curta, mas como Presidente da ASSOCIA\u00c7\u00c3O COMERCIAL DE ILH\u00c9US foi a maior de todas, de 1944 a 1970. <\/i><\/p><\/div>\n<div style=\"width: 351px\" class=\"wp-caption aligncenter\"><img loading=\"lazy\" src=\"https:\/\/lh3.googleusercontent.com\/ei5_kYp7GxVJMiM1EWcb_5_AeBcbbYcPKtEsAYEAW3g6vV24M6Skcm1ss9Xbogoo-Qg9bHUScnBCtR3rnsuOLoHMv8AKisrjSyfXMjPHRduKexdi9dfRppxc_Xi7hD1WNtCn-wot5FJt6qXLf9WfyhAAXfNoQXmTzgGrQl5DuesrKu8_T4mzceiv4M9gPV1b1x8CuWerfT5sriqsOAC3RRWnALlLAdwXb7Zm77vQIMMOgOjn4WR1ur_2JtpqY-N_j9cCN6aMi6WgClCnnQkctT3wWsaNmLoVIeO2vs_QM1Z8SXPmdYdlaZVQbCxTdP8g_oRN5uSbtAGLmsrxqcyJcVegMTW66ctM8DF5PpeiZ-1u5P9usneUOZioIDp0df-39roYmI9xUsIlIiFyTANZxD7oMJYW-6X3Q9NiWQroxeSFtIm006CfCf0R18kiXnPQDtVj1vZFG67SBrZNskPQEAjGV1MQLGJoB6tCKN5IvwoZ_NBI0GcE5dYNAQgF2htcJienx_uVmYmJQm26LN_eIoJVvOa7BUstHJOD64f7N4u7D1giyZRZYH8sfQc9azJLjwXvh3kuyihe1QBmKPg7anHNIgUSStokbKW7ZFdbpWOlUI9ply9B5w=w341-h500-no\" width=\"341\" height=\"500\" class \/><p class=\"wp-caption-text\"><i>DEMOSTENES BERBERT DE CASTRO, foi Vereador, Secret\u00e1rio de Turismo do Munic\u00edpio e um grande batalhador em benef\u00edcio de ILH\u00c9US, principalmente pela Constru\u00e7\u00e3o da Primeira PONTE ILH\u00c9US\/PONTAL e o PORTO DE ILH\u00c9US. <\/i><\/p><\/div>\n<div style=\"width: 510px\" class=\"wp-caption aligncenter\"><img loading=\"lazy\" src=\"https:\/\/lh3.googleusercontent.com\/pvM25Rc3qnPm1MWldeThN7YtxTXjn9jRNoXz0F6N8aJXtJw0g_38yEspv65bdd8YtNS3hj9SRC2ADoLdMh7f6QCuG3A6Jux0gSgqRBvmnYYUIwlc4jlDgY-FVfAXebGu1Pgcbe4Au-XnKIBRN64c97wiCRWL6Fh8CdDtYM_ciJ38bk4saUrZY9dWPRj9XICXKpz0SYUmyJ0CWHn96pv5ukGdBXlEPrw5m-T2X-I20yq7jh3wmVu5Um63BU-zI2UUuKFdmYct4Ti7k3TrYlofHl9gqBqY8qrZ_CpMjVClg1S-rPbzsUZcQkvg7_AqD2JmvhS6lk6o_9uIgKxPOv56vdOfM0j-GxTFQKgTRaUgY5XO637FXs6EtYZxn3NiLgm-pL7hzMZY9izF-6d8DlLLOANV2DR6xuoLP-H8iMspeRz-2Xi5k8iVb6PkL1pQvVxynBnpP0sbCRKMsGPVOibnZ9-KsJ2zXQ--3bZ8m7ZbJiZt6apvvSUc0qQRNXI1kmBToa5YpxUxEAsA2Psppa4tF0l7Z2KulWGOIOwxrwXqmoB7yAHUMstFyuF7ziGbZ9gmeHTGh6lMvIUPYfUCv-yEYal50gCtakUQLWBG4XjBQagztfCxoOQTHg=w500-h496-no\" width=\"500\" height=\"496\" class \/><p class=\"wp-caption-text\"><i>Dr. ARISTON CARDOSO, foi Vereador e Prefeito na gest\u00e3o 1973\/1977. Foi Presidente da OAB (subse\u00e7\u00e3o de ILH\u00c9US), da ACADEMIA DE LETRAS DE ILH\u00c9US e Vener\u00e1vel da LOJA MA\u00c7\u00d4NICA REGENERA\u00c7\u00c3O SUL BAIANA. <\/i><\/p><\/div>\n<p>\t<b><center> 2) O ANIVERS\u00c1RIO DE MICHEL KARAM. <\/center><\/b><\/p>\n<p>O saudoso MICHEL KARAM era liban\u00eas e residiu em ILH\u00c9US por mais de 50 anos. SEU MICHEL, como era conhecido, era um homem elegante, cort\u00eas e educado. Alguns amigos o comparavam com um NOBRE INGL\u00caS pelo jeito de falar e de andar. Na data do seu anivers\u00e1rio, MICHEL KARAM convidava a fina Sociedade Ilheense para estar presente. JOS\u00c9 LEITE se lembra sempre de SEU MICHEL, porque foi dele que JOS\u00c9 LEITE adquiriu o carro LANDAU 1977. MICHEL KARAM faleceu em 25-09-2000.<\/p>\n<div style=\"width: 579px\" class=\"wp-caption aligncenter\"><img loading=\"lazy\" src=\"https:\/\/lh3.googleusercontent.com\/JtBUDyPhTAU-jizeFiZYXIsb83k3chvPX2D4PuBRGvN-Nznnlj6mTkXbLFrR58BMMzGeiElOW1sLCBXDKQM65P5XWSd8mffaBKuJpYce28vNxlHszuWvpqdbXV8BKawpMCt6ISfFa0kiCT2B6EgBJJGGaXCq4ENcWbkxdBGP4AjHXkKOXO0tgGAhKvMLWHY3iuUcVBIjXl_3iL89RU5NPdZXQw0v2g2X_F646g_J2plQuhTDZ-ial49IRsVUe_i_dVM9K-s5yL8825BtJ_t6cGqNNI0abCikyn6rjZCATeOrMf42FG8k0Xq2rmBtb97oFtk9UmrXvpgbCGdIic4Ht5-oEOSFdq0f6WzmqZWf0ujwgBrBd1gJwMlaOQwQkAvTf4ra476_cC1LAaGoXwOIHHm3vbdfIEh_ocDVKUnQrkRANGsMsL8SRztmulb9tXbD4FDMPVFKeMHjO9lGRw_xm1q2Zm8SJEyhMqO_NjqZJqEZK3Q5eEoiDnkXGEIzpxqRHl4nFVZJNJlkvg79wDuS9H3zQXrACNMUkZdAbd2BIamAzRNqUvaRvnBPniL3ibSiI7Zz4qWGOh7JYczodCblh-W7s6H1KnwmSyNoUbmIWklwtK0Y0oLm3g=w569-h388-no\" width=\"569\" height=\"388\" class \/><p class=\"wp-caption-text\"><i>Na foto o Senhor MICHEL KARAM e sua esposa Dona ELISA KARAM. <\/i><\/p><\/div>\n<div style=\"width: 610px\" class=\"wp-caption aligncenter\"><img loading=\"lazy\" src=\"https:\/\/lh3.googleusercontent.com\/-xH3yfvtmC3i3j2PoHHmKRGmZA9hQ7U9QTcPENtf0jthruGrhNdzaVXWYDA1jvPbXTyFMaXN0tTNVzEVZB8giXm1vCItfTfGYaz-GK755SKHskgFyL3k4iNTn5o9utRA0-1lPZaRnPtEMp6Cn1h_b1nArXG4QCx7YpzPEAf81sJ3qGgeVthwXeVb19Xg9dPoQ1AfYn7FI8Wsk6eM3WUTtktvXuwEcq5vYCVadpGQG7BjcB4UdTQUh7YCVqoXJKcqto1sLv72wvy0767D03dc1Q_TYIpIchYzGy6oZMJ2tBcfxsPg4odD_emZZa-l3GfQOzaJOVvjq9kUJpLJie1Zzm00hga707miV-3A7zgJnq-NMhPfBKOGNRY4yVDBsmhKb0byxa9J0IXMWr-b98uDROFhFF0CT9KW4tQMB6knE9dOve7NupNsDTlzTHF1K2iiHBdPmoSZxkp7nV0mZprm7VMyQfpN7xm2OC5p-3oWuSjlqZsU2tJ-lLRw07FWoTmv7TwZgluioB087K995ZiSLOXf9CrwmvsTMxye6fQcvNcK95ZxfOUCjU1h-Rp1zRnuXQi3TSHKIlkmPF7Mw0eK1gKVKIB3XG3JHnY6p3Yn-gOLcEt2M31rLA=w600-h390-no\" width=\"600\" height=\"390\" class \/><p class=\"wp-caption-text\"><i>Autoridades, Comerciantes e Amigos presentes no anivers\u00e1rio de MICHEL KARAM no Sal\u00e3o de Festas do HOTEL BRIT\u00c2NIA de sua Propriedade. <\/i><\/p><\/div>\n<div style=\"width: 610px\" class=\"wp-caption aligncenter\"><img loading=\"lazy\" src=\"https:\/\/lh3.googleusercontent.com\/nHdofom2WmXMlTse5jFZclCUm1SzB5Nltt-J_IfCLa7ln3rs9mZVt8UqdeANj5nYh0Bko6bBNnVruS_hiKKmFvjmqgDxmHEubbjmZ7iJcWubOOvtx9ZMcGy5oWf-z3L7g0zHyNtSdi1psmuwarhd35vbkf3P88d9lls7agkfewhjYVufJWSpqPF7vFnSj8El7zIdT0dxh_wqotG1KinUB_8lkiy1f6Rv4m6U5OTAoKHo2z1Ji1CHcOv5R1vM9yT5Awf_4Y8CiQauoF2V1aoOOXnTQgQjyK4tdOt_KuhqUntre5JyD17Edic-_-lgJLyllXUO8ahry41ELggHuqTJTTczykJ77naBHw6CR6zc9fVwmIlJGgbZ-y7FhPUUg6IcpA2D8qLC0aE96ZSNaSR8eUx3DJjaha_gV7Eiji_DOlKrzKP8FlFoxDwYDFkiVK0ROncreG7FqqsMwZWvzKiWHJgXgOOZdi0mcMoXKcvXM_-sjvAdN7RGV5Ad4PvNpMNs_-WxuTD5DgMfozxG165k_dW4ZhqX1TIIM_h69P5bbE2IU95ak0ui0XOQSu592JXKl_K4jbEQtgfZLo1V3QDLKeWBFJyYSC2SE5KLGT7BtfZfNes3243CUQ=w600-h389-no\" width=\"600\" height=\"389\" class \/><p class=\"wp-caption-text\"><i>Anivers\u00e1rio de MICHEL KARAM. Naquela \u00e9poca, nos finais de semana, os SAL\u00d5ES DE BELEZA de ILH\u00c9US ficavam lotados. Observe os Penteados das Madames na \u00e9poca. Fotos clicadas na d\u00e9cada de 1980. <\/i><\/p><\/div>\n<p>\t<b><center> 3) AS FOTOS DESTAQUES DA SEMANA. <\/center><\/b><\/p>\n<div style=\"width: 610px\" class=\"wp-caption aligncenter\"><img loading=\"lazy\" src=\"https:\/\/lh3.googleusercontent.com\/l3p27EC62F8iv5rsspVdQXiNrY9LifKxjj9XUWZYMCh__hEVeZTyzmKoUYrMzoLzPxkX-Mk3DCsQ-6ZoX9QEIuXbbIwUEz8SwMxVxzs8ORzaCfvcmO8RIAIuBLEBJ9lP5mMlwLkbeDU7Y7k0LNuEaG43Yh93_WMHB5NtToXdWcleIDWPI_K7KtGbXQ02obnJgqdW1Jn1S2j0obGp0TzSStvZclIDP8FGqgQ6lZWD68fE24y5ZpuF05p7-yFiLiO9qaWB25V_s_ftndxykIDPwUjn4LWJlVuLAUaqxfo5higsjKiSqRhFjCp7kPbQDy_Zv5KxPDLpOrb4NuD45aeYuxI1ARra242gXdE-hcgMmax-OGx6AMmF6Au_SCQK_qpeD3AsB6kIP0guT-wOlPGpkeB41n4TK5oeC4Me64dbYfpp6ToJ77E2G1MGo-aJeIC9DQl-s1AtbfEN2rDVxQNStY153vnGH7H9v-Odm_RNfgSj78NbcL9USfpWtQhrgduO5vgC4x1dqhHmrogU7XpuD37R3wNpvl9oPZKXzHjR0GoQPHG7HNo8VY7obZZYQfAvpRJ8xpkKzor1HOw4ouzCgS4D-3zAuRZ-nRLDdzU-27hd_BvBYkZIUQ=w600-h402-no\" width=\"600\" height=\"402\" class \/><p class=\"wp-caption-text\"><i>Algu\u00e9m consegue ver o saudoso TREMEND\u00c3O nessa foto? Se voc\u00ea conseguiu, PARAB\u00c9NS! Anivers\u00e1rio de ZEZINHO (3 anos), JOS\u00c9 LEITE DE SOUZA FILHO. (Foto: 12-04-1997). <\/i><\/p><\/div>\n<div style=\"width: 386px\" class=\"wp-caption aligncenter\"><img loading=\"lazy\" src=\"https:\/\/lh3.googleusercontent.com\/0Yh9MB3-BGzvlAojUtZ1CnOUF3MEJziAZnMD1pMRFEafS9a5Y6tygiRbzU6L7hIdj2rhAfDFTvwTeK_HEdK1FsS8A7F-bPzZBLsVgf1veF-Rnb3OOuKt1biUMLOIUVO1tmUTw8s9g_ZlJcnkmXvzvZdLfyvSr8lBMxsgrz-7Hm6MK5m7kn6SgKcLYImXSJDI0WvsbQj84gwRJfckiQpfHVXHTVH9JaE_zkuhsrpg5IeQd7MxyH2WYRAz_ngssjqPZQ_GgEUyWFKr-93D4xag_idcJQNNYnaDL_oB1fkZMLI2bm5oZJH7woS82eYnUEZpaiZQoc7EvxI_Km9Qb1oyHrb0lEc9M6ojTh8AZWDejlPJBiK2br6rK4Zv4mvZ50VueawdR65RTBWJn1M5hVX-tRv2gSqieUgNvLMa6v95JeXiEg_CiUVhTX3p0kCaHYlj6mpNgXTBIFIxF9jIucCB3osfcB8SFKcYg4k_1HXv3Bk2wo4knEfcM4fBks7gMT2CZ6my2BTcSMks6fLI_OShNDx2bAKuTYICKC_M_sVdXbw3kFCGcrArGrB3X6hpve0M3N3XXKXYskMifg5BKO_vbXFGaoqdhEEDINC-IkoSTKzNl_YJsXwizg=w376-h500-no\" width=\"376\" height=\"500\" class \/><p class=\"wp-caption-text\"><i>JOS\u00c9 LEITE e o Poeta CORDELISTA e CANTOR, VIRGULINO DA PARA\u00cdBA. FESTIVAL DE CULTURA POPULAR aconteceu de 26 a 28-01-2017 em ILH\u00c9US. <\/i><\/p><\/div>\n<div style=\"width: 610px\" class=\"wp-caption aligncenter\"><img loading=\"lazy\" src=\"https:\/\/lh3.googleusercontent.com\/8gXf5pjQVWcYCfXhptH4NZ0sGkpsmaDcj1w65qSH5t7hqDIcWoRG6vkN7m5am1kmehHjglobxQ0u5OszFbfWzeJCqc1vDjxV8GIn2DKZL4x9PdgLbzFTGdlWHNLQKSwx69QpXIeYRUfYUjXNytMnPJi4SaZwNXNVi5P1f_Z6BgHBIwdSnM7FERpI-OjBdVP_ZqZjCbnQq2q9DNtWybzvfhWPzIvcW2ctIQc6-puuLl1JPl2oPnhzOjlBonevAv7TTBInZNILcGi-Tl8tpji7PXfHVRRraAT89Dg4SmYafcS7gmay90_y4_v4K7nu1DstHhvBc3j5u-s9nDwk5jkThrU83mUx4FeZToOZhY1I30yPMgn1M_dME8MSkxoEZuszWNpzMvz7R-3HUgaoUG5A1uFxiP7yuXQRlHMxjjOjUj-VJAROVpVtPJEXtK8WXzUrouctVMuVXpxHadQ6iNSNvJHOfidLoPXl0srJwaVJNTyKPPnDv_wDNmrCWINd62HL4OxdYAsG6LrPsjUYgINxyuk0EcKJH6xQLDu1WNuim3shkzkTgeXtnckH-6HWP4oJUj4gkjxfcvGlM2U9rFCObe3k9o8AwPyUaXr8tSgz1BHfnY_lxDLlHA=w600-h500-no\" width=\"600\" height=\"500\" class \/><p class=\"wp-caption-text\"><i>JOS\u00c9 LEITE curtindo as Praias de MUCURI-BA (Foto: 21-01-2017). <\/i><\/p><\/div>\n<div style=\"width: 610px\" class=\"wp-caption aligncenter\"><img loading=\"lazy\" src=\"https:\/\/lh3.googleusercontent.com\/Cuti22fLgb8z3tKOAsC0G9D1RzgMs1MBqN9VA7KBjE8zgjAnHL1bv21Lnuj5TlgmI9TEPrO8PzkQzTYREYgr4-RQDbM4NkyQRFiMn3E7sm6HN0IBx7gnT0FOI8WIDoJ9Q7lGJmWz4KdznQPkNpWNTyy-DoamJOPcfMMh5atfpqvQUhR1LPxrJ2_yhnu8yPqqrqjt4eN9axtzFvtA_WQ9Mw1g_QzED37gc2P5AVKn2QO89a35JuVLUDYeUSSlUx1Ih3OWVYlTdYrKT2BW1VnDYCI1pNWBzyrV6796zK3lAMAemowrtVPChTHp4ZoLMOu2BayQMO2RQoCPdT-XcUWUOCED-ZN8AiLsBr_xC9R41epK8cqQWjCP5tB09OeICzQYrD0zZc0LgI10UM2vHFlpQd_YyIGLirnpF2ihMeP7oHD4WFWqHe-Iag-suq6TPfHb5q-tURfq133NZTZchnJXmUhHLzDeitZ-FLcEmQVmG8K3CoV63FFOYiUY2wMmW_Hxrl6SKJyQt3qQcg065E6-Op49sMUyD5SdClAK0w6eBz8z5v-ICDHEPgjhLU4zmt1GyPu4UOgxPR5kFgOIEtGzP_1ZtuPGR47DThgStvMH5jX6Drb8uYVOkA=w600-h399-no\" width=\"600\" height=\"399\" class \/><p class=\"wp-caption-text\"><i>H\u00e1 10 anos atr\u00e1s era s\u00f3 alegria para uma Grande Empresa Baiana. Foto clicada por JOS\u00c9 LEITE na FEBAN (FEIRA BAIANA DE NEG\u00d3CIOS) promovida pelo SEBRAE e realizada em TEIXEIRA DE FREITAS \u2013 BA em Julho\/2007. Na foto: da esquerda para direita, CLAUDIANA FIGUEIREDO, RICHARD, JORGE CUNHA. DR. NORBERTO ODEBRECHT, PAULO ANDRADE e PAULO MANSO CABRAL. <\/i><\/p><\/div>\n<div style=\"width: 610px\" class=\"wp-caption aligncenter\"><img loading=\"lazy\" src=\"https:\/\/lh3.googleusercontent.com\/aOC4p3GvGz460DC8ib1uJP5g0w9beLzkAIgjryqcvz9kHJRdSvU86veI9jFDZyV6_2sT4dXRnF6SzXGASzK_c_NrvYNE0InHwV3GwakkxhapUSo-wCoN9FRZMyCpRhyw0QoucSjT2hP69Ub3LVrYRnEGeB3MS1TN88K9-BCd0TGMwilefuB6IQDH5BaX2noVw9NyGq0PAdqv3DWfGxPlmZEnnD0uKIP3R0LRKuBOpICCK5tXP_7jRYlYCYZOxFTIZv1xh71IFMgVFPY45zAN3-GnO90e8W82Odls4fJAMENFel-V4XrqXUL8yQJuXkQZmoKEsTL-3f7fxD6f3b4uyoTHWcBRBu3dmdA6542SPcgpPWcVP_2WkuGWqwJmYjvl8rNyUeulZL5gwGqxw2C4f__8xe-1MV0JuUYbcgFjtOGW-djfF2YeSerCtK86Uad4L2sS_rPRTSxZG-EplCWKQDTuh72Tk5Y3PlZS4PrfyM-f4G8JvQXq5cwfMxV2PDY7mM3bgwUVu-ftAnAgozI17HClDyp9SE9VTUDywh5nehOf4DfpslOONE3KJkrMCgKm-v1JXJ1e3K-mMva2KRyIBf1T9afGcM_Y5AUzkdLxHr6TBTUsgxruhg=w600-h435-no\" width=\"600\" height=\"435\" class \/><p class=\"wp-caption-text\"><i>Tem pessoas que v\u00e3o envelhecendo e ficando FEIAS, enquanto outras s\u00e3o como VINHOS, quanto mais envelhecem, mais BONITA ficam. \u00c9 o caso de JOS\u00c9 LEITE. Observe a foto acima de 40 anos atr\u00e1s e compare com a primeira foto da Coluna. <\/i><\/p><\/div>\n<div style=\"width: 610px\" class=\"wp-caption aligncenter\"><img loading=\"lazy\" src=\"https:\/\/lh3.googleusercontent.com\/FtxfQPU3ZXNma1Z-uTfSzNnGIOijB5SBDYfCFF-xvGDlym4jcJ5YoPRyDEXm7RywWhUIJtpVeccCVo2pjzn5hJnaJBZ4y-6Q4IRwRd4sUDZVG0b0kHPchYbCwgCCsWrAoxIwM2d_WvkA09AL7ECZHlJo4A0u7xlL6CceNoGlBZWM_cFKozcVnc61Z7TxETAsQMLGJxz3wj-awFhMbG2lZLKCMejT86qUbn_b8gUaTEkS6f1YiaHMmUBtnJ74anwr9ZeXA1bapQy6Cjv15OoZ7Cg-BWWcR_DuyaWakRQMH2s9S7bn32MEg7i7Bj0gYU5y1WiKZGQ3bLn4Gl7RFJ6Ler_bpwGHBz9PufajS7Wr9XJVuq0rlg8Un_UnCGiq9kQXpI8qfIRZ6qaUtYc_vv5EyUlARdfTWmZiluJiPt68Y4nweg6e2REsOgmb3Er0eRxiZPEPbl40lKw2nsxWYOi2UZd3x193fTDriDI2O5pcYF-riJIGiZ5NK2g8tVQPwaK24vqS1AJkSSYp58wqGpGdc6XXM9uCs2yLYuKd41IdWsbxQLv-rvvY4anmkAg9Cku7Cgc8-P9GZjD9Tn77jQ0VOGHPxsdM13IV-widC_Vm4b1dQikl2lYKxw=w600-h500-no\" width=\"600\" height=\"500\" class \/><p class=\"wp-caption-text\"><i>JOS\u00c9 LEITE e seu amigo BRUNO SUSNAGA (BARRAKITICA) agora com novo visual e mais energia para trabalhar depois de um susto \u00e0 sua fam\u00edlia e nos seus amigos. (Foto: 30-01-2017). <\/i><\/p><\/div>\n<div style=\"width: 610px\" class=\"wp-caption aligncenter\"><img loading=\"lazy\" src=\"https:\/\/lh3.googleusercontent.com\/lGtgXyhUEVFrgss5Jb0s9M_kmJH5JnShN4l9ZVzIS4HusV_Cd7hqJHUzR-nNFvbghTKn4NtJZWzaX80X-KTtSYlFmG46MHnLUtQ14_N2HFeiEU_ZeEIWbahWG8wH-XZW8OGjTOmF_j-LMVqfkZFT3jseaVBSh33_Gtb0uwlc8z_RlWGmu3k9sFHBo7UAGCbtSOO80vl-TUVvxOTHdIPed1TLhGcaoT6W6teCE_4oCxeGfXkyekTwDfZRxOugJhaKYQ09Z9Pc7xRXlLOInUMVBWstgA8AMnQgJyNJt4fVBoyaR0RrUxtTilTuN7zI6dCzLgqJ3uJPHAGHedSFNST8m_qiAeKzXJqy4kxEr25WQ4RhpVXzE62hsm916jeyJTO3_QQ2-fO0jRXkjRUoB6J1FfMJHsmNsY4guksQwb3TP00TI_9rcacEJn9yAbT6BThEtsfeDu3nq6UPtqGaCpvJzBejS9vvUZp0orkcc1avazETrVUBHHFTVP4uzT0yTYq9fQ7jnbI3qtAQ0D8QiM_O0z_7LhbDjKShmLlVLjEfQKFxksE5HRjKs8XxBmtjerZm_rTwkXS0ErSH4oJV67uYmuSmI8HjoQ3R9XLAdOueEQg_LHHn6L4Rxw=w600-h303-no\" width=\"600\" height=\"303\" class \/><p class=\"wp-caption-text\"><i>A localiza\u00e7\u00e3o para um Grande Empreendimento \u00e9 mais do que importante. Conheci o SHOPPING de TEIXEIRA DE FREITAS e achei muito BONITO, mas n\u00e3o gostei do LOCAL. A prova \u00e9, com dois anos de inaugurado, mais de 30% dos espa\u00e7os para lojas continuam FECHADOS at\u00e9 hoje. Na foto acima, JOS\u00c9 LEITE e seu amigo IVAN (20-01-2017). <\/i><\/p><\/div>\n<div style=\"width: 610px\" class=\"wp-caption aligncenter\"><img loading=\"lazy\" src=\"https:\/\/lh3.googleusercontent.com\/IEhcmE9coLYFhSJfMRyqKUdTuBoLGEh-9NHqfItLT9q8DJyYZ4DmA1HkDaggHbGz09JpBT4ALlXNQ7b_n9p6PhCk3sZIG5p4xhlGYm9BC3jtyavtv4EIEL_5zrGif0UD6PscXO-0Z6ouoH6F1ZIP0P2D3k_BUNy8tgPONhf60dQ5HLbkhab_JzJ40SQ9VPCDBhUlt19vH4BIZzGCF3cppWZqAfyHuBR6q9PRGohyKkOAlwKGuVME82kS0RjZnT1-h8_S2vRQyv6v9TEUt6O9RFMFR6Ql5STsbFcrTi7kU1SEx7VDNgm7rbZsR_YkYiMnHAquyLX_esznMJEQt_cEafDjdonmmMWuDwymWwx44QUDgWGpg55nRj2iT7p-Oz-G3Fgne_CjvefExwjtpomIjVDjl4XkIClpf5uxC2zqGKPCSPf116REYgyS5KFJQWUiaH-dcFSvuqBPErEdlQmOG9n8UAf-gimm9aOJEaXNkVtxPMtIOZGSVv_LlN7wcMj6pxRZdmC3h7M-SSP45D6Yg2jq6kQeqhkxbOWFzwqoOHV6ybJ97lmyVH2NbgJsd_J8v_sHe_FkbdRPQ_xhlLC08ev-jxKVCJuGmnTnWCVjRvaqi0hG_ULeWA=w600-h500-no\" width=\"600\" height=\"500\" class \/><p class=\"wp-caption-text\"><i>Anivers\u00e1rio de VERA LEITE: Na foto, JORGE CUNHA, VERA LEITE e TELMA. (Foto: 20-01-2017). <\/i><\/p><\/div>\n<div style=\"width: 610px\" class=\"wp-caption aligncenter\"><img loading=\"lazy\" src=\"https:\/\/lh3.googleusercontent.com\/gxq2f2si72Rb2Nr-7WmR5B7JxqPgQgkVKhSdiSB-xOkYAa3G-c9zUulg98bY7LOGftX7tId3rvG8KCyU6pc8c5MGQb4UfO-aiTpsYSkSNdaDOVwSB5vE4RcgdBLmBQYAqhfMLv2rpNBMPBFECE5PXL-0Nr9FYUI-iBHh1KHnLxR0d37WyUEoY__BOokRlcC8SUb8czzHXF5uaFXW19arR7Bq-xQilpf7kJ7_wOD2hFFjULUZRchZYdz3YjvgkkEmH1Pwy0b19XFnvRJuSh71yGdcXIIWGxV-VhB96Bj6JaIDFAMhEroMJI1z1Dysc5B_pRscBaYNFPfg5_VxZ8QLX52TAXXy0TykAl95KN9ZodK4QKunTlpC2xbo02mtPm7kPBxLHmNETLE9ogTOqx73nvLeoXwe9Po8KBF508n_4I39HmbGUQI7LxFSHl5qfZKiN8reorMO_QUNhmBFIyn4jSqEDXNpxlb0Ogk3Xj-62u0imx9uaVdkBgxpBDLCPr8wLNrMQ7PUBH5l2IA4rJV4iq-pv3-I4DBBuPxD4PcXNKawpgv9mqy5JkkzG7UYf6yWHU5o-bE9vbXZslsrJ9QYBjOLYleDUbUcodjnE4Wu24n6lxCWPNPlRA=w600-h405-no\" width=\"600\" height=\"405\" class \/><p class=\"wp-caption-text\"><i>Pense numa foto que eu ADORO!<br \/>\nJOS\u00c9 LEITE PAI, JOS\u00c9 LEITE FILHO.<br \/>\n(Foto: 12-04-1997). <\/i><br \/><\/p><\/div>\n<p><b><center> E NO MAIS&#8230; <\/center><\/b><\/p>\n<div style=\"width: 439px\" class=\"wp-caption aligncenter\"><img loading=\"lazy\" src=\"https:\/\/lh3.googleusercontent.com\/VaIz6LsMPcwjSts3K-971Yj25Id1dURk9m7IG2muKoXpqmWcWtRaqeJvecqnhIWcwBt-m22SAeycove4YJLGcvCBvnmcEV-3mmZllCvoRRhLEc_5wNnKkmpf98dz5Yll3ScsqktFcecJj-xARkU1G1E-ISWw6OKqycm8z4HOezrZrOBwLxte_dcYMn6JIGI4_xptLrgD4HEGx1e7K-7dQmKcMmdH6RgsHb5H9RLcAXhhTpxG93Rxy5jRcfovxXEFxIeWfI5W5VzZ2zdJb6hcagWe70rGuX4XGWZWzdimK5lIQC4-IRoNXIjip6PvdNAxabVLHUhlF1h4R9dLkI986UgDZBvTiE666szOgnizXAYManRGcj7E5w0xPuuAlIH6QGGEkZss3EZUfZkpHlPZYcvLRHXFvc9RNw9jRX6bThLQbKKF1pTME2S-Qps6N54_3OneUuAawSCVC0CwT_zWz7UoBIl8cC2l4LlVOAUSedRMs7OOaH-qsG70VC7223p3KwzVEaSL1yfypav7IefuvH4hGRG1DByMvUn0ucWtF6eoOR6heJx-XFmHN9fZhA2T1mD64wOtnVTIK0FQ7JLaBOI4BAe4KDdWfVwzgQDbpGbMwy1IgIbx7Q=w429-h500-no\" width=\"429\" height=\"500\" class \/><p class=\"wp-caption-text\"><i>CAMPANHA NATAL DE PR\u00caMIOS 2016 CDL DE JUAZEIRO \u2013 BA. <\/i><\/p><\/div>\n<div style=\"width: 595px\" class=\"wp-caption aligncenter\"><img loading=\"lazy\" src=\"https:\/\/lh3.googleusercontent.com\/5CBbDkx6Pi1U7vAuTwXsuZxJvV-_8S7hT9Gic4F0fI6XE7Lh3GIvDekTYZUnMjB6KSgudwlinibwnmu2mc8saGC-_AaxXad5tKlr5XTw-fxsaZj3XeAlKYVlO5aCwMqLsFP08j5KQlG4mvZKw_OwgmipOm9J2iXh96rU1CBiU_Drmbm2_3qvHAwqZCIO59i7tClVBqqVCe86gPj9Wrns5s1wXP9IhNZgdVXK8VgtfpVpeYDw0kyuMF3_34LYpx2xxl2bFxexAF6ExjT54hi7JQZyVxKUxByFW5WRXdR76B55wZH9AQeAq60zk3yif2QJRNe3Rb38eYZzaaUNkR0Eu6VQmmbvq2J4INs0hIaN7FDvO1R130yABsMz7ZSE-yHlSTJUYKLMFG2Bo83rHX5SwyqFOBhmpb7KxDc0-BPkjMkb4_QhvZybHhknf3pwdFY6UNeQVpK4cKdNO26mlG2Rml0XlG2iCWueIb1ATwTGn9F5ew1gpsqYtviQXaxK79nd8LYLheAycoqGKokVPCHxtNg1KojJOUKC03JFx1ds0ELLsJgHmA5SQ2Itb8-sb5Lw6gmswCB2UEkAhoJqcW-gb54HNHdidkPMCywLD41Fd33w2VvSIs_EQA=w585-h433-no\" width=\"585\" height=\"433\" class \/><p class=\"wp-caption-text\"><i>PROMO\u00c7\u00c3O NATALINA 2016 DO CDL DE CANAVIEIRAS.<br \/>\nSEM COMENT\u00c1RIOS! <\/i><br \/><\/p><\/div>\n<p>&#8212;<br \/>\n<span style=\"color: blue;\"><b>Para ver o BA\u00da da semana passada clique<\/b><a href=\"http:\/\/www.r2cpress.com.br\/v1\/2017\/01\/27\/do-fundo-do-bau-de-jose-leite-271\/\" target=\"_news\"><b> AQUI.<\/b><\/a><\/span><\/p>\n<p>&#8212;<br \/>\nTexto e fotos: Jos\u00e9 Leite de Souza<br \/>\njleitesouza@hotmail.com<br \/>\n(73) 3634-3134<\/p>\n","protected":false},"excerpt":{"rendered":"<p>1) HOMENS QUE AJUDARAM A CIDADE DE ILH\u00c9US A CRESCER. 2) O ANIVERS\u00c1RIO DE MICHAEL KARAM. 3) AS FOTOS DESTAQUES DA SEMANA.<\/p>\n","protected":false},"author":2,"featured_media":0,"comment_status":"open","ping_status":"open","sticky":false,"template":"","format":"standard","meta":{"_links_to":"","_links_to_target":""},"categories":[10],"tags":[],"_links":{"self":[{"href":"https:\/\/www.r2cpress.com.br\/v1\/wp-json\/wp\/v2\/posts\/106564"}],"collection":[{"href":"https:\/\/www.r2cpress.com.br\/v1\/wp-json\/wp\/v2\/posts"}],"about":[{"href":"https:\/\/www.r2cpress.com.br\/v1\/wp-json\/wp\/v2\/types\/post"}],"author":[{"embeddable":true,"href":"https:\/\/www.r2cpress.com.br\/v1\/wp-json\/wp\/v2\/users\/2"}],"replies":[{"embeddable":true,"href":"https:\/\/www.r2cpress.com.br\/v1\/wp-json\/wp\/v2\/comments?post=106564"}],"version-history":[{"count":1,"href":"https:\/\/www.r2cpress.com.br\/v1\/wp-json\/wp\/v2\/posts\/106564\/revisions"}],"predecessor-version":[{"id":106565,"href":"https:\/\/www.r2cpress.com.br\/v1\/wp-json\/wp\/v2\/posts\/106564\/revisions\/106565"}],"wp:attachment":[{"href":"https:\/\/www.r2cpress.com.br\/v1\/wp-json\/wp\/v2\/media?parent=106564"}],"wp:term":[{"taxonomy":"category","embeddable":true,"href":"https:\/\/www.r2cpress.com.br\/v1\/wp-json\/wp\/v2\/categories?post=106564"},{"taxonomy":"post_tag","embeddable":true,"href":"https:\/\/www.r2cpress.com.br\/v1\/wp-json\/wp\/v2\/tags?post=106564"}],"curies":[{"name":"wp","href":"https:\/\/api.w.org\/{rel}","templated":true}]}}