{"id":106581,"date":"2017-02-03T16:07:00","date_gmt":"2017-02-03T19:07:00","guid":{"rendered":"http:\/\/www.r2cpress.com.br\/v1\/?p=106581"},"modified":"2017-02-03T16:07:00","modified_gmt":"2017-02-03T19:07:00","slug":"presidente-da-apae-de-ilheus-e-reeleito-para-o-trienio-20172019","status":"publish","type":"post","link":"https:\/\/www.r2cpress.com.br\/v1\/2017\/02\/03\/presidente-da-apae-de-ilheus-e-reeleito-para-o-trienio-20172019\/","title":{"rendered":"PRESIDENTE DA APAE DE ILH\u00c9US \u00c9 REELEITO PARA O TRI\u00caNIO 2017\/2019"},"content":{"rendered":"<p>Foi realizada a cerim\u00f4nia de posse da Associa\u00e7\u00e3o de Pais e Amigos dos Excepcionais (APAE) de Ilh\u00e9us, no \u00faltimo dia 31 de janeiro, na sede da institui\u00e7\u00e3o, no bairro Hernane S\u00e1. O Presidente do tri\u00eanio 2014-2016, o Coronel Albervan Neves de Almeida foi reeleito para 2017-2019, e a chapa da diretoria eleita conta tamb\u00e9m com mais um novo comandante, o Major Vasco Luiz Santos de Oliveira, assumindo a vice-presid\u00eancia.<\/p>\n<p>O evento, que contou com a presen\u00e7a da comunidade apaeana, como pais, amigos, volunt\u00e1rios, profissionais e a Secretaria de Educa\u00e7\u00e3o do Munic\u00edpio, Eliane Oliveira representada por Mari\u00e2ngela Bahia, foi realizado tamb\u00e9m com a presta\u00e7\u00e3o de contas da gest\u00e3o, feita pela Diretora Geral e Pedag\u00f3gica, Vit\u00f3ria Penalva.<\/p>\n<p>O fundador, Sr. Jos\u00e9 Ribeiro Carneiro, que tamb\u00e9m foi representando a sua esposa e fundadora da Apae de Ilh\u00e9us e Itabuna, a Sra. Maria Pina Leite Carneiro, em sua fala, parabenizou o Presidente Albervan Almeida pela reelei\u00e7\u00e3o e elogiou o trabalho da Diretora Vit\u00f3ria Penalva. &#8220;Sabemos da import\u00e2ncia que \u00e9 compor a diretoria de uma institui\u00e7\u00e3o como essa. A Apae n\u00e3o morrer\u00e1. Est\u00e1 passando por grandes dificuldades, mas est\u00e1 saindo dessa situa\u00e7\u00e3o cr\u00edtica que se encontrava, gra\u00e7as ao grande trabalho que est\u00e1 sendo empreendido&#8221;.<\/p>\n<p>O presidente reeleito, o Coronel Albervan Albervan Almeida, destacou a honra e felicidade em continuar Presidente da institui\u00e7\u00e3o, o trabalho da Diretora Vit\u00f3ria Penalva, e, em tom de contentamento, disse que &#8220;quando a gente n\u00e3o acerta, os erros s\u00e3o nossos, mas quando a gente acerta, tamb\u00e9m distribu\u00edmos os elogios e tudo de bom com toda a equipe. Eu continuo aqui para trabalhar a hora e o dia que voc\u00eas quiserem. A Apae de Ilh\u00e9us \u00e9 nossa&#8221;.<\/p>\n<p> <!--more--><\/p>\n<p>Do 2\u00ba Batalh\u00e3o da Pol\u00edcia Militar de Ilh\u00e9us, o Major Vasco Luiz Santos de Oliveira, que \u00e9 contribuinte e amigo da Apae de Ilh\u00e9us h\u00e1 anos, mostrou sua prontid\u00e3o para atuar em benef\u00edcio da institui\u00e7\u00e3o, enfatizando o apoio e suporte ao Presidente Albervan e a todos apaeanos no que precisarem.<\/p>\n<p>Para a Diretora Vit\u00f3ria, &#8220;jogo que est\u00e1 ganhando, a gente n\u00e3o mexe. Aqui na Apae de Ilh\u00e9us \u00e9 pura miss\u00e3o. Esse lugar \u00e9 de realidade, de arrega\u00e7ar as mangas e trabalhar. A Apae tem que ser uma ponte, onde o outro continua, e essa ponte tem que estar firmada na rocha que \u00e9 Deus&#8221;.<\/p>\n<p>Confira a Chapa eleita para a diretoria do Tri\u00eanio 2017-2019:<\/p>\n<p>PRESIDENTE: Albervan Neves De Almeida<br \/>\nVICE-PRESIDENTE: Vasco Luiz Santos de Oliveira<br \/>\n1\u00aa SECRET\u00c1RIA: Rebeca da Paz Costa<br \/>\n2\u00aa SECRET\u00c1RIA: J\u00e9ssica Santos de Oliveira<br \/>\nDIRETORA FINANCEIRA: Jaldir Ramos Mendon\u00e7a<br \/>\nDIRETORA SOCIAL: Carm\u00e9lia Alves de Melo<br \/>\nDIRETOR DE PATRIM\u00d4NIO: Jos\u00e9 Ribeiro Carneiro<br \/>\nPROCURADOR JUR\u00cdDICO: Luiz Carlos Santos<\/p>\n<p>CONSELHO ADMINISTRATIVO:<br \/>\nLucas Cares De Souza<br \/>\nMarcos Santos Penha<br \/>\nMaria Leite Carneiro<br \/>\nMaria Ala\u00edde De Souza<br \/>\n Adriana De Carvalho Mendes<br \/>\nEdnei Espirito Santo<br \/>\nVera L\u00facia Santos<br \/>\nEulina Almeida<br \/>\nEdvaldo Souto Da Silva<\/p>\n<p>CONSELHO FISCAL:<br \/>\nCris\u00f3stomo Meira Santos<br \/>\nReinan Gomes Dos Santos<br \/>\nZenaide Da Silva Farias<br \/>\nEdith Silva Dos Santos (Suplente)<br \/>\nFranciane Nolasco<br \/>\nAidette Lima Badar\u00f3<\/p>\n<p>Ajude a Apae de Ilh\u00e9us a continuar cumprindo a sua miss\u00e3o. Seja doador e s\u00f3cio contribuinte! Banco do Brasil Ag\u00eancia 0019-1 Cc 55308-5<\/p>\n<p>Acesse: www.facebook.com\/apaeilheus http:\/\/apaeilheus.wixsite.com\/apaeilheus Contato: (73) 3632-3157 apaedeilheus@hotmail.com |  Caminho 1, n\u00ba 64, T\u00e9rreo, Hernane S\u00e1, Ilh\u00e9us-BA. CEP: 45.656-500<\/p>\n<p>CNPJ (MF) 14.802.771\/0001-07 \u2013 UTILIDADE P\u00daBLICA FEDERAL Dec. 91.108\/85 de 12.03.85 &#8211; Registro no CNAS n\u00ba. 239.944\/800-82 Cart\u00f3rio do 1\u00ba Of\u00edcio de T\u00edtulos e Documentos n\u00ba. 18.492 de 01\/08\/80<\/p>\n","protected":false},"excerpt":{"rendered":"<p>Foi realizada a cerim\u00f4nia de posse da Associa\u00e7\u00e3o de Pais e Amigos dos Excepcionais (APAE) de Ilh\u00e9us, no \u00faltimo dia 31 de janeiro, na sede da institui\u00e7\u00e3o, no bairro Hernane S\u00e1. O Presidente do tri\u00eanio 2014-2016, o Coronel Albervan Neves de Almeida foi reeleito para 2017-2019, e a chapa da diretoria eleita conta tamb\u00e9m com [&hellip;]<\/p>\n","protected":false},"author":2,"featured_media":0,"comment_status":"open","ping_status":"open","sticky":false,"template":"","format":"standard","meta":{"_links_to":"","_links_to_target":""},"categories":[8],"tags":[],"_links":{"self":[{"href":"https:\/\/www.r2cpress.com.br\/v1\/wp-json\/wp\/v2\/posts\/106581"}],"collection":[{"href":"https:\/\/www.r2cpress.com.br\/v1\/wp-json\/wp\/v2\/posts"}],"about":[{"href":"https:\/\/www.r2cpress.com.br\/v1\/wp-json\/wp\/v2\/types\/post"}],"author":[{"embeddable":true,"href":"https:\/\/www.r2cpress.com.br\/v1\/wp-json\/wp\/v2\/users\/2"}],"replies":[{"embeddable":true,"href":"https:\/\/www.r2cpress.com.br\/v1\/wp-json\/wp\/v2\/comments?post=106581"}],"version-history":[{"count":2,"href":"https:\/\/www.r2cpress.com.br\/v1\/wp-json\/wp\/v2\/posts\/106581\/revisions"}],"predecessor-version":[{"id":106583,"href":"https:\/\/www.r2cpress.com.br\/v1\/wp-json\/wp\/v2\/posts\/106581\/revisions\/106583"}],"wp:attachment":[{"href":"https:\/\/www.r2cpress.com.br\/v1\/wp-json\/wp\/v2\/media?parent=106581"}],"wp:term":[{"taxonomy":"category","embeddable":true,"href":"https:\/\/www.r2cpress.com.br\/v1\/wp-json\/wp\/v2\/categories?post=106581"},{"taxonomy":"post_tag","embeddable":true,"href":"https:\/\/www.r2cpress.com.br\/v1\/wp-json\/wp\/v2\/tags?post=106581"}],"curies":[{"name":"wp","href":"https:\/\/api.w.org\/{rel}","templated":true}]}}