{"id":106598,"date":"2017-02-03T21:30:10","date_gmt":"2017-02-04T00:30:10","guid":{"rendered":"http:\/\/www.r2cpress.com.br\/v1\/?p=106598"},"modified":"2017-02-03T21:33:31","modified_gmt":"2017-02-04T00:33:31","slug":"algumas-do-dia-24","status":"publish","type":"post","link":"https:\/\/www.r2cpress.com.br\/v1\/2017\/02\/03\/algumas-do-dia-24\/","title":{"rendered":"ALGUMAS DO DIA"},"content":{"rendered":"<h1><span style=\"color: #000000;\">Prazo para inscri\u00e7\u00e3o no Prouni termina\u00a0nesta sexta-feira (3)<\/span><\/h1>\n<p><span style=\"color: #000000;\">As inscri\u00e7\u00f5es para o Programa Universidade para Todos (Prouni) terminam nesta sexta-feira (3), \u00e0s 23h59 (hor\u00e1rio de Bras\u00edlia).\u00a0No total, ser\u00e3o oferecidas 214.110 bolsas de estudos, o que representa o crescimento de 5% no quantitativo, em rela\u00e7\u00e3o ao mesmo per\u00edodo do ano passado quando foram ofertadas 203.602 bolsas. O Prouni concede bolsas de estudo integrais e parciais em cursos de gradua\u00e7\u00e3o em institui\u00e7\u00f5es privadas de educa\u00e7\u00e3o superior de todo o Pa\u00eds. A sele\u00e7\u00e3o dos candidatos \u00e9 feita com base nas notas do Exame Nacional do Ensino M\u00e9dio (Enem).\u00a0As inscri\u00e7\u00f5es podem ser feitas pela internet, no <a style=\"color: #000000;\" href=\"http:\/\/siteprouni.mec.gov.br\/\">site do programa<\/a>.<\/span><\/p>\n<h1 style=\"text-align: right;\">\u00a0<a href=\"http:\/\/www.brasil.gov.br\/educacao\/2017\/02\/prazo-para-inscricao-no-prouni-termina-nesta-sexta-feira-3\">LEIA MAIS<\/a><\/h1>\n<h1><\/h1>\n<h1><span style=\"color: #000000;\"><strong>Matr\u00edculas do Sisu come\u00e7am nesta sexta-feira (3)<\/strong><\/span><\/h1>\n<p>As matr\u00edculas para os selecionados na chamada regular da primeira edi\u00e7\u00e3o do ano do Sistema de Sele\u00e7\u00e3o Unificada (Sisu) come\u00e7am nesta sexta-feira (3) e v\u00e3o at\u00e9 a pr\u00f3xima quarta-feira (8). Os candidatos devem ficar atentos ao cronograma de procedimentos estabelecidos pelas institui\u00e7\u00f5es, j\u00e1 que n\u00e3o haver\u00e1 outra chamada para os selecionados na primeira op\u00e7\u00e3o de curso. No dia 16 de fevereiro, ser\u00e3o convocados os estudantes que integram a lista de espera do Sisu, aqueles que n\u00e3o foram selecionados em nenhuma das op\u00e7\u00f5es na chamada regular e os candidatos selecionados na segunda op\u00e7\u00e3o. Para integrar as listas de espera, o participante deve manifestar interesse at\u00e9 o pr\u00f3ximo dia 10.<\/p>\n<h1 style=\"text-align: right;\">\u00a0<a href=\"http:\/\/www.brasil.gov.br\/educacao\/2017\/02\/matriculas-do-sisu-comecam-nesta-sexta-feira-3\">LEIA MAIS<\/a><\/h1>\n<h1><\/h1>\n<h1><span style=\"color: #000000;\"><strong>Munic\u00edpios afetados pela febre amarela recebem R$ 40 milh\u00f5es<\/strong><\/span><\/h1>\n<p>O Minist\u00e9rio da Sa\u00fade est\u00e1 liberando R$ 40 milh\u00f5es aos munic\u00edpios mais afetados pela febre amarela no Pa\u00eds.\u00a0Desse total, R$ 13,8 milh\u00f5es ser\u00e3o direcionados para 256 munic\u00edpios de cinco estados, como incentivo \u00e0 vacina\u00e7\u00e3o da popula\u00e7\u00e3o contra a doen\u00e7a. As localidades pertencem aos estados de Minas Gerais (MG), Esp\u00edrito Santo (ES), Rio de Janeiro (RJ), Bahia (BA) e S\u00e3o Paulo (SP), que abrangem uma popula\u00e7\u00e3o estimada de 8,6 milh\u00f5es de pessoas.<\/p>\n<h1 style=\"text-align: right;\">\u00a0<a href=\"http:\/\/www.brasil.gov.br\/saude\/2017\/02\/municipios-afetados-pela-febre-amarela-recebem-r-40-milhoes\">LEIA MAIS<\/a><\/h1>\n<h1><\/h1>\n<h1><span style=\"color: #000000;\"><strong>Novo medicamento para artrite reumatoide\u00a0\u00e9 incorporado ao SUS<\/strong><\/span><\/h1>\n<p>Pessoas com artrite reumatoide poder\u00e3o contar com mais um medicamento para tratamento no Sistema \u00danico de Sa\u00fade (SUS), o\u00a0citrato de tofacitinibe. O SUS tem at\u00e9 180 dias para disponibilizar o rem\u00e9dio a todo o Pa\u00eds. A indica\u00e7\u00e3o do medicamento \u00e9 direcionada a pacientes adultos com artrite reumatoide ativa, moderada a grave, com resposta inadequada a um ou mais subst\u00e2ncias modificadoras do curso da doen\u00e7a.<\/p>\n<h1 style=\"text-align: right;\">\u00a0<a href=\"http:\/\/www.brasil.gov.br\/saude\/2017\/02\/novo-medicamento-para-artrite-reumatoide-e-incorporado-ao-sus\">LEIA MAIS<\/a><\/h1>\n<h1><\/h1>\n<h1><span style=\"color: #000000;\"><strong>Plano Nacional de Seguran\u00e7a ter\u00e1 in\u00edcio em tr\u00eas capitais<\/strong><\/span><\/h1>\n<p>As cidades de Natal (RN), Aracaju (SE) e Porto Alegre (RS) foram as capitais escolhidas para in\u00edcio da implanta\u00e7\u00e3o do Plano Nacional de Seguran\u00e7a, do Minist\u00e9rio da Justi\u00e7a e Cidadania. A partir do dia 15 de fevereiro, uma s\u00e9rie de a\u00e7\u00f5es integradas entre o governo federal e o governo do Rio Grande do Norte passa a \u00a0acontecer no combate \u00e0 criminalidade em Natal. O foco ser\u00e1 a redu\u00e7\u00e3o de homic\u00eddios dolosos, feminic\u00eddio e viol\u00eancia contra a mulher, al\u00e9m da moderniza\u00e7\u00e3o do sistema penitenci\u00e1rio\u00a0e combate \u00e0 criminalidade organizada.<\/p>\n<h1 style=\"text-align: right;\">\u00a0<a href=\"http:\/\/www.brasil.gov.br\/saude\/2017\/02\/municipios-afetados-pela-febre-amarela-recebem-r-40-milhoes\">LEIA MAIS<\/a><\/h1>\n<p>&nbsp;<\/p>\n","protected":false},"excerpt":{"rendered":"<p>Prazo para inscri\u00e7\u00e3o no Prouni termina\u00a0nesta sexta-feira (3) As inscri\u00e7\u00f5es para o Programa Universidade para Todos (Prouni) terminam nesta sexta-feira (3), \u00e0s 23h59 (hor\u00e1rio de Bras\u00edlia).\u00a0No total, ser\u00e3o oferecidas 214.110 bolsas de estudos, o que representa o crescimento de 5% no quantitativo, em rela\u00e7\u00e3o ao mesmo per\u00edodo do ano passado quando foram ofertadas 203.602 bolsas. [&hellip;]<\/p>\n","protected":false},"author":2,"featured_media":0,"comment_status":"open","ping_status":"open","sticky":false,"template":"","format":"standard","meta":{"_links_to":"","_links_to_target":""},"categories":[18],"tags":[],"_links":{"self":[{"href":"https:\/\/www.r2cpress.com.br\/v1\/wp-json\/wp\/v2\/posts\/106598"}],"collection":[{"href":"https:\/\/www.r2cpress.com.br\/v1\/wp-json\/wp\/v2\/posts"}],"about":[{"href":"https:\/\/www.r2cpress.com.br\/v1\/wp-json\/wp\/v2\/types\/post"}],"author":[{"embeddable":true,"href":"https:\/\/www.r2cpress.com.br\/v1\/wp-json\/wp\/v2\/users\/2"}],"replies":[{"embeddable":true,"href":"https:\/\/www.r2cpress.com.br\/v1\/wp-json\/wp\/v2\/comments?post=106598"}],"version-history":[{"count":4,"href":"https:\/\/www.r2cpress.com.br\/v1\/wp-json\/wp\/v2\/posts\/106598\/revisions"}],"predecessor-version":[{"id":106602,"href":"https:\/\/www.r2cpress.com.br\/v1\/wp-json\/wp\/v2\/posts\/106598\/revisions\/106602"}],"wp:attachment":[{"href":"https:\/\/www.r2cpress.com.br\/v1\/wp-json\/wp\/v2\/media?parent=106598"}],"wp:term":[{"taxonomy":"category","embeddable":true,"href":"https:\/\/www.r2cpress.com.br\/v1\/wp-json\/wp\/v2\/categories?post=106598"},{"taxonomy":"post_tag","embeddable":true,"href":"https:\/\/www.r2cpress.com.br\/v1\/wp-json\/wp\/v2\/tags?post=106598"}],"curies":[{"name":"wp","href":"https:\/\/api.w.org\/{rel}","templated":true}]}}